{"id":18581,"date":"2013-09-18T19:19:13","date_gmt":"2013-09-18T17:19:13","guid":{"rendered":"\/parlonsen\/?p=18581"},"modified":"2013-09-18T19:19:13","modified_gmt":"2013-09-18T17:19:13","slug":"apprendre-la-danse-trad-a-negrepelisse-82","status":"publish","type":"post","link":"https:\/\/www.o-p-i.fr\/parlonsen\/localisation\/a-cote-de-chez-nous\/apprendre-la-danse-trad-a-negrepelisse-82\/","title":{"rendered":"Apprendre la danse trad &#8230; \u00e0 N\u00e8grepelisse (82)"},"content":{"rendered":"<p style=\"text-align: justify;\">L&rsquo;activit\u00e9 va red\u00e9marrer d\u00e9but Octobre apr\u00e8s une r\u00e9union d&rsquo;information qui se tiendra \u00e0 la salle des f\u00eates de N\u00e8grepelisse le <strong>jeudi 26 septembre 2013 <\/strong>\u00e0 partir de 18h45 .<!--more--><\/p>\n<p style=\"text-align: justify;\">L&rsquo;an pass\u00e9, deux vendredis par mois , une vingtaine de personnes, plus ou moins d\u00e9butantes, se sont retrouv\u00e9es de 19h45 \u00e0 21h 45 et parfois un peu plus tard, dans la bonne humeur mais aussi l&rsquo;\u00e9coute et le s\u00e9rieux, \u00e0 la salle des f\u00eates de N\u00e8grepelisse  pour se familiariser avec les danses occitanes ou traditionnelles.<\/p>\n<p style=\"text-align: justify;\">La pr\u00e9sence d&rsquo;un musicien  habitu\u00e9 \u00e0 ces danses permet de varier la vitesse, de revenir sur certaines parties plus compliqu\u00e9es et donc de rendre cet apprentissage plus facile.<\/p>\n<p style=\"text-align: justify;\">Y ont \u00e9t\u00e9 apprivois\u00e9s les rythmes et les figures des diff\u00e9rentes polkas, bourr\u00e9es, scottishs, mazurkas, rondes, rondeaux  &#8230;. que l&rsquo;on peut retrouver dans les bals trads de la r\u00e9gion .<\/p>\n<p style=\"text-align: justify;\">Cet atelier est plut\u00f4t destin\u00e9 aux d\u00e9butants avec un apprentissage gradu\u00e9 et d\u00e9taill\u00e9 (les danses les plus difficiles, basques, sauts b\u00e9arnais, ne sont pas abord\u00e9es) mais permet \u00e9galement aux personnes plus exp\u00e9riment\u00e9es de reprendre leurs marques face \u00e0 certains d\u00e9tails qui leur auraient \u00e9chapp\u00e9 et \u00e0 tous de passer un moment agr\u00e9able .<\/p>\n<p style=\"text-align: justify;\">Il est ouvert \u00e0 tous sous condition d&rsquo;adh\u00e9sion \u00e0 l&rsquo;association qui porte le projet  (IEO  82 &#8211; Institut d&rsquo;Etudes Occitanes , Association Antonin Perbosc) et une participation aux frais p\u00e9dagogiques.<\/p>\n<p style=\"text-align: justify;\"><strong>Contact\u00a0 : <\/strong>Didier VERGNE<br \/>\nT\u00e9l. : 05 63 30 90 69<\/p>\n<p style=\"text-align: justify;\"><em>Communiqu\u00e9 de Robert Linas<\/em><\/p>\n","protected":false},"excerpt":{"rendered":"<div class=\"mh-excerpt\">L&rsquo;activit\u00e9 va red\u00e9marrer d\u00e9but Octobre apr\u00e8s une r\u00e9union d&rsquo;information qui se tiendra \u00e0 la salle des f\u00eates de N\u00e8grepelisse le jeudi 26 septembre 2013 \u00e0 partir de 18h45 .<\/div>\n","protected":false},"author":2,"featured_media":0,"comment_status":"open","ping_status":"open","sticky":false,"template":"","format":"standard","meta":{"om_disable_all_campaigns":false,"advanced_seo_description":"","jetpack_seo_html_title":"","jetpack_seo_noindex":false,"_jetpack_memberships_contains_paid_content":false,"footnotes":"","_links_to":"","_links_to_target":""},"categories":[42,725,54,53,1859,1906],"tags":[62,84,100,179,474,1706],"class_list":{"0":"post-18581","1":"post","2":"type-post","3":"status-publish","4":"format-standard","6":"category-a-cote-de-chez-nous","7":"category-formation-parlons-en","8":"category-loisirs","9":"category-sports","10":"category-n-89-septembre-2013","11":"category-n-90-octobre-2013","12":"tag-occitan","13":"tag-danse","14":"tag-negrepelisse","15":"tag-cours","16":"tag-trad","17":"tag-bal-traditionnel"},"jetpack_featured_media_url":"","views":{"total":0,"cached_at":"","cached_date":1738515000},"jetpack_likes_enabled":true,"jetpack_sharing_enabled":true,"jetpack_shortlink":"https:\/\/wp.me\/pg7Wxj-4PH","jetpack-related-posts":[],"_links":{"self":[{"href":"https:\/\/www.o-p-i.fr\/parlonsen\/wp-json\/wp\/v2\/posts\/18581","targetHints":{"allow":["GET"]}}],"collection":[{"href":"https:\/\/www.o-p-i.fr\/parlonsen\/wp-json\/wp\/v2\/posts"}],"about":[{"href":"https:\/\/www.o-p-i.fr\/parlonsen\/wp-json\/wp\/v2\/types\/post"}],"author":[{"embeddable":true,"href":"https:\/\/www.o-p-i.fr\/parlonsen\/wp-json\/wp\/v2\/users\/2"}],"replies":[{"embeddable":true,"href":"https:\/\/www.o-p-i.fr\/parlonsen\/wp-json\/wp\/v2\/comments?post=18581"}],"version-history":[{"count":0,"href":"https:\/\/www.o-p-i.fr\/parlonsen\/wp-json\/wp\/v2\/posts\/18581\/revisions"}],"wp:attachment":[{"href":"https:\/\/www.o-p-i.fr\/parlonsen\/wp-json\/wp\/v2\/media?parent=18581"}],"wp:term":[{"taxonomy":"category","embeddable":true,"href":"https:\/\/www.o-p-i.fr\/parlonsen\/wp-json\/wp\/v2\/categories?post=18581"},{"taxonomy":"post_tag","embeddable":true,"href":"https:\/\/www.o-p-i.fr\/parlonsen\/wp-json\/wp\/v2\/tags?post=18581"}],"curies":[{"name":"wp","href":"https:\/\/api.w.org\/{rel}","templated":true}]}}