{"id":1859,"date":"2010-01-23T22:43:18","date_gmt":"2010-01-23T20:43:18","guid":{"rendered":"\/parlonsen\/?p=1859"},"modified":"2010-01-24T11:54:44","modified_gmt":"2010-01-24T09:54:44","slug":"saint-etienne-de-tulmont-gouter-des-aines-offert-par-la-municipalite","status":"publish","type":"post","link":"https:\/\/www.o-p-i.fr\/parlonsen\/parlons-en\/pratique\/saint-etienne-de-tulmont-gouter-des-aines-offert-par-la-municipalite\/","title":{"rendered":"Saint \u00c9tienne de Tulmont. Go\u00fbter des A\u00een\u00e9s offert par la municipalit\u00e9."},"content":{"rendered":"<p style=\"text-align: justify;\">Jeudi, la municipalit\u00e9 et le CCAS avaient convi\u00e9 les A\u00een\u00e9s de la commune \u00e0 un go\u00fbter, une belle f\u00eate qui a r\u00e9uni plus de 160 personnes ! <!--more-->Tous les A\u00een\u00e9s de plus de 60 ans \u00e9taient invit\u00e9s \u00e0 cette apr\u00e8s-midi pendant laquelle on a f\u00eat\u00e9 les A\u00een\u00e9s les plus jeunes Bessac Eliane et Curti Robert, mais aussi les plus \u00e2g\u00e9s avec Th\u00e9r\u00e8se N\u00e9gret 88 ans et Elie Cayzac 94 ans, un ancien agriculteur natif de l&rsquo;Aveyron.<br \/>\nUn interm\u00e8de musical \u00e9tait propos\u00e9 avec des airs d&rsquo;op\u00e9ra interpr\u00e9t\u00e9s magnifiquement par <a title=\"En savoir + (ouvre une nouvelle fen\u00eatre)\" href=\"http:\/\/www.myspace.com\/soniaalejosmolina\" target=\"_blank\">Sonia Al\u00e9jos Molina<\/a>.<\/p>\n<p style=\"text-align: justify;\">Apr\u00e8s la go\u00fbter avec la traditionnelle coque ou galette des rois, moment d&rsquo;\u00e9motion avec la f\u00eate des noces d&rsquo;or : Jacques et Paulette Malbranque (mari\u00e9s le 3 avril 1959), Georges et Francine Gu\u00e9rin ( 13 juin 1959) et deux couples mari\u00e9s le 22 ao\u00fbt 1959: Jean et Odile Dulme, Gilles et Colette Gayrard. Nous leur pr\u00e9sentons tous nos voeux de bonheur et de sant\u00e9.<\/p>\n<p style=\"text-align: justify;\">\n<figure id=\"attachment_1862\" aria-describedby=\"caption-attachment-1862\" style=\"width: 270px\" class=\"wp-caption alignleft\"><img data-recalc-dims=\"1\" loading=\"lazy\" decoding=\"async\" class=\"size-full wp-image-1862\" title=\"Th\u00e9r\u00e8se N\u00e9gret (88 ans) et Elie Cayzac(94 ans) les plus \u00e2g\u00e9s de l'assistance \" src=\"https:\/\/i0.wp.com\/www.o-p-i.fr\/parlonsen\/wp-content\/uploads\/doyen.jpg?resize=270%2C360&#038;ssl=1\" alt=\"Th\u00e9r\u00e8se N\u00e9gret (88 ans) et Elie Cayzac(94 ans) les plus \u00e2g\u00e9s de l'assistance \" width=\"270\" height=\"360\" srcset=\"https:\/\/i0.wp.com\/www.o-p-i.fr\/parlonsen\/wp-content\/uploads\/doyen.jpg?w=450&amp;ssl=1 450w, https:\/\/i0.wp.com\/www.o-p-i.fr\/parlonsen\/wp-content\/uploads\/doyen.jpg?resize=225%2C300&amp;ssl=1 225w\" sizes=\"auto, (max-width: 270px) 100vw, 270px\" \/><figcaption id=\"caption-attachment-1862\" class=\"wp-caption-text\">Th\u00e9r\u00e8se N\u00e9gret (88 ans) et Elie Cayzac(94 ans) les plus \u00e2g\u00e9s de l&#39;assistance <\/figcaption><\/figure>\n<figure id=\"attachment_1865\" aria-describedby=\"caption-attachment-1865\" style=\"width: 270px\" class=\"wp-caption alignleft\"><img data-recalc-dims=\"1\" loading=\"lazy\" decoding=\"async\" class=\"size-full wp-image-1865\" title=\"Les noces d'or : Jacques et Paulette Malbranque\" src=\"https:\/\/i0.wp.com\/www.o-p-i.fr\/parlonsen\/wp-content\/uploads\/guerin1.jpg?resize=270%2C203&#038;ssl=1\" alt=\"Les noces d'or : Jacques et Paulette Malbranque\" width=\"270\" height=\"203\" srcset=\"https:\/\/i0.wp.com\/www.o-p-i.fr\/parlonsen\/wp-content\/uploads\/guerin1.jpg?w=450&amp;ssl=1 450w, https:\/\/i0.wp.com\/www.o-p-i.fr\/parlonsen\/wp-content\/uploads\/guerin1.jpg?resize=300%2C225&amp;ssl=1 300w\" sizes=\"auto, (max-width: 270px) 100vw, 270px\" \/><figcaption id=\"caption-attachment-1865\" class=\"wp-caption-text\">Les noces d&#39;or : Jacques et Paulette Malbranque<\/figcaption><\/figure>\n<p style=\"text-align: justify;\">\n<figure id=\"attachment_1867\" aria-describedby=\"caption-attachment-1867\" style=\"width: 270px\" class=\"wp-caption alignleft\"><img data-recalc-dims=\"1\" loading=\"lazy\" decoding=\"async\" class=\"size-full wp-image-1867\" title=\"Georges et Francine Gu\u00e9rin \" src=\"https:\/\/i0.wp.com\/www.o-p-i.fr\/parlonsen\/wp-content\/uploads\/noces.jpg?resize=270%2C203&#038;ssl=1\" alt=\"Georges et Francine Gu\u00e9rin \" width=\"270\" height=\"203\" srcset=\"https:\/\/i0.wp.com\/www.o-p-i.fr\/parlonsen\/wp-content\/uploads\/noces.jpg?w=450&amp;ssl=1 450w, https:\/\/i0.wp.com\/www.o-p-i.fr\/parlonsen\/wp-content\/uploads\/noces.jpg?resize=300%2C225&amp;ssl=1 300w\" sizes=\"auto, (max-width: 270px) 100vw, 270px\" \/><figcaption id=\"caption-attachment-1867\" class=\"wp-caption-text\">Georges et Francine Gu\u00e9rin <\/figcaption><\/figure>\n<p style=\"text-align: justify;\">\n<figure id=\"attachment_1869\" aria-describedby=\"caption-attachment-1869\" style=\"width: 270px\" class=\"wp-caption alignleft\"><img data-recalc-dims=\"1\" loading=\"lazy\" decoding=\"async\" class=\"size-full wp-image-1869\" title=\"Noces d'or pour deux couples mari\u00e9s le 22 ao\u00fbt 1959: Jean et Odile Dulme et Colette  et Gilles Gayrard Gayrard\" src=\"https:\/\/i0.wp.com\/www.o-p-i.fr\/parlonsen\/wp-content\/uploads\/gouter_stetienne.jpg?resize=270%2C203&#038;ssl=1\" alt=\"Noces d'or pour deux couples mari\u00e9s le 22 ao\u00fbt 1959: Jean et Odile Dulme et Colette  et Gilles Gayrard Gayrard\" width=\"270\" height=\"203\" srcset=\"https:\/\/i0.wp.com\/www.o-p-i.fr\/parlonsen\/wp-content\/uploads\/gouter_stetienne.jpg?w=450&amp;ssl=1 450w, https:\/\/i0.wp.com\/www.o-p-i.fr\/parlonsen\/wp-content\/uploads\/gouter_stetienne.jpg?resize=300%2C225&amp;ssl=1 300w\" sizes=\"auto, (max-width: 270px) 100vw, 270px\" \/><figcaption id=\"caption-attachment-1869\" class=\"wp-caption-text\">Noces d&#39;or pour deux couples mari\u00e9s le 22 ao\u00fbt 1959: Jean et Odile Dulme et Colette  et Gilles Gayrard Gayrard<\/figcaption><\/figure>\n<p>RL<\/p>\n","protected":false},"excerpt":{"rendered":"<div class=\"mh-excerpt\">Jeudi, la municipalit\u00e9 et le CCAS avaient convi\u00e9 les A\u00een\u00e9s de la commune \u00e0 un go\u00fbter, une belle f\u00eate qui a r\u00e9uni plus de 160 personnes !<\/div>\n","protected":false},"author":8,"featured_media":0,"comment_status":"open","ping_status":"open","sticky":false,"template":"","format":"standard","meta":{"om_disable_all_campaigns":false,"advanced_seo_description":"","jetpack_seo_html_title":"","jetpack_seo_noindex":false,"_jetpack_memberships_contains_paid_content":false,"footnotes":"","_links_to":"","_links_to_target":""},"categories":[42,54,6,225],"tags":[186,203,282],"class_list":{"0":"post-1859","1":"post","2":"type-post","3":"status-publish","4":"format-standard","6":"category-a-cote-de-chez-nous","7":"category-loisirs","8":"category-pratique","9":"category-n-45","10":"tag-gouter","11":"tag-saint-etienne-de-tulmont","12":"tag-sonia-alejos-molina"},"jetpack_featured_media_url":"","views":{"total":2,"cached_at":"","cached_date":1738518478},"jetpack_likes_enabled":true,"jetpack_sharing_enabled":true,"jetpack_shortlink":"https:\/\/wp.me\/pg7Wxj-tZ","jetpack-related-posts":[],"_links":{"self":[{"href":"https:\/\/www.o-p-i.fr\/parlonsen\/wp-json\/wp\/v2\/posts\/1859","targetHints":{"allow":["GET"]}}],"collection":[{"href":"https:\/\/www.o-p-i.fr\/parlonsen\/wp-json\/wp\/v2\/posts"}],"about":[{"href":"https:\/\/www.o-p-i.fr\/parlonsen\/wp-json\/wp\/v2\/types\/post"}],"author":[{"embeddable":true,"href":"https:\/\/www.o-p-i.fr\/parlonsen\/wp-json\/wp\/v2\/users\/8"}],"replies":[{"embeddable":true,"href":"https:\/\/www.o-p-i.fr\/parlonsen\/wp-json\/wp\/v2\/comments?post=1859"}],"version-history":[{"count":0,"href":"https:\/\/www.o-p-i.fr\/parlonsen\/wp-json\/wp\/v2\/posts\/1859\/revisions"}],"wp:attachment":[{"href":"https:\/\/www.o-p-i.fr\/parlonsen\/wp-json\/wp\/v2\/media?parent=1859"}],"wp:term":[{"taxonomy":"category","embeddable":true,"href":"https:\/\/www.o-p-i.fr\/parlonsen\/wp-json\/wp\/v2\/categories?post=1859"},{"taxonomy":"post_tag","embeddable":true,"href":"https:\/\/www.o-p-i.fr\/parlonsen\/wp-json\/wp\/v2\/tags?post=1859"}],"curies":[{"name":"wp","href":"https:\/\/api.w.org\/{rel}","templated":true}]}}