{"id":18599,"date":"2013-09-19T12:32:03","date_gmt":"2013-09-19T10:32:03","guid":{"rendered":"\/parlonsen\/?p=18599"},"modified":"2013-09-19T12:32:03","modified_gmt":"2013-09-19T10:32:03","slug":"la-belle-montee-%e2%80%a6-loisirs-et-sports-en-quercy-vert-8","status":"publish","type":"post","link":"https:\/\/www.o-p-i.fr\/parlonsen\/localisation\/au-pays-des-tescous\/saint_nauphary\/la-belle-montee-%e2%80%a6-loisirs-et-sports-en-quercy-vert-8\/","title":{"rendered":"La Belle Mont\u00e9e \u2026 Loisirs et sports en Quercy Vert"},"content":{"rendered":"<p style=\"text-align: justify;\">Voici le programme\u00a0 <strong>du 21 septembre au 27 octobre 2013<\/strong>. <!--more--><\/p>\n<ul style=\"text-align: justify;\">\n<li> <strong>POUR LES MARCHEURS : <\/strong>Les randonn\u00e9es sont maintenues alternativement le samedi et le dimanche apr\u00e8s-midi. Rendez-vous \u00e0 14h00 \u00e0 la Mairie de la Salvetat selon le programme suivant :<\/li>\n<\/ul>\n<p style=\"text-align: justify;\">Samedi 21 septembre : La Salvetat : chemin de d\u00e9couverte, bois de la Garenne et vignes, environ 2h.<\/p>\n<p style=\"text-align: justify;\">Dimanche 29 septembre : Larroque \u2013 2h pour 7 km.<\/p>\n<p style=\"text-align: justify;\">Samedi 5 octobre : Villemur \/Tarn : PR 4 et 5 \u2013 3h30 pour environ 10Km<\/p>\n<p style=\"text-align: justify;\">Dimanche 6 octobre : Rando de la Mutualit\u00e9\u00a0 \u00e0 L\u00e9ribosc commune de l\u2019Honor de Cos \u2013 3 circuits : 13km, 7,1 km, 5,4km. <a title=\"En savoir +\" href=\"https:\/\/www.o-p-i.fr\/parlonsen\/wp-content\/uploads\/randoleribosc2013.pdf\" target=\"_blank\">En savoir +<\/a>.<\/p>\n<p style=\"text-align: justify;\">Dimanche 13 octobre : Le panorama des suquets pr\u00e8s de Penne \u2013 2h30 pour environ 8km.<\/p>\n<p style=\"text-align: justify;\">Samedi 19 octobre: Circuit des cr\u00e8tes \u00e0 Va\u00efssac &#8211; 3h pour 10Km.<\/p>\n<p style=\"text-align: justify;\">Dimanche 27 octobre : St Nauphary, le Fau \u2013 boucle de 3h pour 9,5 km<\/p>\n<ul style=\"text-align: justify;\">\n<li> <strong>POUR LES CYCLISTES SUR ROUTE :<\/strong><\/li>\n<\/ul>\n<p style=\"text-align: justify;\">&#8211; le dimanche matin rendez-vous \u00e0 8h30 \u00e0 la Mairie de La Salvetat. Les parcours seront \u00e9tablis en fonction des participants et de la m\u00e9t\u00e9o (g\u00e9n\u00e9ralement de 60 \u00e0 90 km). En cas de participation \u00e0 des sorties organis\u00e9es par d\u2019autres clubs le lieu de rendez-vous et d\u00e9part pourra changer. En cas de mauvais temps, le jour ou l\u2019heure de d\u00e9part pourront \u00e9galement changer. Renseignements aupr\u00e8s de Jean-Marc, Christophe ou Eric (voir N\u00b0 ci-dessous ou mail).<\/p>\n<p style=\"text-align: justify;\">&#8211; le mercredi apr\u00e8s-midi, d\u00e9part de Verlhac vers 17h00 pour une sortie d\u2019une cinquantaine de kilom\u00e8tres. Renseignements aupr\u00e8s d\u2019Eric ou Christophe (voir N\u00b0 ci-dessous).<\/p>\n<blockquote style=\"text-align: justify;\"><p>En cas de probl\u00e8me  d\u2019encadrement, de m\u00e9t\u00e9o, ou tout autre     impr\u00e9vu, les organisateurs  pourront \u00eatre amen\u00e9s \u00e0 changer le  parcours    initialement pr\u00e9vu, c\u2019est  pourquoi nous vous conseillons de  toujours    venir au point de  rendez-vous \u00e0 la Mairie de la Salvetat.<\/p>\n<p>Vous pouvez \u00e9galement trouver des informations sur le panneau      d\u2019affichage situ\u00e9 \u00e0 c\u00f4t\u00e9 de la porte d\u2019entr\u00e9e de la salle \u00e0 la Mairie de      la Salvetat, ou sur le site internet de l\u2019association \u00e0 l\u2019adresse <a title=\"Ouvre le site dans une nouvelle fen\u00eatre\" href=\"http:\/\/la-belle-montee.clubeo.com\" target=\"_blank\">http:\/\/la-belle-montee.clubeo.com<\/a>.<\/p><\/blockquote>\n<p style=\"text-align: justify;\"><strong>Contacts : <\/strong><a title=\"Cliquez pour ouvrir la fiche dans l'annuaire d'OPI\" href=\"https:\/\/www.o-p-i.fr\/aupays\/annuaire\/loisirs\/la-belle-montee-loisirs-et-sports-en-quercy-vert\/\">La Belle Mont\u00e9e<\/a><\/p>\n<p style=\"text-align: justify;\"><strong>V\u00e9lo : <\/strong><br \/>\nEric VIES<br \/>\nT\u00e9l. : 06 08 88 63 37<br \/>\nChristophe ESCALETTE<br \/>\nT\u00e9l. : 06 84 09 42 99<br \/>\nJean-Marc SANGLA<br \/>\nT\u00e9l. : 05 63 30 34 16<\/p>\n<p style=\"text-align: justify;\"><strong>Marche : <\/strong><br \/>\nGenevi\u00e8ve DOUREL<br \/>\nT\u00e9l. : 06 28 35 48 78<br \/>\nLucienne DAVID<br \/>\nT\u00e9l. : 05 63 30 30 03<\/p>\n<p style=\"text-align: justify;\"><em>Communiqu\u00e9 de Jean Marc\u00a0 Sangla.<\/em><\/p>\n","protected":false},"excerpt":{"rendered":"<div class=\"mh-excerpt\">Voici le programme\u00a0 du 21 septembre au 27 octobre 2013.<\/div>\n","protected":false},"author":2,"featured_media":0,"comment_status":"open","ping_status":"open","sticky":false,"template":"","format":"standard","meta":{"om_disable_all_campaigns":false,"advanced_seo_description":"","jetpack_seo_html_title":"","jetpack_seo_noindex":false,"_jetpack_memberships_contains_paid_content":false,"footnotes":"","_links_to":"","_links_to_target":""},"categories":[42,34,54,53,704,17,1859,1906],"tags":[166,181,1714],"class_list":{"0":"post-18599","1":"post","2":"type-post","3":"status-publish","4":"format-standard","6":"category-a-cote-de-chez-nous","7":"category-salvetat","8":"category-loisirs","9":"category-sports","10":"category-cest-lautomne","11":"category-saint_nauphary","12":"category-n-89-septembre-2013","13":"category-n-90-octobre-2013","14":"tag-randonnee","15":"tag-la-salvetat-belmontet","16":"tag-cyclistes-sur-route"},"jetpack_featured_media_url":"","views":{"total":0,"cached_at":"","cached_date":1738515059},"jetpack_likes_enabled":true,"jetpack_sharing_enabled":true,"jetpack_shortlink":"https:\/\/wp.me\/pg7Wxj-4PZ","jetpack-related-posts":[],"_links":{"self":[{"href":"https:\/\/www.o-p-i.fr\/parlonsen\/wp-json\/wp\/v2\/posts\/18599","targetHints":{"allow":["GET"]}}],"collection":[{"href":"https:\/\/www.o-p-i.fr\/parlonsen\/wp-json\/wp\/v2\/posts"}],"about":[{"href":"https:\/\/www.o-p-i.fr\/parlonsen\/wp-json\/wp\/v2\/types\/post"}],"author":[{"embeddable":true,"href":"https:\/\/www.o-p-i.fr\/parlonsen\/wp-json\/wp\/v2\/users\/2"}],"replies":[{"embeddable":true,"href":"https:\/\/www.o-p-i.fr\/parlonsen\/wp-json\/wp\/v2\/comments?post=18599"}],"version-history":[{"count":0,"href":"https:\/\/www.o-p-i.fr\/parlonsen\/wp-json\/wp\/v2\/posts\/18599\/revisions"}],"wp:attachment":[{"href":"https:\/\/www.o-p-i.fr\/parlonsen\/wp-json\/wp\/v2\/media?parent=18599"}],"wp:term":[{"taxonomy":"category","embeddable":true,"href":"https:\/\/www.o-p-i.fr\/parlonsen\/wp-json\/wp\/v2\/categories?post=18599"},{"taxonomy":"post_tag","embeddable":true,"href":"https:\/\/www.o-p-i.fr\/parlonsen\/wp-json\/wp\/v2\/tags?post=18599"}],"curies":[{"name":"wp","href":"https:\/\/api.w.org\/{rel}","templated":true}]}}