{"id":18634,"date":"2013-09-24T23:30:30","date_gmt":"2013-09-24T21:30:30","guid":{"rendered":"\/parlonsen\/?p=18634"},"modified":"2013-09-25T17:25:20","modified_gmt":"2013-09-25T15:25:20","slug":"les-cours-de-musique-a-monclar-de-quercy-82","status":"publish","type":"post","link":"https:\/\/www.o-p-i.fr\/parlonsen\/localisation\/au-pays-des-tescous\/monclar\/les-cours-de-musique-a-monclar-de-quercy-82\/","title":{"rendered":"Les cours de musique &#8230; \u00e0 Monclar de Quercy (82)"},"content":{"rendered":"<p>Durant le mois de septembre, les enfants des \u00e9coles du Quercy Vert ont b\u00e9n\u00e9fici\u00e9 (ou vont encore b\u00e9n\u00e9ficier) des interventions de professeurs de l&rsquo;Association Cantabile dans les classes<!--more-->, notamment les \u00e9coles de Monclar &#8211; batterie \/percussions, accord\u00e9on, violon \/alto, \u00e9veil musical, guitare ; l&rsquo;\u00e9cole de Genebri\u00e8res &#8211; piano ; l&rsquo;\u00e9cole de L\u00e9ojac &#8211; guitare.<\/p>\n<p style=\"text-align: justify;\">D&rsquo;autres interventions pourront \u00eatre programm\u00e9es afin de pr\u00e9senter aux enfants de la Communaut\u00e9 de communes divers instruments de musique enseign\u00e9s \u00e0 Cantabile. Les professeurs, qualifi\u00e9s et motiv\u00e9s, proposent ces interventions \u00e0 titre gracieux. Un grand int\u00e9r\u00eat que t\u00e9moignent vos enfants et, surtout, de nombreux talents d\u00e9couverts au cours de ces courtes initiations nous montrent un potentiel insoup\u00e7onnable.<\/p>\n<p><em>Les inscriptions aux cours de musique \u00e0 l&rsquo;association continuent jusqu&rsquo;au 31 septembre 2013 aupr\u00e8s de l&rsquo;<a title=\"Cliquez pour ouvrir la fiche dans l'annuaire d'OPI\" href=\"https:\/\/www.o-p-i.fr\/aupays\/annuaire\/loisirs\/association-musicale-cantabile\/\" target=\"_blank\">Association Cantabile<\/a>. <\/em><\/p>\n<p><span style=\"text-decoration: underline;\">Emploi du Temps :<\/span><\/p>\n<ul>\n<li> Violon &#8211; C\u00e9cile Boyer-Borie &#8211; le samedi \u00e0 partir de 14h30<\/li>\n<li> Piano &#8211; Cl\u00e9ment Rousseau &#8211; le mardi fin apr\u00e8s-midi, soir\u00e9e , (le vendredi soir sous r\u00e9serve)<\/li>\n<li> Batterie \/ percussions &#8211; Nicolas Leprince &#8211; le mercredi fin apr\u00e8s-midi, soir\u00e9e<\/li>\n<li> Accord\u00e9on &#8211; Ivan Kara &#8211; le jeudi \/ vendredi fin apr\u00e8s midi, soir\u00e9e<\/li>\n<li> Guitare folk \/ basse &#8211; Jean-Christophe Rome &#8211; le samedi de 9h \u00e0 14h<\/li>\n<li> Eveil musical &#8211; C\u00e9cile Boyer Borie &#8211; le samedi de 16h \u00e0 17h (d\u00e8s 3 ans)<\/li>\n<\/ul>\n<p>Le d\u00e9but des cours aura lieu la premi\u00e8re semaine d&rsquo;octobre. N&rsquo;h\u00e9sitez pas \u00e0 nous contacter pour r\u00e9server vos horaires de cours. L&rsquo;inscription apr\u00e8s le d\u00e9but des cours reste possible sous r\u00e9serve des places disponibles.<\/p>\n<p><strong>Contact : <\/strong><a title=\"Cliquez pour ouvrir la fiche dans l'annuaire d'OPI\" href=\"https:\/\/www.o-p-i.fr\/aupays\/annuaire\/loisirs\/association-musicale-cantabile\/\" target=\"_blank\">Association Cantabile<\/a><\/p>\n<p><em>Communiqu\u00e9 par Cantabile<\/em><\/p>\n","protected":false},"excerpt":{"rendered":"<div class=\"mh-excerpt\">Durant le mois de septembre, les enfants des \u00e9coles du Quercy Vert ont b\u00e9n\u00e9fici\u00e9 (ou vont encore b\u00e9n\u00e9ficier) des interventions de professeurs de l&rsquo;Association Cantabile dans les classes<\/div>\n","protected":false},"author":2,"featured_media":0,"comment_status":"open","ping_status":"open","sticky":false,"template":"","format":"standard","meta":{"om_disable_all_campaigns":false,"advanced_seo_description":"","jetpack_seo_html_title":"","jetpack_seo_noindex":false,"_jetpack_memberships_contains_paid_content":false,"footnotes":"","_links_to":"","_links_to_target":""},"categories":[725,16,54,648,1859],"tags":[143,163,164,179,323,1384,1475,1529,1704],"class_list":{"0":"post-18634","1":"post","2":"type-post","3":"status-publish","4":"format-standard","6":"category-formation-parlons-en","7":"category-monclar","8":"category-loisirs","9":"category-cest-la-rentree","10":"category-n-89-septembre-2013","11":"tag-monclar-de-quercy","12":"tag-musique","13":"tag-percu","14":"tag-cours","15":"tag-enfant","16":"tag-piano","17":"tag-accordeon","18":"tag-guitare","19":"tag-violon"},"jetpack_featured_media_url":"","views":{"total":0,"cached_at":"","cached_date":1738522301},"jetpack_likes_enabled":true,"jetpack_sharing_enabled":true,"jetpack_shortlink":"https:\/\/wp.me\/pg7Wxj-4Qy","jetpack-related-posts":[],"_links":{"self":[{"href":"https:\/\/www.o-p-i.fr\/parlonsen\/wp-json\/wp\/v2\/posts\/18634","targetHints":{"allow":["GET"]}}],"collection":[{"href":"https:\/\/www.o-p-i.fr\/parlonsen\/wp-json\/wp\/v2\/posts"}],"about":[{"href":"https:\/\/www.o-p-i.fr\/parlonsen\/wp-json\/wp\/v2\/types\/post"}],"author":[{"embeddable":true,"href":"https:\/\/www.o-p-i.fr\/parlonsen\/wp-json\/wp\/v2\/users\/2"}],"replies":[{"embeddable":true,"href":"https:\/\/www.o-p-i.fr\/parlonsen\/wp-json\/wp\/v2\/comments?post=18634"}],"version-history":[{"count":0,"href":"https:\/\/www.o-p-i.fr\/parlonsen\/wp-json\/wp\/v2\/posts\/18634\/revisions"}],"wp:attachment":[{"href":"https:\/\/www.o-p-i.fr\/parlonsen\/wp-json\/wp\/v2\/media?parent=18634"}],"wp:term":[{"taxonomy":"category","embeddable":true,"href":"https:\/\/www.o-p-i.fr\/parlonsen\/wp-json\/wp\/v2\/categories?post=18634"},{"taxonomy":"post_tag","embeddable":true,"href":"https:\/\/www.o-p-i.fr\/parlonsen\/wp-json\/wp\/v2\/tags?post=18634"}],"curies":[{"name":"wp","href":"https:\/\/api.w.org\/{rel}","templated":true}]}}