{"id":18674,"date":"2013-09-26T09:18:32","date_gmt":"2013-09-26T07:18:32","guid":{"rendered":"\/parlonsen\/?p=18674"},"modified":"2013-09-25T10:50:52","modified_gmt":"2013-09-25T08:50:52","slug":"les-thes-dansants-ont-repris-a-leojac-82","status":"publish","type":"post","link":"https:\/\/www.o-p-i.fr\/parlonsen\/localisation\/au-pays-des-tescous\/leojac\/les-thes-dansants-ont-repris-a-leojac-82\/","title":{"rendered":"Les th\u00e9s dansants ont repris ! &#8230; \u00e0 L\u00e9ojac (82)"},"content":{"rendered":"<p style=\"text-align: justify;\">Apr\u00e8s une interruption en juillet et ao\u00fbt, les A\u00een\u00e9s de L\u00e9ojac et des environs ont repris l\u2019organisation des th\u00e9s dansants le 3i\u00e8me jeudi du mois.  <!--more--><\/p>\n<p style=\"text-align: justify;\">\n<figure id=\"attachment_18675\" aria-describedby=\"caption-attachment-18675\" style=\"width: 300px\" class=\"wp-caption alignright\"><a href=\"https:\/\/i0.wp.com\/www.o-p-i.fr\/parlonsen\/wp-content\/uploads\/thedansant_leojac4.jpg?ssl=1\"><img data-recalc-dims=\"1\" loading=\"lazy\" decoding=\"async\" class=\"size-medium wp-image-18675\" title=\"Th\u00e9 Dansant \u00e0 L\u00e9ojac - 82\" src=\"https:\/\/i0.wp.com\/www.o-p-i.fr\/parlonsen\/wp-content\/uploads\/thedansant_leojac4.jpg?resize=300%2C203&#038;ssl=1\" alt=\"Th\u00e9 Dansant \u00e0 L\u00e9ojac - 82\" width=\"300\" height=\"203\" srcset=\"https:\/\/i0.wp.com\/www.o-p-i.fr\/parlonsen\/wp-content\/uploads\/thedansant_leojac4.jpg?resize=300%2C203&amp;ssl=1 300w, https:\/\/i0.wp.com\/www.o-p-i.fr\/parlonsen\/wp-content\/uploads\/thedansant_leojac4.jpg?w=800&amp;ssl=1 800w\" sizes=\"auto, (max-width: 300px) 100vw, 300px\" \/><\/a><figcaption id=\"caption-attachment-18675\" class=\"wp-caption-text\">Th\u00e9 Dansant \u00e0 L\u00e9ojac - 82<\/figcaption><\/figure>\n<p>Voici le calendrier concernant les th\u00e9s dansants  et autres animations de l\u2019ann\u00e9e 2013 :<\/p>\n<p style=\"text-align: justify;\">&#8211; Dimanche 29 septembre : Vide greniers <a title=\"Voir l'article dans Parlons En\" href=\"https:\/\/www.o-p-i.fr\/parlonsen\/parlons-en\/commerce\/vide-greniers-des-aines-a-leojac-82\/\" target=\"_blank\">En savoir +<\/a>.<\/p>\n<p style=\"text-align: justify;\">&#8211; Jeudi 17 octobre : Th\u00e9 dansant avec l\u2019orchestre Bellsonic.<\/p>\n<p style=\"text-align: justify;\">&#8211; Lundi 11 novembre : Repas.<\/p>\n<p style=\"text-align: justify;\">&#8211; Jeudi 21 novembre : Th\u00e9 dansant avec Jean Roberty<\/p>\n<p style=\"text-align: justify;\">&#8211; Dimanche 24 novembre : Loto.<\/p>\n<p style=\"text-align: justify;\">&#8211; Jeudi 19 d\u00e9cembre : Th\u00e9 dansant avec Les Copains du Musette.<\/p>\n<p style=\"text-align: justify;\">Horaires des th\u00e9s dansants :<\/p>\n<p style=\"text-align: justify;\">&#8211; P\u00e9riode hiver : de novembre \u00e0 f\u00e9vrier inclus : 14h \u00e0 18h30 ;<\/p>\n<p style=\"text-align: justify;\">&#8211; P\u00e9riode \u00e9t\u00e9 : septembre, octobre, mars, avril, mai, juin : 14h30 \u00e0 19h.<\/p>\n<p style=\"text-align: justify;\"><strong>Contact : <\/strong><br \/>\nT\u00e9l. : : 05 63 63 56 70 ou 05 63 67 55 25<\/p>\n<p style=\"text-align: justify;\"><em>Communiqu\u00e9 par Robert Linas<\/em><\/p>\n","protected":false},"excerpt":{"rendered":"<div class=\"mh-excerpt\">Apr\u00e8s une interruption en juillet et ao\u00fbt, les A\u00een\u00e9s de L\u00e9ojac et des environs ont repris l\u2019organisation des th\u00e9s dansants le 3i\u00e8me jeudi du mois.<\/div>\n","protected":false},"author":2,"featured_media":0,"comment_status":"open","ping_status":"open","sticky":false,"template":"","format":"standard","meta":{"om_disable_all_campaigns":false,"advanced_seo_description":"","jetpack_seo_html_title":"","jetpack_seo_noindex":false,"_jetpack_memberships_contains_paid_content":false,"footnotes":"","_links_to":"","_links_to_target":""},"categories":[30,54,648,1859,1906,1927,1938],"tags":[2553,80,82,1264],"class_list":{"0":"post-18674","1":"post","2":"type-post","3":"status-publish","4":"format-standard","6":"category-leojac","7":"category-loisirs","8":"category-cest-la-rentree","9":"category-n-89-septembre-2013","10":"category-n-90-octobre-2013","11":"category-n-91-novembre-2013","12":"category-n-92-decembre-2013","13":"tag-leojac","14":"tag-the-dansant","15":"tag-aines","16":"tag-programme"},"jetpack_featured_media_url":"","views":{"total":5,"cached_at":"","cached_date":1738522267},"jetpack_likes_enabled":true,"jetpack_sharing_enabled":true,"jetpack_shortlink":"https:\/\/wp.me\/pg7Wxj-4Rc","jetpack-related-posts":[],"_links":{"self":[{"href":"https:\/\/www.o-p-i.fr\/parlonsen\/wp-json\/wp\/v2\/posts\/18674","targetHints":{"allow":["GET"]}}],"collection":[{"href":"https:\/\/www.o-p-i.fr\/parlonsen\/wp-json\/wp\/v2\/posts"}],"about":[{"href":"https:\/\/www.o-p-i.fr\/parlonsen\/wp-json\/wp\/v2\/types\/post"}],"author":[{"embeddable":true,"href":"https:\/\/www.o-p-i.fr\/parlonsen\/wp-json\/wp\/v2\/users\/2"}],"replies":[{"embeddable":true,"href":"https:\/\/www.o-p-i.fr\/parlonsen\/wp-json\/wp\/v2\/comments?post=18674"}],"version-history":[{"count":0,"href":"https:\/\/www.o-p-i.fr\/parlonsen\/wp-json\/wp\/v2\/posts\/18674\/revisions"}],"wp:attachment":[{"href":"https:\/\/www.o-p-i.fr\/parlonsen\/wp-json\/wp\/v2\/media?parent=18674"}],"wp:term":[{"taxonomy":"category","embeddable":true,"href":"https:\/\/www.o-p-i.fr\/parlonsen\/wp-json\/wp\/v2\/categories?post=18674"},{"taxonomy":"post_tag","embeddable":true,"href":"https:\/\/www.o-p-i.fr\/parlonsen\/wp-json\/wp\/v2\/tags?post=18674"}],"curies":[{"name":"wp","href":"https:\/\/api.w.org\/{rel}","templated":true}]}}