{"id":18797,"date":"2013-10-10T19:19:04","date_gmt":"2013-10-10T17:19:04","guid":{"rendered":"\/parlonsen\/?p=18797"},"modified":"2013-10-10T19:19:04","modified_gmt":"2013-10-10T17:19:04","slug":"loto-des-ecolesa-montgaillard-81","status":"publish","type":"post","link":"https:\/\/www.o-p-i.fr\/parlonsen\/localisation\/au-pays-des-tescous\/tauriac\/loto-des-ecolesa-montgaillard-81\/","title":{"rendered":"Loto des \u00e9coles&#8230;\u00e0 Montgaillard (81)"},"content":{"rendered":"<p>Apr\u00e8s la saison des vides greniers, voici revenue celle des lotos. L&rsquo;association des parents d&rsquo;\u00e9l\u00e8ves de Beauvais, Montgaillard, Montvalen et Tauriac vous invite le<strong> samedi 19 octobre 2013<\/strong>, \u00e0 20 h.30, salle des f\u00eates de Montgaillard pour le \u00ab\u00a0Loto des Ecoles\u00a0\u00bb.<\/p>\n<p><!--more--><\/p>\n<figure id=\"attachment_18798\" aria-describedby=\"caption-attachment-18798\" style=\"width: 571px\" class=\"wp-caption aligncenter\"><a href=\"https:\/\/i0.wp.com\/www.o-p-i.fr\/parlonsen\/wp-content\/uploads\/loto-rpi.jpg?ssl=1\"><img data-recalc-dims=\"1\" loading=\"lazy\" decoding=\"async\" class=\"size-full wp-image-18798\" title=\"Loto des \u00e9coles \u00e0 Montgaillard\" src=\"https:\/\/i0.wp.com\/www.o-p-i.fr\/parlonsen\/wp-content\/uploads\/loto-rpi.jpg?resize=571%2C809&#038;ssl=1\" alt=\"Loto des \u00e9coles \u00e0 Montgaillard\" width=\"571\" height=\"809\" srcset=\"https:\/\/i0.wp.com\/www.o-p-i.fr\/parlonsen\/wp-content\/uploads\/loto-rpi.jpg?w=571&amp;ssl=1 571w, https:\/\/i0.wp.com\/www.o-p-i.fr\/parlonsen\/wp-content\/uploads\/loto-rpi.jpg?resize=211%2C300&amp;ssl=1 211w\" sizes=\"auto, (max-width: 571px) 100vw, 571px\" \/><\/a><figcaption id=\"caption-attachment-18798\" class=\"wp-caption-text\">Loto des \u00e9coles \u00e0 Montgaillard<\/figcaption><\/figure>\n<p><em>Communiqu\u00e9 par Michel BRA\u00efDO<\/em><\/p>\n<p><em><a href=\"https:\/\/www.o-p-i.fr\/parlonsen\/agenda\/\"><strong>Retrouvez tous les \u00e9v\u00e9nements dans l&rsquo;agenda !<\/strong><\/a><br \/>\n<\/em><\/p>\n","protected":false},"excerpt":{"rendered":"<div class=\"mh-excerpt\">Apr\u00e8s la saison des vides greniers, voici revenue celle des lotos. L&rsquo;association des parents d&rsquo;\u00e9l\u00e8ves de Beauvais, Montgaillard, Montvalen et Tauriac vous invite le samedi 19 octobre 2013, \u00e0 20 h.30, salle des f\u00eates de <a class=\"mh-excerpt-more\" href=\"https:\/\/www.o-p-i.fr\/parlonsen\/localisation\/au-pays-des-tescous\/tauriac\/loto-des-ecolesa-montgaillard-81\/\" title=\"Loto des \u00e9coles&#8230;\u00e0 Montgaillard (81)\">[&#8230;]<\/a><\/div>\n","protected":false},"author":4,"featured_media":0,"comment_status":"open","ping_status":"open","sticky":false,"template":"","format":"standard","meta":{"om_disable_all_campaigns":false,"advanced_seo_description":"","jetpack_seo_html_title":"","jetpack_seo_noindex":false,"_jetpack_memberships_contains_paid_content":false,"footnotes":"","_links_to":"","_links_to_target":""},"categories":[28,52,54,31,35,704,21,1906],"tags":[193],"class_list":{"0":"post-18797","1":"post","2":"type-post","3":"status-publish","4":"format-standard","6":"category-beauvais-sur-tescou","7":"category-parlons-en","8":"category-loisirs","9":"category-montgaillard","10":"category-montvalen","11":"category-cest-lautomne","12":"category-tauriac","13":"category-n-90-octobre-2013","14":"tag-loto"},"jetpack_featured_media_url":"","views":{"total":1,"cached_at":"","cached_date":1738522203},"jetpack_likes_enabled":true,"jetpack_sharing_enabled":true,"jetpack_shortlink":"https:\/\/wp.me\/pg7Wxj-4Tb","jetpack-related-posts":[],"_links":{"self":[{"href":"https:\/\/www.o-p-i.fr\/parlonsen\/wp-json\/wp\/v2\/posts\/18797","targetHints":{"allow":["GET"]}}],"collection":[{"href":"https:\/\/www.o-p-i.fr\/parlonsen\/wp-json\/wp\/v2\/posts"}],"about":[{"href":"https:\/\/www.o-p-i.fr\/parlonsen\/wp-json\/wp\/v2\/types\/post"}],"author":[{"embeddable":true,"href":"https:\/\/www.o-p-i.fr\/parlonsen\/wp-json\/wp\/v2\/users\/4"}],"replies":[{"embeddable":true,"href":"https:\/\/www.o-p-i.fr\/parlonsen\/wp-json\/wp\/v2\/comments?post=18797"}],"version-history":[{"count":0,"href":"https:\/\/www.o-p-i.fr\/parlonsen\/wp-json\/wp\/v2\/posts\/18797\/revisions"}],"wp:attachment":[{"href":"https:\/\/www.o-p-i.fr\/parlonsen\/wp-json\/wp\/v2\/media?parent=18797"}],"wp:term":[{"taxonomy":"category","embeddable":true,"href":"https:\/\/www.o-p-i.fr\/parlonsen\/wp-json\/wp\/v2\/categories?post=18797"},{"taxonomy":"post_tag","embeddable":true,"href":"https:\/\/www.o-p-i.fr\/parlonsen\/wp-json\/wp\/v2\/tags?post=18797"}],"curies":[{"name":"wp","href":"https:\/\/api.w.org\/{rel}","templated":true}]}}