{"id":18813,"date":"2013-10-08T11:30:48","date_gmt":"2013-10-08T09:30:48","guid":{"rendered":"\/parlonsen\/?p=18813"},"modified":"2013-10-09T11:55:09","modified_gmt":"2013-10-09T09:55:09","slug":"reunion-pour-la-preparation-du-telethon-a-saint-etienne-de-tulmont-82","status":"publish","type":"post","link":"https:\/\/www.o-p-i.fr\/parlonsen\/localisation\/a-cote-de-chez-nous\/reunion-pour-la-preparation-du-telethon-a-saint-etienne-de-tulmont-82\/","title":{"rendered":"R\u00e9union pour la pr\u00e9paration du T\u00e9l\u00e9thon &#8230; \u00e0 Saint Etienne de Tulmont (82)"},"content":{"rendered":"<p style=\"text-align: justify;\">Vous \u00eates tous convi\u00e9s  \u00e0 la r\u00e9union  de pr\u00e9paration du T\u00e9l\u00e9thon qui aura lieu ce <strong>jeudi 10 octobre 2013<\/strong> \u00e0 20h30, salle de la Mairie, pour la pr\u00e9paration du T\u00e9l\u00e9thon 2013 qui se d\u00e9roulera les 7 et 8 d\u00e9cembre.<!--more--><\/p>\n<p style=\"text-align: justify;\">\n<figure id=\"attachment_18814\" aria-describedby=\"caption-attachment-18814\" style=\"width: 150px\" class=\"wp-caption alignright\"><a href=\"https:\/\/i0.wp.com\/www.o-p-i.fr\/parlonsen\/wp-content\/uploads\/telethon_stetiennedetulmont.jpg?ssl=1\"><img data-recalc-dims=\"1\" loading=\"lazy\" decoding=\"async\" class=\"size-thumbnail wp-image-18814\" title=\"T\u00e9l\u00e9thon - Saint Etienne de Tulmont\" src=\"https:\/\/i0.wp.com\/www.o-p-i.fr\/parlonsen\/wp-content\/uploads\/telethon_stetiennedetulmont.jpg?resize=150%2C150&#038;ssl=1\" alt=\"T\u00e9l\u00e9thon - Saint Etienne de Tulmont\" width=\"150\" height=\"150\" srcset=\"https:\/\/i0.wp.com\/www.o-p-i.fr\/parlonsen\/wp-content\/uploads\/telethon_stetiennedetulmont.jpg?resize=150%2C150&amp;ssl=1 150w, https:\/\/i0.wp.com\/www.o-p-i.fr\/parlonsen\/wp-content\/uploads\/telethon_stetiennedetulmont.jpg?zoom=2&amp;resize=150%2C150&amp;ssl=1 300w, https:\/\/i0.wp.com\/www.o-p-i.fr\/parlonsen\/wp-content\/uploads\/telethon_stetiennedetulmont.jpg?zoom=3&amp;resize=150%2C150&amp;ssl=1 450w\" sizes=\"auto, (max-width: 150px) 100vw, 150px\" \/><\/a><figcaption id=\"caption-attachment-18814\" class=\"wp-caption-text\">T\u00e9l\u00e9thon - Saint Etienne de Tulmont<\/figcaption><\/figure>\n<p style=\"text-align: justify;\">Cette r\u00e9union se d\u00e9roulera en pr\u00e9sence de M. Forano, adjoint au Maire, M. Bogino, coordinateur national du T\u00e9l\u00e9thon, M. Bach, coordinateur d\u00e9partemental, M. Sanchez, Pr\u00e9sident du Comit\u00e9 des f\u00eates et organisateur du T\u00e9l\u00e9thon,  et M. J. Ramond, coordinateur \u00e0 St Etienne de Tulmont.<\/p>\n<p style=\"text-align: justify;\">Venez nombreux !<\/p>\n<p style=\"text-align: justify;\"><em>Communiqu\u00e9 par\u00a0 Robert Linas<\/em><\/p>\n","protected":false},"excerpt":{"rendered":"<div class=\"mh-excerpt\">Vous \u00eates tous convi\u00e9s \u00e0 la r\u00e9union de pr\u00e9paration du T\u00e9l\u00e9thon qui aura lieu ce jeudi 10 octobre 2013 \u00e0 20h30, salle de la Mairie, pour la pr\u00e9paration du T\u00e9l\u00e9thon 2013 qui se d\u00e9roulera les <a class=\"mh-excerpt-more\" href=\"https:\/\/www.o-p-i.fr\/parlonsen\/localisation\/a-cote-de-chez-nous\/reunion-pour-la-preparation-du-telethon-a-saint-etienne-de-tulmont-82\/\" title=\"R\u00e9union pour la pr\u00e9paration du T\u00e9l\u00e9thon &#8230; \u00e0 Saint Etienne de Tulmont (82)\">[&#8230;]<\/a><\/div>\n","protected":false},"author":2,"featured_media":0,"comment_status":"open","ping_status":"open","sticky":false,"template":"","format":"standard","meta":{"om_disable_all_campaigns":false,"advanced_seo_description":"","jetpack_seo_html_title":"","jetpack_seo_noindex":false,"_jetpack_memberships_contains_paid_content":false,"footnotes":"","_links_to":"","_links_to_target":""},"categories":[42,91,290,58,291,1906,1938],"tags":[236,2564,203],"class_list":{"0":"post-18813","1":"post","2":"type-post","3":"status-publish","4":"format-standard","6":"category-a-cote-de-chez-nous","7":"category-telethon","8":"category-entraide","9":"category-sante","10":"category-solidarite","11":"category-n-90-octobre-2013","12":"category-n-92-decembre-2013","13":"tag-reunion","14":"tag-telethon","15":"tag-saint-etienne-de-tulmont"},"jetpack_featured_media_url":"","views":{"total":0,"cached_at":"","cached_date":1738514706},"jetpack_likes_enabled":true,"jetpack_sharing_enabled":true,"jetpack_shortlink":"https:\/\/wp.me\/pg7Wxj-4Tr","jetpack-related-posts":[],"_links":{"self":[{"href":"https:\/\/www.o-p-i.fr\/parlonsen\/wp-json\/wp\/v2\/posts\/18813","targetHints":{"allow":["GET"]}}],"collection":[{"href":"https:\/\/www.o-p-i.fr\/parlonsen\/wp-json\/wp\/v2\/posts"}],"about":[{"href":"https:\/\/www.o-p-i.fr\/parlonsen\/wp-json\/wp\/v2\/types\/post"}],"author":[{"embeddable":true,"href":"https:\/\/www.o-p-i.fr\/parlonsen\/wp-json\/wp\/v2\/users\/2"}],"replies":[{"embeddable":true,"href":"https:\/\/www.o-p-i.fr\/parlonsen\/wp-json\/wp\/v2\/comments?post=18813"}],"version-history":[{"count":0,"href":"https:\/\/www.o-p-i.fr\/parlonsen\/wp-json\/wp\/v2\/posts\/18813\/revisions"}],"wp:attachment":[{"href":"https:\/\/www.o-p-i.fr\/parlonsen\/wp-json\/wp\/v2\/media?parent=18813"}],"wp:term":[{"taxonomy":"category","embeddable":true,"href":"https:\/\/www.o-p-i.fr\/parlonsen\/wp-json\/wp\/v2\/categories?post=18813"},{"taxonomy":"post_tag","embeddable":true,"href":"https:\/\/www.o-p-i.fr\/parlonsen\/wp-json\/wp\/v2\/tags?post=18813"}],"curies":[{"name":"wp","href":"https:\/\/api.w.org\/{rel}","templated":true}]}}