{"id":18843,"date":"2013-10-11T17:20:43","date_gmt":"2013-10-11T15:20:43","guid":{"rendered":"\/parlonsen\/?p=18843"},"modified":"2013-10-09T18:03:14","modified_gmt":"2013-10-09T16:03:14","slug":"concours-de-nouvelles-tarn-dadou-ca-repart","status":"publish","type":"post","link":"https:\/\/www.o-p-i.fr\/parlonsen\/parlons-en\/culture\/concours-de-nouvelles-tarn-dadou-ca-repart\/","title":{"rendered":"Concours de nouvelles Tarn &#038; Dadou, \u00e7a repart !"},"content":{"rendered":"<p style=\"text-align: justify;\">Pour la 5e ann\u00e9e cons\u00e9cutive, la communaut\u00e9 de communes Tarn &amp; Dadou et son r\u00e9seau de m\u00e9diath\u00e8ques organise un concours de nouvelles gratuit et ouvert \u00e0 toute personne \u00e9crivant en langue fran\u00e7aise, en collaboration avec le Salon du Livre de Gaillac.<!--more--><\/p>\n<p style=\"text-align: justify;\">\n<figure id=\"attachment_18845\" aria-describedby=\"caption-attachment-18845\" style=\"width: 212px\" class=\"wp-caption alignright\"><a href=\"https:\/\/i0.wp.com\/www.o-p-i.fr\/parlonsen\/wp-content\/uploads\/concoursnouvellested2013.jpg?ssl=1\"><img data-recalc-dims=\"1\" loading=\"lazy\" decoding=\"async\" class=\"size-medium wp-image-18845\" title=\"Concours de Nouvelles Tarn &amp; Dadou 2013\" src=\"https:\/\/i0.wp.com\/www.o-p-i.fr\/parlonsen\/wp-content\/uploads\/concoursnouvellested2013.jpg?resize=212%2C300&#038;ssl=1\" alt=\"Concours de Nouvelles Tarn &amp; Dadou 2013\" width=\"212\" height=\"300\" srcset=\"https:\/\/i0.wp.com\/www.o-p-i.fr\/parlonsen\/wp-content\/uploads\/concoursnouvellested2013.jpg?resize=212%2C300&amp;ssl=1 212w, https:\/\/i0.wp.com\/www.o-p-i.fr\/parlonsen\/wp-content\/uploads\/concoursnouvellested2013.jpg?resize=725%2C1024&amp;ssl=1 725w, https:\/\/i0.wp.com\/www.o-p-i.fr\/parlonsen\/wp-content\/uploads\/concoursnouvellested2013.jpg?w=800&amp;ssl=1 800w\" sizes=\"auto, (max-width: 212px) 100vw, 212px\" \/><\/a><figcaption id=\"caption-attachment-18845\" class=\"wp-caption-text\">Concours de Nouvelles Tarn &amp; Dadou 2013<\/figcaption><\/figure>\n<p style=\"text-align: justify;\">Les participants sont invit\u00e9s \u00e0 \u00e9crire une nouvelle \u00e0 partir des mots r\u00e9dig\u00e9s par Romain Slocombe, parrain du concours de nouvelles 2013-2014 :<\/p>\n<h4 style=\"text-align: justify;\">\u00abD\u00e8s l\u2019entr\u00e9e du train en gare, je l\u2019aper\u00e7us sur le quai : un homme courtaud, au teint sombre, assez mou, portant des lunettes sans monture et v\u00eatu d\u2019un complet infroissable trop juste, dont la pochette s\u2019ornait de toute une collection de stylographes. \u00bb<\/h4>\n<p style=\"text-align: justify;\">\n<p style=\"margin-bottom: 0cm;\">Attention\u00a0: les participants doivent inclure la phrase dans leur texte, \u00e0 l\u2019endroit de leur choix.<\/p>\n<p style=\"margin-bottom: 0cm;\">Les textes doivent nous \u00eatre retourn\u00e9s au plus tard le <strong>samedi 8 f\u00e9vrier 2014 <\/strong>:<\/p>\n<p style=\"margin-bottom: 0cm;\"><strong>&#8211; Par courrier, <\/strong>exemplaire \u00e0 envoyer \u00e0 l&rsquo;adresse suivante :<\/p>\n<p style=\"margin-bottom: 0cm;\">Communaut\u00e9 de communes Tarn &amp; Dadou Concours de nouvelles<br \/>\nBP 133 &#8211; Le Nay \u2013 T\u00e9cou<br \/>\n81604 Gaillac Cedex<\/p>\n<p style=\"margin-bottom: 0cm;\"><strong>&#8211; Par courriel : <\/strong><a href=\"mailto:concoursdenouvelles@media.ted.fr\">concoursdenouvelles@media.ted.fr<\/a><\/p>\n<p style=\"text-align: justify;\">Retrouvez le r\u00e8glement complet du concours dans votre m\u00e9diath\u00e8que ou sur <a title=\"Ouvre le site dans une nouvelle fen\u00eatre\" href=\"http:\/\/media.ted.fr\/\" target=\"_blank\">media.ted.fr<\/a>.<\/p>\n<p style=\"text-align: justify;\"><em>Communiqu\u00e9 de Catherine BRUNET, Chef de service communication Tarn &amp; Dadou<\/em><\/p>\n","protected":false},"excerpt":{"rendered":"<div class=\"mh-excerpt\">Pour la 5e ann\u00e9e cons\u00e9cutive, la communaut\u00e9 de communes Tarn &amp; Dadou et son r\u00e9seau de m\u00e9diath\u00e8ques organise un concours de nouvelles gratuit et ouvert \u00e0 toute personne \u00e9crivant en langue fran\u00e7aise, en collaboration avec <a class=\"mh-excerpt-more\" href=\"https:\/\/www.o-p-i.fr\/parlonsen\/parlons-en\/culture\/concours-de-nouvelles-tarn-dadou-ca-repart\/\" title=\"Concours de nouvelles Tarn &#038; Dadou, \u00e7a repart !\">[&#8230;]<\/a><\/div>\n","protected":false},"author":2,"featured_media":0,"comment_status":"open","ping_status":"open","sticky":false,"template":"","format":"standard","meta":{"om_disable_all_campaigns":false,"advanced_seo_description":"","jetpack_seo_html_title":"","jetpack_seo_noindex":false,"_jetpack_memberships_contains_paid_content":false,"footnotes":"","_links_to":"","_links_to_target":""},"categories":[42,1,54,1906,1927,1938],"tags":[354,613,925,1346],"class_list":{"0":"post-18843","1":"post","2":"type-post","3":"status-publish","4":"format-standard","6":"category-a-cote-de-chez-nous","7":"category-culture","8":"category-loisirs","9":"category-n-90-octobre-2013","10":"category-n-91-novembre-2013","11":"category-n-92-decembre-2013","12":"tag-concours","13":"tag-concours-de-nouvelles","14":"tag-ecriture","15":"tag-tarn-dadou"},"jetpack_featured_media_url":"","views":{"total":0,"cached_at":"","cached_date":1738522439},"jetpack_likes_enabled":true,"jetpack_sharing_enabled":true,"jetpack_shortlink":"https:\/\/wp.me\/pg7Wxj-4TV","jetpack-related-posts":[],"_links":{"self":[{"href":"https:\/\/www.o-p-i.fr\/parlonsen\/wp-json\/wp\/v2\/posts\/18843","targetHints":{"allow":["GET"]}}],"collection":[{"href":"https:\/\/www.o-p-i.fr\/parlonsen\/wp-json\/wp\/v2\/posts"}],"about":[{"href":"https:\/\/www.o-p-i.fr\/parlonsen\/wp-json\/wp\/v2\/types\/post"}],"author":[{"embeddable":true,"href":"https:\/\/www.o-p-i.fr\/parlonsen\/wp-json\/wp\/v2\/users\/2"}],"replies":[{"embeddable":true,"href":"https:\/\/www.o-p-i.fr\/parlonsen\/wp-json\/wp\/v2\/comments?post=18843"}],"version-history":[{"count":0,"href":"https:\/\/www.o-p-i.fr\/parlonsen\/wp-json\/wp\/v2\/posts\/18843\/revisions"}],"wp:attachment":[{"href":"https:\/\/www.o-p-i.fr\/parlonsen\/wp-json\/wp\/v2\/media?parent=18843"}],"wp:term":[{"taxonomy":"category","embeddable":true,"href":"https:\/\/www.o-p-i.fr\/parlonsen\/wp-json\/wp\/v2\/categories?post=18843"},{"taxonomy":"post_tag","embeddable":true,"href":"https:\/\/www.o-p-i.fr\/parlonsen\/wp-json\/wp\/v2\/tags?post=18843"}],"curies":[{"name":"wp","href":"https:\/\/api.w.org\/{rel}","templated":true}]}}