{"id":18858,"date":"2013-10-10T08:14:28","date_gmt":"2013-10-10T06:14:28","guid":{"rendered":"\/parlonsen\/?p=18858"},"modified":"2013-10-09T20:28:01","modified_gmt":"2013-10-09T18:28:01","slug":"exposition-de-lasso-paysart-a-genebrieres-82","status":"publish","type":"post","link":"https:\/\/www.o-p-i.fr\/parlonsen\/parlons-en\/culture\/exposition-de-lasso-paysart-a-genebrieres-82\/","title":{"rendered":"Exposition de l&rsquo;asso Pays&rsquo;ART  &#8230; \u00e0 Genebri\u00e8res (82)"},"content":{"rendered":"<p style=\"text-align: justify;\">L\u2019association Pays\u2019ART install\u00e9e \u00e0 Genebrieres pr\u00e9sente sa premi\u00e8re exposition <strong>du 12 octobre au 31 d\u00e9cembre 2013<\/strong>. <!--more--><\/p>\n<figure id=\"attachment_18859\" aria-describedby=\"caption-attachment-18859\" style=\"width: 222px\" class=\"wp-caption alignright\"><a href=\"https:\/\/i0.wp.com\/www.o-p-i.fr\/parlonsen\/wp-content\/uploads\/affichepaysart.jpg?ssl=1\"><img data-recalc-dims=\"1\" loading=\"lazy\" decoding=\"async\" class=\"size-full wp-image-18859\" title=\"Exposition Pays'ART \u00e0 Genebri\u00e8res\" src=\"https:\/\/i0.wp.com\/www.o-p-i.fr\/parlonsen\/wp-content\/uploads\/affichepaysart.jpg?resize=222%2C314&#038;ssl=1\" alt=\"Exposition Pays'ART \u00e0 Genebri\u00e8res\" width=\"222\" height=\"314\" srcset=\"https:\/\/i0.wp.com\/www.o-p-i.fr\/parlonsen\/wp-content\/uploads\/affichepaysart.jpg?w=222&amp;ssl=1 222w, https:\/\/i0.wp.com\/www.o-p-i.fr\/parlonsen\/wp-content\/uploads\/affichepaysart.jpg?resize=212%2C300&amp;ssl=1 212w\" sizes=\"auto, (max-width: 222px) 100vw, 222px\" \/><\/a><figcaption id=\"caption-attachment-18859\" class=\"wp-caption-text\">Exposition Pays&#39;ART \u00e0 Genebri\u00e8res<\/figcaption><\/figure>\n<h5>Les artistes Jean-Pierre Vigneau et  Alain Mila ainsi que Monsieur Jos\u00e9 Forano, membre d&rsquo;honneur de l&rsquo;association, pr\u00e9senteront leurs cr\u00e9ations du 12 octobre au 31 d\u00e9cembre 2013  \u00e0 l\u2019espace Pays\u2019ART, Lieu dit Le bourg \u00e0 Genebri\u00e8res.<\/h5>\n<h5>Vernissage le samedi\u00a0 12 octobre\u00a0 \u00e0 18h30<\/h5>\n<p><strong>LE PROJET Pays&rsquo;ART<\/strong> &#8211; <em>Promouvoir les Arts en milieu rural<\/em><\/p>\n<p style=\"text-align: justify;\">Le si\u00e8ge de l&rsquo;association est situ\u00e9 dans le Tarn-et-Garonne (82) \u00e0 Genebri\u00e8res dans un local de 70 m\u00b2 mis \u00e0 disposition gracieusement par la Mairie de Genebri\u00e8res.<\/p>\n<p style=\"text-align: justify;\">Dans cet espace, Pays&rsquo;ART organise tous les trimestres des expositions de peinture, sculpture, photographie et autres cr\u00e9ations contemporaines. Un comit\u00e9 de s\u00e9lection choisi les artistes professionnels confirm\u00e9s ou en voie de professionnalisation qui exposent. La volont\u00e9 de l&rsquo;association est de faire une vraie proposition artistique de qualit\u00e9. Chaque exposition sera inaugur\u00e9e par un vernissage auquel seront invit\u00e9s tous les acteurs culturels, institutionnels et priv\u00e9s locaux ainsi que les membres de l&rsquo;association.<\/p>\n<p><strong> Contact : <\/strong>Pays&rsquo;ART<br \/>\nT\u00e9l. : 07 81 06 31 11<br \/>\nCourriel : <a href=\"mailto:contact@paysart.fr\">contact@paysart.fr<\/a><br \/>\nSite : <a title=\"Ouvre le site dans une nouvelle fen\u00eatre\" href=\"http:\/\/www.paysart.fr\" target=\"_blank\">www.paysart.fr<\/a><\/p>\n<p><em>Communiqu\u00e9 par Corinne Trevisan, Charg\u00e9e de Communication Syndicat Mixte du Pays Midi-Quercy<\/em><\/p>\n","protected":false},"excerpt":{"rendered":"<div class=\"mh-excerpt\">L\u2019association Pays\u2019ART install\u00e9e \u00e0 Genebrieres pr\u00e9sente sa premi\u00e8re exposition du 12 octobre au 31 d\u00e9cembre 2013.<\/div>\n","protected":false},"author":2,"featured_media":0,"comment_status":"open","ping_status":"open","sticky":false,"template":"","format":"standard","meta":{"om_disable_all_campaigns":false,"advanced_seo_description":"","jetpack_seo_html_title":"","jetpack_seo_noindex":false,"_jetpack_memberships_contains_paid_content":false,"footnotes":"","_links_to":"","_links_to_target":""},"categories":[1,29,54,1906,1927,1938],"tags":[121,172,2552],"class_list":{"0":"post-18858","1":"post","2":"type-post","3":"status-publish","4":"format-standard","6":"category-culture","7":"category-genebrieres","8":"category-loisirs","9":"category-n-90-octobre-2013","10":"category-n-91-novembre-2013","11":"category-n-92-decembre-2013","12":"tag-association","13":"tag-exposition","14":"tag-genebrieres"},"jetpack_featured_media_url":"","views":{"total":4,"cached_at":"","cached_date":1738508559},"jetpack_likes_enabled":true,"jetpack_sharing_enabled":true,"jetpack_shortlink":"https:\/\/wp.me\/pg7Wxj-4Ua","jetpack-related-posts":[],"_links":{"self":[{"href":"https:\/\/www.o-p-i.fr\/parlonsen\/wp-json\/wp\/v2\/posts\/18858","targetHints":{"allow":["GET"]}}],"collection":[{"href":"https:\/\/www.o-p-i.fr\/parlonsen\/wp-json\/wp\/v2\/posts"}],"about":[{"href":"https:\/\/www.o-p-i.fr\/parlonsen\/wp-json\/wp\/v2\/types\/post"}],"author":[{"embeddable":true,"href":"https:\/\/www.o-p-i.fr\/parlonsen\/wp-json\/wp\/v2\/users\/2"}],"replies":[{"embeddable":true,"href":"https:\/\/www.o-p-i.fr\/parlonsen\/wp-json\/wp\/v2\/comments?post=18858"}],"version-history":[{"count":0,"href":"https:\/\/www.o-p-i.fr\/parlonsen\/wp-json\/wp\/v2\/posts\/18858\/revisions"}],"wp:attachment":[{"href":"https:\/\/www.o-p-i.fr\/parlonsen\/wp-json\/wp\/v2\/media?parent=18858"}],"wp:term":[{"taxonomy":"category","embeddable":true,"href":"https:\/\/www.o-p-i.fr\/parlonsen\/wp-json\/wp\/v2\/categories?post=18858"},{"taxonomy":"post_tag","embeddable":true,"href":"https:\/\/www.o-p-i.fr\/parlonsen\/wp-json\/wp\/v2\/tags?post=18858"}],"curies":[{"name":"wp","href":"https:\/\/api.w.org\/{rel}","templated":true}]}}