{"id":18913,"date":"2013-10-15T10:36:16","date_gmt":"2013-10-15T08:36:16","guid":{"rendered":"\/parlonsen\/?p=18913"},"modified":"2013-10-16T10:43:59","modified_gmt":"2013-10-16T08:43:59","slug":"cours-de-do-in-a-monclar-de-quercy-82","status":"publish","type":"post","link":"https:\/\/www.o-p-i.fr\/parlonsen\/localisation\/au-pays-des-tescous\/monclar\/cours-de-do-in-a-monclar-de-quercy-82\/","title":{"rendered":"Cours de DO IN &#8230; \u00e0 Monclar de Quercy (82)"},"content":{"rendered":"<p style=\"text-align: justify;\">L&rsquo;association Vivencia, arts de bien-\u00eatre, organise <strong>\u00e0 partir du Mercredi 16 octobre 2013<\/strong> et tous les mercredis des cours de Do In \u00e0 Monclar de Quercy. <!--more--><\/p>\n<p style=\"text-align: justify;\">DO IN : Gymnastique douce par automassages, \u00e9tirements, assouplissements et digito-pression d&rsquo;origine japonaise. Tensions lib\u00e9r\u00e9es, \u00e9nergie retrouv\u00e9e !<\/p>\n<p>Le mercredi de 10h \u00e0 11h \u00e0 partir du 16 octobre \u00e0 la Salle des F\u00eates sous le groupe scolaire \u00ab La Rose des Vents \u00bb.<\/p>\n<figure id=\"attachment_18914\" aria-describedby=\"caption-attachment-18914\" style=\"width: 234px\" class=\"wp-caption alignright\"><a href=\"https:\/\/i0.wp.com\/www.o-p-i.fr\/parlonsen\/wp-content\/uploads\/doin.jpg?ssl=1\"><img data-recalc-dims=\"1\" loading=\"lazy\" decoding=\"async\" class=\"size-full wp-image-18914\" title=\"Do In\" src=\"https:\/\/i0.wp.com\/www.o-p-i.fr\/parlonsen\/wp-content\/uploads\/doin.jpg?resize=234%2C146&#038;ssl=1\" alt=\"Do In\" width=\"234\" height=\"146\" \/><\/a><figcaption id=\"caption-attachment-18914\" class=\"wp-caption-text\">Do In<\/figcaption><\/figure>\n<p><strong>Pour y aller &#8230;<\/strong><br \/>\n<a title=\"Ouvre le plan dans une nouvelle fen\u00eatre\" href=\"https:\/\/maps.google.fr\/maps?q=Boulevard+des+%C3%A9coles+82230+Monclar+de+Quercy&amp;ie=UTF8&amp;oe=utf-8&amp;client=firefox-a&amp;hnear=Boulevard+des+%C3%89coles,+82230+Monclar-de-Quercy,+Tarn-et-Garonne,+Midi-Pyr%C3%A9n%C3%A9es&amp;gl=fr&amp;t=m&amp;z=16\" target=\"_blank\">Boulevard des \u00e9coles<br \/>\n82230 Monclar de Quercy <\/a><\/p>\n<p><strong>Tarifs : <\/strong><br \/>\n1 an : 100 EUR<br \/>\nA la carte : 5 EUR<br \/>\nAdh\u00e9sion : 20 EUR<\/p>\n<p>1\u00e8re s\u00e9ance gratuite<\/p>\n<p><strong>Contact :<\/strong> Catherine CHAUBET<br \/>\nT\u00e9l. : 06 23 69 99 34 &#8211; 05 63 30 77 02<\/p>\n<p><em>Communiqu\u00e9 par Catherine Chaubet<\/em><\/p>\n","protected":false},"excerpt":{"rendered":"<div class=\"mh-excerpt\">L&rsquo;association Vivencia, arts de bien-\u00eatre, organise \u00e0 partir du Mercredi 16 octobre 2013 et tous les mercredis des cours de Do In \u00e0 Monclar de Quercy.<\/div>\n","protected":false},"author":2,"featured_media":0,"comment_status":"open","ping_status":"open","sticky":false,"template":"","format":"standard","meta":{"om_disable_all_campaigns":false,"advanced_seo_description":"","jetpack_seo_html_title":"","jetpack_seo_noindex":false,"_jetpack_memberships_contains_paid_content":false,"footnotes":"","_links_to":"","_links_to_target":""},"categories":[16,54,58,1906],"tags":[88,89,143,1948],"class_list":{"0":"post-18913","1":"post","2":"type-post","3":"status-publish","4":"format-standard","6":"category-monclar","7":"category-loisirs","8":"category-sante","9":"category-n-90-octobre-2013","10":"tag-massage","11":"tag-bien-etre","12":"tag-monclar-de-quercy","13":"tag-do-in"},"jetpack_featured_media_url":"","views":{"total":0,"cached_at":"","cached_date":1738522372},"jetpack_likes_enabled":true,"jetpack_sharing_enabled":true,"jetpack_shortlink":"https:\/\/wp.me\/pg7Wxj-4V3","jetpack-related-posts":[],"_links":{"self":[{"href":"https:\/\/www.o-p-i.fr\/parlonsen\/wp-json\/wp\/v2\/posts\/18913","targetHints":{"allow":["GET"]}}],"collection":[{"href":"https:\/\/www.o-p-i.fr\/parlonsen\/wp-json\/wp\/v2\/posts"}],"about":[{"href":"https:\/\/www.o-p-i.fr\/parlonsen\/wp-json\/wp\/v2\/types\/post"}],"author":[{"embeddable":true,"href":"https:\/\/www.o-p-i.fr\/parlonsen\/wp-json\/wp\/v2\/users\/2"}],"replies":[{"embeddable":true,"href":"https:\/\/www.o-p-i.fr\/parlonsen\/wp-json\/wp\/v2\/comments?post=18913"}],"version-history":[{"count":0,"href":"https:\/\/www.o-p-i.fr\/parlonsen\/wp-json\/wp\/v2\/posts\/18913\/revisions"}],"wp:attachment":[{"href":"https:\/\/www.o-p-i.fr\/parlonsen\/wp-json\/wp\/v2\/media?parent=18913"}],"wp:term":[{"taxonomy":"category","embeddable":true,"href":"https:\/\/www.o-p-i.fr\/parlonsen\/wp-json\/wp\/v2\/categories?post=18913"},{"taxonomy":"post_tag","embeddable":true,"href":"https:\/\/www.o-p-i.fr\/parlonsen\/wp-json\/wp\/v2\/tags?post=18913"}],"curies":[{"name":"wp","href":"https:\/\/api.w.org\/{rel}","templated":true}]}}