{"id":19090,"date":"2013-10-31T10:22:09","date_gmt":"2013-10-31T08:22:09","guid":{"rendered":"\/parlonsen\/?p=19090"},"modified":"2013-12-17T14:35:47","modified_gmt":"2013-12-17T12:35:47","slug":"la-belle-montee-%e2%80%a6-loisirs-et-sports-en-quercy-vert-9","status":"publish","type":"post","link":"https:\/\/www.o-p-i.fr\/parlonsen\/localisation\/au-pays-des-tescous\/salvetat\/la-belle-montee-%e2%80%a6-loisirs-et-sports-en-quercy-vert-9\/","title":{"rendered":"La Belle Mont\u00e9e \u2026 Loisirs et sports en Quercy Vert"},"content":{"rendered":"<p>Voici le programme\u00a0 <strong>du 3 novembre au 22 d\u00e9cembre 2013<\/strong>. <!--more--><\/p>\n<h5 style=\"text-align: center;\"><strong>Samedi 16 novembre :<\/strong> assembl\u00e9e g\u00e9n\u00e9rale de l\u2019association 18h, salle   annexe de la mairie.<\/h5>\n<h5 style=\"text-align: center;\">Lors de l\u2019inscription pour la licence n\u2019oubliez pas le certificat m\u00e9dical !<\/h5>\n<ul>\n<li> <strong>POUR LES MARCHEURS<\/strong> : Les randonn\u00e9es sont maintenues alternativement le samedi et le dimanche apr\u00e8s-midi. Rendez-vous \u00e0 14h00 \u00e0 la Mairie de la Salvetat selon le programme suivant.<\/li>\n<\/ul>\n<p><strong>Dimanche 3 novembre :<\/strong> Va\u00efssac \u2013 PR4 : circuit vers le lac du Gouyre : 6km, 1h30<\/p>\n<p><strong>Samedi 9 novembre :<\/strong> Villemur\/Tarn : circuit au bord du Tarn vers la Colombe : 6,1km, 1h30<\/p>\n<p><strong>Dimanche 17 novembre : <\/strong>N\u00e9grepelisse : circuit de la bastide : 7,4km, 2h<\/p>\n<p><strong>Samedi 23 novembre : <\/strong>L\u00e9ojac : boucle de St martial, les Caussades, les Chaumes : 9km, 2h30<\/p>\n<p><strong>Dimanche 1er d\u00e9cembre: <\/strong>Villemur\/Tarn : circuit de Bondigoux : 9km, 2h30<\/p>\n<p><strong>Samedi 7 d\u00e9cembre :<\/strong> Montricoux : la fontaine d\u2019Embarre \u2013 7km, 2h<\/p>\n<p><strong>Dimanche 15 d\u00e9cembre : <\/strong>La Salvetat \u2013 boucle vers le chemin de la Vinouse : 6km, 1h30<\/p>\n<p><strong>Samedi 21 d\u00e9cembre :<\/strong> Circuit  d\u00e9couverte de Montauban et visite du march\u00e9 de No\u00ebl<\/p>\n<ul>\n<li> <strong>POUR LES CYCLISTES SUR ROUTE <\/strong>:<\/li>\n<\/ul>\n<p>&#8211; le dimanche matin rendez-vous <strong>\u00e0 8h30 \u00e0 la Mairie de La Salvetat<\/strong>. Les parcours seront \u00e9tablis en fonction des participants et de la m\u00e9t\u00e9o (g\u00e9n\u00e9ralement de 60 \u00e0 90 km). En cas de participation \u00e0 des sorties organis\u00e9es par d\u2019autres clubs le lieu de rendez-vous et d\u00e9part pourra changer. En cas de mauvais temps, le jour ou l\u2019heure de d\u00e9part pourront \u00e9galement changer.<\/p>\n<blockquote style=\"text-align: justify;\"><p>En cas de probl\u00e8me   d\u2019encadrement, de m\u00e9t\u00e9o, ou tout autre     impr\u00e9vu, les organisateurs   pourront \u00eatre amen\u00e9s \u00e0 changer le  parcours    initialement pr\u00e9vu, c\u2019est   pourquoi nous vous conseillons de  toujours    venir au point de   rendez-vous \u00e0 la Mairie de la Salvetat.<\/p>\n<p>Vous pouvez \u00e9galement trouver des informations sur le panneau       d\u2019affichage situ\u00e9 \u00e0 c\u00f4t\u00e9 de la porte d\u2019entr\u00e9e de la salle \u00e0 la Mairie de       la Salvetat, ou sur le site internet de l\u2019association \u00e0 l\u2019adresse <a title=\"Ouvre le site dans une nouvelle fen\u00eatre\" href=\"http:\/\/la-belle-montee.clubeo.com\" target=\"_blank\">http:\/\/la-belle-montee.clubeo.com<\/a>.<\/p><\/blockquote>\n<p style=\"text-align: justify;\"><strong>Contacts : <\/strong><a title=\"Cliquez pour ouvrir la fiche dans l'annuaire d'OPI\" href=\"https:\/\/www.o-p-i.fr\/aupays\/annuaire\/loisirs\/la-belle-montee-loisirs-et-sports-en-quercy-vert\/\">La Belle Mont\u00e9e<\/a><\/p>\n<p style=\"text-align: justify;\"><strong>V\u00e9lo : <\/strong><br \/>\nEric VIES<br \/>\nT\u00e9l. : 06 08 88 63 37<br \/>\nChristophe ESCALETTE<br \/>\nT\u00e9l. : 06 84 09 42 99<br \/>\nJean-Marc SANGLA<br \/>\nT\u00e9l. : 05 63 30 34 16<\/p>\n<p style=\"text-align: justify;\"><strong>Marche : <\/strong><br \/>\nGenevi\u00e8ve DOUREL<br \/>\nT\u00e9l. : 06 28 35 48 78<br \/>\nLucienne DAVID<br \/>\nT\u00e9l. : 05 63 30 30 03<\/p>\n<p style=\"text-align: justify;\"><em>Communiqu\u00e9 de Jean Marc\u00a0 Sangla.<\/em><\/p>\n","protected":false},"excerpt":{"rendered":"<div class=\"mh-excerpt\">Voici le programme\u00a0 du 3 novembre au 22 d\u00e9cembre 2013.<\/div>\n","protected":false},"author":2,"featured_media":0,"comment_status":"open","ping_status":"open","sticky":false,"template":"","format":"standard","meta":{"om_disable_all_campaigns":false,"advanced_seo_description":"","jetpack_seo_html_title":"","jetpack_seo_noindex":false,"_jetpack_memberships_contains_paid_content":false,"footnotes":"","_links_to":"","_links_to_target":""},"categories":[34,54,53,1927,1938],"tags":[2553,99,100,166,181,315,450,538,762,1714],"class_list":{"0":"post-19090","1":"post","2":"type-post","3":"status-publish","4":"format-standard","6":"category-salvetat","7":"category-loisirs","8":"category-sports","9":"category-n-91-novembre-2013","10":"category-n-92-decembre-2013","11":"tag-leojac","12":"tag-montauban","13":"tag-negrepelisse","14":"tag-randonnee","15":"tag-la-salvetat-belmontet","16":"tag-vaissac","17":"tag-villemur-sur-tarn","18":"tag-montricoux","19":"tag-randonnee-pedestre","20":"tag-cyclistes-sur-route"},"jetpack_featured_media_url":"","views":{"total":0,"cached_at":"","cached_date":1738392053},"jetpack_likes_enabled":true,"jetpack_sharing_enabled":true,"jetpack_shortlink":"https:\/\/wp.me\/pg7Wxj-4XU","jetpack-related-posts":[],"_links":{"self":[{"href":"https:\/\/www.o-p-i.fr\/parlonsen\/wp-json\/wp\/v2\/posts\/19090","targetHints":{"allow":["GET"]}}],"collection":[{"href":"https:\/\/www.o-p-i.fr\/parlonsen\/wp-json\/wp\/v2\/posts"}],"about":[{"href":"https:\/\/www.o-p-i.fr\/parlonsen\/wp-json\/wp\/v2\/types\/post"}],"author":[{"embeddable":true,"href":"https:\/\/www.o-p-i.fr\/parlonsen\/wp-json\/wp\/v2\/users\/2"}],"replies":[{"embeddable":true,"href":"https:\/\/www.o-p-i.fr\/parlonsen\/wp-json\/wp\/v2\/comments?post=19090"}],"version-history":[{"count":0,"href":"https:\/\/www.o-p-i.fr\/parlonsen\/wp-json\/wp\/v2\/posts\/19090\/revisions"}],"wp:attachment":[{"href":"https:\/\/www.o-p-i.fr\/parlonsen\/wp-json\/wp\/v2\/media?parent=19090"}],"wp:term":[{"taxonomy":"category","embeddable":true,"href":"https:\/\/www.o-p-i.fr\/parlonsen\/wp-json\/wp\/v2\/categories?post=19090"},{"taxonomy":"post_tag","embeddable":true,"href":"https:\/\/www.o-p-i.fr\/parlonsen\/wp-json\/wp\/v2\/tags?post=19090"}],"curies":[{"name":"wp","href":"https:\/\/api.w.org\/{rel}","templated":true}]}}