{"id":19123,"date":"2013-11-04T23:57:27","date_gmt":"2013-11-04T21:57:27","guid":{"rendered":"\/parlonsen\/?p=19123"},"modified":"2016-01-26T10:16:18","modified_gmt":"2016-01-26T09:16:18","slug":"jour-de-peche-a-bord-dun-chalutier-breton-a-lisle-sur-tarn-81","status":"publish","type":"post","link":"https:\/\/www.o-p-i.fr\/parlonsen\/localisation\/a-cote-de-chez-nous\/jour-de-peche-a-bord-dun-chalutier-breton-a-lisle-sur-tarn-81\/","title":{"rendered":"Jour de p\u00eache &#8211; \u00e0 bord d&rsquo;un chalutier breton &#8230; \u00e0  Lisle sur Tarn (81)"},"content":{"rendered":"<p>Exposition de Marielle Duffet \u00e0 l&rsquo;Office du Tourisme de Lisle sur Tarn\u00a0 du <strong>9 novembre au 10 d\u00e9cembre 2013<\/strong>. <!--more--><\/p>\n<p style=\"text-align: justify;\"><em>Pendant l&rsquo;\u00e9t\u00e9 2012, je suis all\u00e9e en mer  sur deux navires de p\u00eache, un chalutier et un bolincheur. L&rsquo;exp\u00e9rience \u00e0  bord du chalutier a \u00e9t\u00e9 un moment fort de rencontre pour moi et ce sont  les photos de cette exp\u00e9rience \u00e0 bord du Commodore, bas\u00e9 au Guilvinec,  que je vous propose aujourd&rsquo;hui de d\u00e9couvrir dans ma nouvelle  exposition.<\/em><\/p>\n<p style=\"text-align: right;\">Marielle Duffet<\/p>\n<p>Le vernissage aura lieu le <strong>dimanche 10 novembre 2013<\/strong> \u00e0 11h.<\/p>\n<figure id=\"attachment_19124\" aria-describedby=\"caption-attachment-19124\" style=\"width: 579px\" class=\"wp-caption aligncenter\"><img data-recalc-dims=\"1\" loading=\"lazy\" decoding=\"async\" class=\"size-full wp-image-19124\" title=\" Marielle Duffet \" src=\"https:\/\/i0.wp.com\/www.o-p-i.fr\/parlonsen\/wp-content\/uploads\/joudepeche_duffet.jpg?resize=579%2C827&#038;ssl=1\" alt=\" Marielle Duffet \" width=\"579\" height=\"827\" srcset=\"https:\/\/i0.wp.com\/www.o-p-i.fr\/parlonsen\/wp-content\/uploads\/joudepeche_duffet.jpg?w=579&amp;ssl=1 579w, https:\/\/i0.wp.com\/www.o-p-i.fr\/parlonsen\/wp-content\/uploads\/joudepeche_duffet.jpg?resize=210%2C300&amp;ssl=1 210w\" sizes=\"auto, (max-width: 579px) 100vw, 579px\" \/><figcaption id=\"caption-attachment-19124\" class=\"wp-caption-text\"> Marielle Duffet <\/figcaption><\/figure>\n","protected":false},"excerpt":{"rendered":"<div class=\"mh-excerpt\">Exposition de Marielle Duffet \u00e0 l&rsquo;Office du Tourisme de Lisle sur Tarn\u00a0 du 9 novembre au 10 d\u00e9cembre 2013.<\/div>\n","protected":false},"author":2,"featured_media":0,"comment_status":"open","ping_status":"open","sticky":false,"template":"","format":"standard","meta":{"om_disable_all_campaigns":false,"advanced_seo_description":"","jetpack_seo_html_title":"","jetpack_seo_noindex":false,"_jetpack_memberships_contains_paid_content":false,"footnotes":"","_links_to":"","_links_to_target":""},"categories":[51,42,54,704,1927,1938],"tags":[77,172,399,1689],"class_list":{"0":"post-19123","1":"post","2":"type-post","3":"status-publish","4":"format-standard","6":"category-artisanat","7":"category-a-cote-de-chez-nous","8":"category-loisirs","9":"category-cest-lautomne","10":"category-n-91-novembre-2013","11":"category-n-92-decembre-2013","12":"tag-lisle-sur-tarn","13":"tag-exposition","14":"tag-marielle-duffet","15":"tag-vernissage-expo"},"jetpack_featured_media_url":"","views":{"total":0,"cached_at":"","cached_date":1738381293},"jetpack_likes_enabled":true,"jetpack_sharing_enabled":true,"jetpack_shortlink":"https:\/\/wp.me\/pg7Wxj-4Yr","jetpack-related-posts":[],"_links":{"self":[{"href":"https:\/\/www.o-p-i.fr\/parlonsen\/wp-json\/wp\/v2\/posts\/19123","targetHints":{"allow":["GET"]}}],"collection":[{"href":"https:\/\/www.o-p-i.fr\/parlonsen\/wp-json\/wp\/v2\/posts"}],"about":[{"href":"https:\/\/www.o-p-i.fr\/parlonsen\/wp-json\/wp\/v2\/types\/post"}],"author":[{"embeddable":true,"href":"https:\/\/www.o-p-i.fr\/parlonsen\/wp-json\/wp\/v2\/users\/2"}],"replies":[{"embeddable":true,"href":"https:\/\/www.o-p-i.fr\/parlonsen\/wp-json\/wp\/v2\/comments?post=19123"}],"version-history":[{"count":0,"href":"https:\/\/www.o-p-i.fr\/parlonsen\/wp-json\/wp\/v2\/posts\/19123\/revisions"}],"wp:attachment":[{"href":"https:\/\/www.o-p-i.fr\/parlonsen\/wp-json\/wp\/v2\/media?parent=19123"}],"wp:term":[{"taxonomy":"category","embeddable":true,"href":"https:\/\/www.o-p-i.fr\/parlonsen\/wp-json\/wp\/v2\/categories?post=19123"},{"taxonomy":"post_tag","embeddable":true,"href":"https:\/\/www.o-p-i.fr\/parlonsen\/wp-json\/wp\/v2\/tags?post=19123"}],"curies":[{"name":"wp","href":"https:\/\/api.w.org\/{rel}","templated":true}]}}