{"id":1919,"date":"2010-01-27T17:48:16","date_gmt":"2010-01-27T15:48:16","guid":{"rendered":"\/parlonsen\/?p=1919"},"modified":"2010-01-27T20:55:28","modified_gmt":"2010-01-27T18:55:28","slug":"faire-decouvrir-la-musique-aux-enfants","status":"publish","type":"post","link":"https:\/\/www.o-p-i.fr\/parlonsen\/parlons-en\/culture\/faire-decouvrir-la-musique-aux-enfants\/","title":{"rendered":"Faire d\u00e9couvrir la musique aux enfants&#8230;"},"content":{"rendered":"<p style=\"text-align: justify; margin-bottom: 0cm;\"><span style=\"font-size: x-normal;\">&#8230;c&rsquo;est le but du concert comment\u00e9 qui aura lieu\u00a0le dimanche 21 f\u00e9vrier 2010\u00a0\u00e0 la <strong>Halle aux Grains de Toulouse.<\/strong><!--more-->\u00a0Cette initiative destin\u00e9e \u00e0 faire d\u00e9couvrir et aimer la musique classique aux jeunes g\u00e9n\u00e9rations et aux m\u00e9lomanes de demain est relay\u00e9 localement par Places en F\u00eates. En effet, Luann organise le <strong>d\u00e9placement en autocar au d\u00e9part de SALVAGNAC.<\/strong><\/span><\/p>\n<p style=\"text-align: justify; margin-bottom: 0cm;\"><span style=\"font-size: x-normal;\">L\u2019orchestre National de Toulouse sera dirig\u00e9 par Tugan Sokhiev et les commentaires seront assur\u00e9s par l\u2019in\u00e9narrable<\/span> <span style=\"font-size: x-normal;\">Jean-Fran\u00e7ois Zygel que vous avez peut-\u00eatre entendu dans l\u2019\u00e9mission de t\u00e9l\u00e9 \u00ab la bo\u00eete \u00e0 musique \u00bb.<\/span><\/p>\n<p style=\"text-align: justify; margin-bottom: 0cm; background: #ffffff;\"><span style=\"font-size: x-normal;\"><span style=\"font-size: x-normal;\">Au programme : La Danse Macabre de Camille Saint-Sa\u00ebns et l\u2019Apprenti Sorcier de Paul Dukas.<\/span><\/span><\/p>\n<p style=\"text-align: justify; margin-bottom: 0cm; background: #ffffff;\">\u00a0<span style=\"font-size: x-normal;\">D\u00e9part de la place de la mairie de Salvagnac \u00e0 13h, retour aux environs de 18h.<\/span><\/p>\n<p style=\"text-align: justify; margin-bottom: 0cm; background: #ffffff;\"><span style=\"font-size: x-normal;\">Prix par personne tout compris : 10\u20ac<\/span><\/p>\n<p style=\"text-align: justify; margin-bottom: 0cm; background: #ffffff;\">\u00a0<span style=\"color: #666699;\"><span style=\"font-size: x-normall;\"><strong>Renseignements et inscriptions aupr\u00e8s de Luann au 05 63 33 55 36.<\/strong><\/span><\/span><\/p>\n","protected":false},"excerpt":{"rendered":"<div class=\"mh-excerpt\">&#8230;c&rsquo;est le but du concert comment\u00e9 qui aura lieu\u00a0le dimanche 21 f\u00e9vrier 2010\u00a0\u00e0 la Halle aux Grains de Toulouse.<\/div>\n","protected":false},"author":8,"featured_media":0,"comment_status":"open","ping_status":"open","sticky":false,"template":"","format":"standard","meta":{"om_disable_all_campaigns":false,"advanced_seo_description":"","jetpack_seo_html_title":"","jetpack_seo_noindex":false,"_jetpack_memberships_contains_paid_content":false,"footnotes":"","_links_to":"","_links_to_target":""},"categories":[1,25,225],"tags":[286,287],"class_list":{"0":"post-1919","1":"post","2":"type-post","3":"status-publish","4":"format-standard","6":"category-culture","7":"category-salvagnac","8":"category-n-45","9":"tag-musique-classique","10":"tag-decouverte"},"jetpack_featured_media_url":"","views":{"total":0,"cached_at":"","cached_date":1738518465},"jetpack_likes_enabled":true,"jetpack_sharing_enabled":true,"jetpack_shortlink":"https:\/\/wp.me\/pg7Wxj-uX","jetpack-related-posts":[],"_links":{"self":[{"href":"https:\/\/www.o-p-i.fr\/parlonsen\/wp-json\/wp\/v2\/posts\/1919","targetHints":{"allow":["GET"]}}],"collection":[{"href":"https:\/\/www.o-p-i.fr\/parlonsen\/wp-json\/wp\/v2\/posts"}],"about":[{"href":"https:\/\/www.o-p-i.fr\/parlonsen\/wp-json\/wp\/v2\/types\/post"}],"author":[{"embeddable":true,"href":"https:\/\/www.o-p-i.fr\/parlonsen\/wp-json\/wp\/v2\/users\/8"}],"replies":[{"embeddable":true,"href":"https:\/\/www.o-p-i.fr\/parlonsen\/wp-json\/wp\/v2\/comments?post=1919"}],"version-history":[{"count":0,"href":"https:\/\/www.o-p-i.fr\/parlonsen\/wp-json\/wp\/v2\/posts\/1919\/revisions"}],"wp:attachment":[{"href":"https:\/\/www.o-p-i.fr\/parlonsen\/wp-json\/wp\/v2\/media?parent=1919"}],"wp:term":[{"taxonomy":"category","embeddable":true,"href":"https:\/\/www.o-p-i.fr\/parlonsen\/wp-json\/wp\/v2\/categories?post=1919"},{"taxonomy":"post_tag","embeddable":true,"href":"https:\/\/www.o-p-i.fr\/parlonsen\/wp-json\/wp\/v2\/tags?post=1919"}],"curies":[{"name":"wp","href":"https:\/\/api.w.org\/{rel}","templated":true}]}}