{"id":19292,"date":"2013-11-19T23:57:27","date_gmt":"2013-11-19T21:57:27","guid":{"rendered":"\/parlonsen\/?p=19292"},"modified":"2013-11-19T23:57:27","modified_gmt":"2013-11-19T21:57:27","slug":"the-dansant-a-vaissac-82-2","status":"publish","type":"post","link":"https:\/\/www.o-p-i.fr\/parlonsen\/localisation\/a-cote-de-chez-nous\/the-dansant-a-vaissac-82-2\/","title":{"rendered":"Th\u00e9 dansant &#8230; \u00e0 Va\u00efssac (82)"},"content":{"rendered":"<p style=\"text-align: justify;\">Le comit\u00e9 des f\u00eates de Va\u00efssac organise un th\u00e9 dansant anim\u00e9 par l&rsquo;orchestre de S\u00e9bastien CASTAGNE le<strong> Dimanche 24 Novembre 2013<\/strong> de 14h30 \u00e0 19 h, \u00e0 la salle polyvalente du village.<!--more--><\/p>\n<p><strong>Tarif :<\/strong><br \/>\nEntr\u00e9e : 8 euro (comprenant p\u00e2tisserie caf\u00e9 boissons et vin blanc)<br \/>\nTombola avec le ticket d&rsquo;entr\u00e9e<\/p>\n<p><strong><br \/>\nContact : <\/strong>Comit\u00e9 des F\u00eates de Va\u00efssac<br \/>\nT\u00e9l. : 06 99 92 12 52 (Claudine  RAYNAL)<\/p>\n<p><em>Communiqu\u00e9 de Claudine RAYNAL<\/em><\/p>\n","protected":false},"excerpt":{"rendered":"<div class=\"mh-excerpt\">Le comit\u00e9 des f\u00eates de Va\u00efssac organise un th\u00e9 dansant anim\u00e9 par l&rsquo;orchestre de S\u00e9bastien CASTAGNE le Dimanche 24 Novembre 2013 de 14h30 \u00e0 19 h, \u00e0 la salle polyvalente du village.<\/div>\n","protected":false},"author":2,"featured_media":0,"comment_status":"open","ping_status":"open","sticky":false,"template":"","format":"standard","meta":{"om_disable_all_campaigns":false,"advanced_seo_description":"","jetpack_seo_html_title":"","jetpack_seo_noindex":false,"_jetpack_memberships_contains_paid_content":false,"footnotes":"","_links_to":"","_links_to_target":""},"categories":[42,54,1927],"tags":[80,82,315,1474],"class_list":{"0":"post-19292","1":"post","2":"type-post","3":"status-publish","4":"format-standard","6":"category-a-cote-de-chez-nous","7":"category-loisirs","8":"category-n-91-novembre-2013","9":"tag-the-dansant","10":"tag-aines","11":"tag-vaissac","12":"tag-orchestre"},"jetpack_featured_media_url":"","views":{"total":0,"cached_at":"","cached_date":1738523379},"jetpack_likes_enabled":true,"jetpack_sharing_enabled":true,"jetpack_shortlink":"https:\/\/wp.me\/pg7Wxj-51a","jetpack-related-posts":[],"_links":{"self":[{"href":"https:\/\/www.o-p-i.fr\/parlonsen\/wp-json\/wp\/v2\/posts\/19292","targetHints":{"allow":["GET"]}}],"collection":[{"href":"https:\/\/www.o-p-i.fr\/parlonsen\/wp-json\/wp\/v2\/posts"}],"about":[{"href":"https:\/\/www.o-p-i.fr\/parlonsen\/wp-json\/wp\/v2\/types\/post"}],"author":[{"embeddable":true,"href":"https:\/\/www.o-p-i.fr\/parlonsen\/wp-json\/wp\/v2\/users\/2"}],"replies":[{"embeddable":true,"href":"https:\/\/www.o-p-i.fr\/parlonsen\/wp-json\/wp\/v2\/comments?post=19292"}],"version-history":[{"count":0,"href":"https:\/\/www.o-p-i.fr\/parlonsen\/wp-json\/wp\/v2\/posts\/19292\/revisions"}],"wp:attachment":[{"href":"https:\/\/www.o-p-i.fr\/parlonsen\/wp-json\/wp\/v2\/media?parent=19292"}],"wp:term":[{"taxonomy":"category","embeddable":true,"href":"https:\/\/www.o-p-i.fr\/parlonsen\/wp-json\/wp\/v2\/categories?post=19292"},{"taxonomy":"post_tag","embeddable":true,"href":"https:\/\/www.o-p-i.fr\/parlonsen\/wp-json\/wp\/v2\/tags?post=19292"}],"curies":[{"name":"wp","href":"https:\/\/api.w.org\/{rel}","templated":true}]}}