{"id":1933,"date":"2010-01-27T20:43:02","date_gmt":"2010-01-27T18:43:02","guid":{"rendered":"\/parlonsen\/?p=1933"},"modified":"2010-02-14T13:32:36","modified_gmt":"2010-02-14T11:32:36","slug":"solidarite-seisme-haiti-2","status":"publish","type":"post","link":"https:\/\/www.o-p-i.fr\/parlonsen\/localisation\/a-cote-de-chez-nous\/solidarite-seisme-haiti-2\/","title":{"rendered":"Solidarit\u00e9 se\u00efsme HA\u00cfTI&#8230;"},"content":{"rendered":"<p>Nous l&rsquo;annoncions la semaine derni\u00e8re, les artistes d&rsquo;ici se sont mobilis\u00e9s \u00e0 l&rsquo;initiative de MARIK pour un concert de <a title=\"cliquez pour revoir l'article\" href=\"https:\/\/www.o-p-i.fr\/parlonsen\/parlons-en\/culture\/solidarite-seisme-haiti\/\" target=\"_blank\">solidarit\u00e9 apr\u00e8s le se\u00efsme d&rsquo;Ha\u00efti.<\/a> <!--more-->Au programme, des artistes musiciens connus et reconnus comme <strong><a title=\"voir le site de l'artiste\" href=\"http:\/\/www.myspace.com\/guillaumebarraband\">Guillaume Barraband<\/a>, Bernard Alquier et Maryk<\/strong>, des textes sur Ha\u00efti, lus par la com\u00e9dienne <strong>Anne Colin<\/strong> et par la chanteuse <strong><a title=\"voir sur myspace\" href=\"http:\/\/www.myspace.com\/cocoguimbaud\" target=\"_blank\">Coco Guimbaud<\/a><\/strong>,\u00a0maman adoptante, inqui\u00e8te pour son enfant encore l\u00e0-bas.\u00a0Ont aussi fait la joie des spectateurs\u00a0<strong>Jean Fernandes<\/strong> avec ses ciseaux et ses cordes, <strong>Julien Bouttard<\/strong>\u00a0 et \u00abLe voyage trans\u00e9clectique\u00bb en musique chant et images,\u00a0 <strong>Jur Domingo<\/strong>, jeune chanteuse\u00a0\u00e0 la voix prenante accompagn\u00e9e du musicien <strong>Julien Vittecoq.<\/strong><\/p>\n<div id=\"content_article\">\n<p>Etaient l\u00e0 <strong>Arlette Kharlamoff<\/strong> repr\u00e9sentant la Croix-Rouge et <strong>Tom Wingefeld<\/strong>, M\u00e9decins du monde. Ces associations travaillant d\u00e9j\u00e0 en Ha\u00efti ont \u00e9t\u00e9 choisies pour se partager les 900\u20ac r\u00e9colt\u00e9s \u00e0 l&rsquo;issue du spectacle.<\/p>\n<p>De sa plate-forme de Guyane, la Croix-Rouge envoie secouristes et sp\u00e9cialistes en traitement de l&rsquo;eau.M\u00e9decins du Monde pratique 50 interventions chirurgicales et 150 consultations par jour \u00e0 l&rsquo;H\u00f4pital central et dans 2 zones \u00e0 30 km de Port au Prince. Des missions possibles gr\u00e2ce \u00e0 la g\u00e9n\u00e9rosit\u00e9 de tous.<\/p>\n<p><em>Paulette DURIGON,Pr\u00e9sidente de la <strong><a title=\"en savoir + sur la MJC : cliquez\" href=\"http:\/\/mjc-rabastens.org\/\" target=\"_blank\">M.J.C. Rabastens-Couffouleux<\/a><\/strong><\/em><\/p>\n<p>\u00a0<\/p><\/div>\n","protected":false},"excerpt":{"rendered":"<div class=\"mh-excerpt\">Nous l&rsquo;annoncions la semaine derni\u00e8re, les artistes d&rsquo;ici se sont mobilis\u00e9s \u00e0 l&rsquo;initiative de MARIK pour un concert de solidarit\u00e9 apr\u00e8s le se\u00efsme d&rsquo;Ha\u00efti.<\/div>\n","protected":false},"author":8,"featured_media":0,"comment_status":"open","ping_status":"open","sticky":false,"template":"","format":"standard","meta":{"om_disable_all_campaigns":false,"advanced_seo_description":"","jetpack_seo_html_title":"","jetpack_seo_noindex":false,"_jetpack_memberships_contains_paid_content":false,"footnotes":"","_links_to":"","_links_to_target":""},"categories":[42,325,291,225],"tags":[292,2571,293],"class_list":{"0":"post-1933","1":"post","2":"type-post","3":"status-publish","4":"format-standard","6":"category-a-cote-de-chez-nous","7":"category-solidariti","8":"category-solidarite","9":"category-n-45","10":"tag-seisme-haiti","11":"tag-solidarite","12":"tag-mjc-rabastens-couffouleux"},"jetpack_featured_media_url":"","views":{"total":0,"cached_at":"","cached_date":1738518438},"jetpack_likes_enabled":true,"jetpack_sharing_enabled":true,"jetpack_shortlink":"https:\/\/wp.me\/pg7Wxj-vb","jetpack-related-posts":[],"_links":{"self":[{"href":"https:\/\/www.o-p-i.fr\/parlonsen\/wp-json\/wp\/v2\/posts\/1933","targetHints":{"allow":["GET"]}}],"collection":[{"href":"https:\/\/www.o-p-i.fr\/parlonsen\/wp-json\/wp\/v2\/posts"}],"about":[{"href":"https:\/\/www.o-p-i.fr\/parlonsen\/wp-json\/wp\/v2\/types\/post"}],"author":[{"embeddable":true,"href":"https:\/\/www.o-p-i.fr\/parlonsen\/wp-json\/wp\/v2\/users\/8"}],"replies":[{"embeddable":true,"href":"https:\/\/www.o-p-i.fr\/parlonsen\/wp-json\/wp\/v2\/comments?post=1933"}],"version-history":[{"count":0,"href":"https:\/\/www.o-p-i.fr\/parlonsen\/wp-json\/wp\/v2\/posts\/1933\/revisions"}],"wp:attachment":[{"href":"https:\/\/www.o-p-i.fr\/parlonsen\/wp-json\/wp\/v2\/media?parent=1933"}],"wp:term":[{"taxonomy":"category","embeddable":true,"href":"https:\/\/www.o-p-i.fr\/parlonsen\/wp-json\/wp\/v2\/categories?post=1933"},{"taxonomy":"post_tag","embeddable":true,"href":"https:\/\/www.o-p-i.fr\/parlonsen\/wp-json\/wp\/v2\/tags?post=1933"}],"curies":[{"name":"wp","href":"https:\/\/api.w.org\/{rel}","templated":true}]}}