{"id":1949,"date":"2010-01-28T18:55:24","date_gmt":"2010-01-28T16:55:24","guid":{"rendered":"\/parlonsen\/?p=1949"},"modified":"2010-01-28T19:06:09","modified_gmt":"2010-01-28T17:06:09","slug":"lutte-contre-les-maladies-animales","status":"publish","type":"post","link":"https:\/\/www.o-p-i.fr\/parlonsen\/parlons-en\/agriculture\/lutte-contre-les-maladies-animales\/","title":{"rendered":"Lutte contre les maladies animales&#8230;"},"content":{"rendered":"<p>Vous avez un mouton, vous avez\u00a0dix moutons, vous avez plusieurs centaines de moutons (ou de ch\u00e8vres), le recensement annuel est obligatoire !!!\u00a0 <!--more-->La r\u00e9glementation sur l&rsquo;identification des petits ruminants vient d&rsquo;\u00e9voluer (arr\u00eat\u00e9s du 27\/11 et 8\/12\u00a0 2009): \u00e0 partir de 2010 le recensement doit se faire en d\u00e9but d&rsquo;ann\u00e9e.<\/p>\n<p>\u00a0L&rsquo;A.L.M.A. (Association tarnaise de Lutte contre les Maladies Animales) organise des r\u00e9unions d&rsquo;information selon le calendrier suivant:<\/p>\n<p>&#8211; Vendredi 5 f\u00e9vrier 2010 de 10 h \u00e0 12 h<br \/>\nA \u00a0ALBAN (Salle de la mairie)<\/p>\n<p>&#8211; Lundi 8 f\u00e9vrier 2010 de 10 h \u00e0 12 h<br \/>\nA REALMONT (Salle de la Mairie)<\/p>\n<p>&#8211; Mercredi 10 f\u00e9vrier 2010 de 10 h \u00e0 12 h<br \/>\n<strong>A CASTELNAU DE MONTMIRAL (Salle de la mairie)<\/strong><\/p>\n<p>&#8211; Lundi 15 f\u00e9vrier 2010 de 10 h \u00e0 12 h<br \/>\nAux FARGUETTES (Salle de la Mairie)<\/p>\n<p>&#8211; Mercredi 17 f\u00e9vrier 2010 de 9 h 30 \u00e0 11 h 30<br \/>\nA LABRUGUIERE(Salle de la Mairie)<\/p>\n<p>&#8211; Jeudi 18 f\u00e9vrier 2010 de 10 h \u00e0 12 h<br \/>\nA PUYLAURENS (Salle de la mairie)<\/p>\n<p>L\u2019ordre du jour sera consacr\u00e9 aux actions de prophylaxie en cours, \u00e0 la vaccination FCO, \u00e0 l\u2019\u00e9quarrissage, \u00e0 <strong>l\u2019identification des animaux<\/strong> et \u00e0 des questions diverses. Tous les d\u00e9tenteurs de petits ruminants sont invit\u00e9s \u00e0 participer \u00e0 l&rsquo;une ou l&rsquo;autre de ces r\u00e9unions d&rsquo;information.<\/p>\n<p><strong>Attention<\/strong> !\u00a0 Les agneaux n\u00e9s \u00e0 partir du 1\u00b0 juillet 2010 devront \u00eatre identifi\u00e9s avec une boucle \u00e9lectronique, dans un d\u00e9lai de 7 jours apr\u00e8s la naissance. Les animaux n\u00e9s avant cette date devront \u00eatre identifi\u00e9s avec une boucle \u00e9lectronique avant juillet 2013.<\/p>\n<p><em>Christian GALZIN<\/em><\/p>\n<p><em>Pr\u00e9sident de l&rsquo;A.L.M.A.<\/em><\/p>\n","protected":false},"excerpt":{"rendered":"<div class=\"mh-excerpt\">Vous avez un mouton, vous avez\u00a0dix moutons, vous avez plusieurs centaines de moutons (ou de ch\u00e8vres), le recensement annuel est obligatoire !!!\u00a0<\/div>\n","protected":false},"author":8,"featured_media":0,"comment_status":"open","ping_status":"open","sticky":false,"template":"","format":"standard","meta":{"om_disable_all_campaigns":false,"advanced_seo_description":"","jetpack_seo_html_title":"","jetpack_seo_noindex":false,"_jetpack_memberships_contains_paid_content":false,"footnotes":"","_links_to":"","_links_to_target":""},"categories":[3,23,22,6,225],"tags":[294,295,296,297,298],"class_list":{"0":"post-1949","1":"post","2":"type-post","3":"status-publish","4":"format-standard","6":"category-agriculture","7":"category-au-dela-du-pays","8":"category-castelnau","9":"category-pratique","10":"category-n-45","11":"tag-maladie-animale","12":"tag-alma","13":"tag-identification","14":"tag-ovins","15":"tag-caprins"},"jetpack_featured_media_url":"","views":{"total":0,"cached_at":"","cached_date":1738518427},"jetpack_likes_enabled":true,"jetpack_sharing_enabled":true,"jetpack_shortlink":"https:\/\/wp.me\/pg7Wxj-vr","jetpack-related-posts":[],"_links":{"self":[{"href":"https:\/\/www.o-p-i.fr\/parlonsen\/wp-json\/wp\/v2\/posts\/1949","targetHints":{"allow":["GET"]}}],"collection":[{"href":"https:\/\/www.o-p-i.fr\/parlonsen\/wp-json\/wp\/v2\/posts"}],"about":[{"href":"https:\/\/www.o-p-i.fr\/parlonsen\/wp-json\/wp\/v2\/types\/post"}],"author":[{"embeddable":true,"href":"https:\/\/www.o-p-i.fr\/parlonsen\/wp-json\/wp\/v2\/users\/8"}],"replies":[{"embeddable":true,"href":"https:\/\/www.o-p-i.fr\/parlonsen\/wp-json\/wp\/v2\/comments?post=1949"}],"version-history":[{"count":0,"href":"https:\/\/www.o-p-i.fr\/parlonsen\/wp-json\/wp\/v2\/posts\/1949\/revisions"}],"wp:attachment":[{"href":"https:\/\/www.o-p-i.fr\/parlonsen\/wp-json\/wp\/v2\/media?parent=1949"}],"wp:term":[{"taxonomy":"category","embeddable":true,"href":"https:\/\/www.o-p-i.fr\/parlonsen\/wp-json\/wp\/v2\/categories?post=1949"},{"taxonomy":"post_tag","embeddable":true,"href":"https:\/\/www.o-p-i.fr\/parlonsen\/wp-json\/wp\/v2\/tags?post=1949"}],"curies":[{"name":"wp","href":"https:\/\/api.w.org\/{rel}","templated":true}]}}