{"id":19560,"date":"2013-12-07T11:34:14","date_gmt":"2013-12-07T09:34:14","guid":{"rendered":"\/parlonsen\/?p=19560"},"modified":"2013-12-04T11:47:04","modified_gmt":"2013-12-04T09:47:04","slug":"les-thes-dansants-a-genebrieres-82","status":"publish","type":"post","link":"https:\/\/www.o-p-i.fr\/parlonsen\/localisation\/au-pays-des-tescous\/genebrieres\/les-thes-dansants-a-genebrieres-82\/","title":{"rendered":"Les Th\u00e9s Dansants &#8230; \u00e0 Genebri\u00e8res (82)"},"content":{"rendered":"<p>Les A\u00een\u00e9s de Genebri\u00e8res vous donnent rendez-vous une fois par mois \u00e0 la salle des f\u00eate. <!--more--><\/p>\n<figure id=\"attachment_19561\" aria-describedby=\"caption-attachment-19561\" style=\"width: 180px\" class=\"wp-caption alignright\"><a href=\"https:\/\/i0.wp.com\/www.o-p-i.fr\/parlonsen\/wp-content\/uploads\/sandrinetarayre1.jpg?ssl=1\"><img data-recalc-dims=\"1\" loading=\"lazy\" decoding=\"async\" class=\"size-medium wp-image-19561 \" title=\"Sandrine Tarayre \" src=\"https:\/\/i0.wp.com\/www.o-p-i.fr\/parlonsen\/wp-content\/uploads\/sandrinetarayre1.jpg?resize=180%2C122&#038;ssl=1\" alt=\"Le duo Sandrine Tarayre ; talent et ambiance pour un public nombreux.\" width=\"180\" height=\"122\" srcset=\"https:\/\/i0.wp.com\/www.o-p-i.fr\/parlonsen\/wp-content\/uploads\/sandrinetarayre1.jpg?resize=300%2C203&amp;ssl=1 300w, https:\/\/i0.wp.com\/www.o-p-i.fr\/parlonsen\/wp-content\/uploads\/sandrinetarayre1.jpg?w=738&amp;ssl=1 738w\" sizes=\"auto, (max-width: 180px) 100vw, 180px\" \/><\/a><figcaption id=\"caption-attachment-19561\" class=\"wp-caption-text\">Le duo Sandrine Tarayre ; talent et ambiance pour un public nombreux.<\/figcaption><\/figure>\n<p style=\"text-align: justify;\"><strong>Sublime Sandrine Tarayre\u00a0!<\/strong><\/p>\n<p style=\"text-align: justify;\">Dimanche 1er D\u00e9cembre 2013, les A\u00een\u00e9s de Genebri\u00e8res de l&rsquo;association  \u00ab La Concorde \u00bb ont organis\u00e9 leur th\u00e9 dansant mensuel anim\u00e9 par le duo Sandrine Tarayre. La piste de danse n&rsquo;a pas d\u00e9sempli de tout l&rsquo;apr\u00e8s-midi, tellement Sandrine et son coll\u00e8gue ont su mettre de l&rsquo;ambiance. Une apr\u00e8s-midi exceptionnelle qui avait attir\u00e9 vraiment beaucoup de monde. Bravo Sandrine ! Ton talent, ton tonus et ta bonne humeur ont vraiment fait un tabac dimanche \u00e0 la salle des f\u00eates de Genebri\u00e8res&#8230; et merci aux A\u00een\u00e9s d&rsquo;avoir fait le bon choix dans leur programmation.<\/p>\n<p><strong>Les A\u00een\u00e9s de Genebri\u00e8res vous donnent rendez-vous<\/strong> dans la salle des f\u00eates du village pour leurs prochains th\u00e9s dansants qui auront lieu :<\/p>\n<p>&#8211;          Dimanche 5 janvier 2014, anim\u00e9 par l&rsquo;orchestre Bellsonic<\/p>\n<p>&#8211;          Dimanche 2 f\u00e9vrier, th\u00e9 dansant anim\u00e9 par Les Copains du Musette.<\/p>\n<p>&#8211;          Dimanche 9 mars, th\u00e9 dansant anim\u00e9 par Francis Bernard.<\/p>\n<p>&#8211;          Dimanche 6 avril, th\u00e9 dansant anim\u00e9 par la talentueuse Sandrine Tarayre.<\/p>\n<p><strong>Contact\u00a0 : <\/strong> Les Ain\u00e9s de Genebri\u00e8res<br \/>\nT\u00e9l. : 05 63 30 40 66 ou 05 63 30 30 48<\/p>\n<p><em>Communqiu\u00e9 par Robert Linas<\/em><\/p>\n","protected":false},"excerpt":{"rendered":"<div class=\"mh-excerpt\">Les A\u00een\u00e9s de Genebri\u00e8res vous donnent rendez-vous une fois par mois \u00e0 la salle des f\u00eate.<\/div>\n","protected":false},"author":2,"featured_media":0,"comment_status":"open","ping_status":"open","sticky":false,"template":"","format":"standard","meta":{"om_disable_all_campaigns":false,"advanced_seo_description":"","jetpack_seo_html_title":"","jetpack_seo_noindex":false,"_jetpack_memberships_contains_paid_content":false,"footnotes":"","_links_to":"","_links_to_target":""},"categories":[29,54,1938,1961,1962],"tags":[82,2552,1202,80],"class_list":{"0":"post-19560","1":"post","2":"type-post","3":"status-publish","4":"format-standard","6":"category-genebrieres","7":"category-loisirs","8":"category-n-92-decembre-2013","9":"category-n-93-janvier-2014","10":"category-n-95-fevrier-2014","11":"tag-aines","12":"tag-genebrieres","13":"tag-sandrine-tarayre","14":"tag-the-dansant"},"jetpack_featured_media_url":"","views":{"total":1,"cached_at":"","cached_date":1738513910},"jetpack_likes_enabled":true,"jetpack_sharing_enabled":true,"jetpack_shortlink":"https:\/\/wp.me\/pg7Wxj-55u","jetpack-related-posts":[],"_links":{"self":[{"href":"https:\/\/www.o-p-i.fr\/parlonsen\/wp-json\/wp\/v2\/posts\/19560","targetHints":{"allow":["GET"]}}],"collection":[{"href":"https:\/\/www.o-p-i.fr\/parlonsen\/wp-json\/wp\/v2\/posts"}],"about":[{"href":"https:\/\/www.o-p-i.fr\/parlonsen\/wp-json\/wp\/v2\/types\/post"}],"author":[{"embeddable":true,"href":"https:\/\/www.o-p-i.fr\/parlonsen\/wp-json\/wp\/v2\/users\/2"}],"replies":[{"embeddable":true,"href":"https:\/\/www.o-p-i.fr\/parlonsen\/wp-json\/wp\/v2\/comments?post=19560"}],"version-history":[{"count":0,"href":"https:\/\/www.o-p-i.fr\/parlonsen\/wp-json\/wp\/v2\/posts\/19560\/revisions"}],"wp:attachment":[{"href":"https:\/\/www.o-p-i.fr\/parlonsen\/wp-json\/wp\/v2\/media?parent=19560"}],"wp:term":[{"taxonomy":"category","embeddable":true,"href":"https:\/\/www.o-p-i.fr\/parlonsen\/wp-json\/wp\/v2\/categories?post=19560"},{"taxonomy":"post_tag","embeddable":true,"href":"https:\/\/www.o-p-i.fr\/parlonsen\/wp-json\/wp\/v2\/tags?post=19560"}],"curies":[{"name":"wp","href":"https:\/\/api.w.org\/{rel}","templated":true}]}}