{"id":19693,"date":"2013-12-18T11:57:20","date_gmt":"2013-12-18T09:57:20","guid":{"rendered":"\/parlonsen\/?p=19693"},"modified":"2014-01-29T03:11:06","modified_gmt":"2014-01-29T01:11:06","slug":"la-belle-montee-%e2%80%a6-loisirs-et-sports-en-quercy-vert-10","status":"publish","type":"post","link":"https:\/\/www.o-p-i.fr\/parlonsen\/localisation\/au-pays-des-tescous\/salvetat\/la-belle-montee-%e2%80%a6-loisirs-et-sports-en-quercy-vert-10\/","title":{"rendered":"La Belle Mont\u00e9e \u2026 Loisirs et sports en Quercy Vert"},"content":{"rendered":"<p style=\"text-align: justify;\">Voici le programme <strong>du 15 d\u00e9cembre au 2 f\u00e9vrier 2014. <\/strong>Une nouveaut\u00e9 pour les randonneurs en 2014 avec la mise en place de  sorties en semaine, les jeudis apr\u00e8s-midi. Le rendez-vous est donn\u00e9 au  parking de Saint Caprais. Pour les cycliste d\u00e9part d\u00e9cal\u00e9 \u00e0 9h00 le  dimanche matin en cette saison hivernale.<!--more--><\/p>\n<ul>\n<li><strong>POUR LES MARCHEURS : <\/strong>Les randonn\u00e9es sont maintenues alternativement le samedi et le dimanche apr\u00e8s-midi. Rendez-vous \u00e0 14h00 \u00e0 la Mairie de la Salvetat selon le programme suivant.<\/li>\n<\/ul>\n<p><strong>Dimanche 15 d\u00e9cembre : <\/strong>La Salvetat \u2013 boucle vers le chemin de la Vinouse : 6km, 1h30<\/p>\n<p><strong>Samedi 21 d\u00e9cembre : <\/strong>Circuit  d\u00e9couverte de Montauban et visite de march\u00e9 de No\u00ebl<\/p>\n<p><strong>Dimanche 5 janvier :<\/strong> La Salvetat : 6.5km, 1h45 circuit Pamperilles, Le Biguet, Al Py. A la suite de la rando nous partagerons la galette des rois \u00e0 la salle de la mairie.<\/p>\n<p><strong>Samedi 11 janvier :<\/strong> Montbartier : environ 6,5 km, pour 1h30. Une partie du circuit est situ\u00e9e au bord      du canal.<\/p>\n<p><strong>Dimanche 19 janvier :<\/strong> Monclar vers Bonnanech : environ 6 km, pour 1h30<\/p>\n<p><strong>Samedi 25 janvier : <\/strong>St Martial : 6.3km pour 2h<\/p>\n<p><strong>Dimanche 2 f\u00e9vrier :<\/strong> Bruniquel : 5.9 km pour 1h50- Le balcon sur l\u2019Aveyron<\/p>\n<p><strong>Nouveaut\u00e9 : <\/strong>Pour ceux qui  d\u00e9sirent randonner en semaine un rendez vous est fix\u00e9 les jeudis \u00e0 14h sur le parking de St Caprais. Le circuit de la randonn\u00e9e sera d\u00e9termin\u00e9e entre les participants sur place.<\/p>\n<p>D\u00e9but 9 janvier 2014 &#8211; Contacts : Andr\u00e9 Brousse\/Anne-Marie Piazza.<\/p>\n<ul>\n<li><strong>POUR LES CYCLISTES SUR ROUTE :<\/strong><\/li>\n<\/ul>\n<p>&#8211; le dimanche matin rendez-vous \u00e0 9h00 \u00e0 la Mairie de La Salvetat. Les parcours seront \u00e9tablis en fonction des participants et de la m\u00e9t\u00e9o (g\u00e9n\u00e9ralement de 60 \u00e0 90 km). En cas de participation \u00e0 des sorties organis\u00e9es par d\u2019autres clubs le lieu de rendez-vous et d\u00e9part pourra changer. En cas de mauvais temps, le jour ou l\u2019heure de d\u00e9part pourront \u00e9galement changer.<\/p>\n<blockquote style=\"text-align: justify;\"><p>En  cas de probl\u00e8me   d\u2019encadrement, de m\u00e9t\u00e9o, ou tout autre     impr\u00e9vu,  les organisateurs   pourront \u00eatre amen\u00e9s \u00e0 changer le  parcours     initialement pr\u00e9vu, c\u2019est   pourquoi nous vous conseillons de  toujours     venir au point de   rendez-vous \u00e0 la Mairie de la Salvetat.<\/p>\n<p>Vous pouvez \u00e9galement trouver des informations sur le panneau        d\u2019affichage situ\u00e9 \u00e0 c\u00f4t\u00e9 de la porte d\u2019entr\u00e9e de la salle \u00e0 la Mairie de        la Salvetat, ou sur le site internet de l\u2019association \u00e0 l\u2019adresse  <a title=\"Ouvre le site dans une nouvelle fen\u00eatre\" href=\"http:\/\/la-belle-montee.clubeo.com\" target=\"_blank\">http:\/\/la-belle-montee.clubeo.com<\/a>.<\/p><\/blockquote>\n<p style=\"text-align: justify;\"><strong>Contacts : <\/strong><a title=\"Cliquez pour ouvrir la fiche dans l'annuaire d'OPI\" href=\"https:\/\/www.o-p-i.fr\/aupays\/annuaire\/loisirs\/la-belle-montee-loisirs-et-sports-en-quercy-vert\/\">La Belle Mont\u00e9e<\/a><\/p>\n<p style=\"text-align: justify;\"><strong>V\u00e9lo : <\/strong><br \/>\nEric VIES<br \/>\nT\u00e9l. : 06 08 88 63 37<br \/>\nChristophe ESCALETTE<br \/>\nT\u00e9l. : 06 84 09 42 99<br \/>\nJean-Marc SANGLA<br \/>\nT\u00e9l. : 05 63 30 34 16<\/p>\n<p style=\"text-align: justify;\"><strong>Marche : <\/strong><br \/>\nGenevi\u00e8ve DOUREL<br \/>\nT\u00e9l. : 06 28 35 48 78<br \/>\nLucienne DAVID<br \/>\nT\u00e9l. : 05 63 30 30 03<\/p>\n<p style=\"text-align: justify;\"><em>Communiqu\u00e9 par Jean-Marc Sangla<\/em><\/p>\n","protected":false},"excerpt":{"rendered":"<div class=\"mh-excerpt\">Voici le programme du 15 d\u00e9cembre au 2 f\u00e9vrier 2014. Une nouveaut\u00e9 pour les randonneurs en 2014 avec la mise en place de sorties en semaine, les jeudis apr\u00e8s-midi. Le rendez-vous est donn\u00e9 au parking <a class=\"mh-excerpt-more\" href=\"https:\/\/www.o-p-i.fr\/parlonsen\/localisation\/au-pays-des-tescous\/salvetat\/la-belle-montee-%e2%80%a6-loisirs-et-sports-en-quercy-vert-10\/\" title=\"La Belle Mont\u00e9e \u2026 Loisirs et sports en Quercy Vert\">[&#8230;]<\/a><\/div>\n","protected":false},"author":2,"featured_media":0,"comment_status":"open","ping_status":"open","sticky":false,"template":"","format":"standard","meta":{"om_disable_all_campaigns":false,"advanced_seo_description":"","jetpack_seo_html_title":"","jetpack_seo_noindex":false,"_jetpack_memberships_contains_paid_content":false,"footnotes":"","_links_to":"","_links_to_target":""},"categories":[34,54,53,1938,1961,1962],"tags":[143,166,171,181,192,762,962,1037,1598],"class_list":{"0":"post-19693","1":"post","2":"type-post","3":"status-publish","4":"format-standard","6":"category-salvetat","7":"category-loisirs","8":"category-sports","9":"category-n-92-decembre-2013","10":"category-n-93-janvier-2014","11":"category-n-95-fevrier-2014","12":"tag-monclar-de-quercy","13":"tag-randonnee","14":"tag-bruniquel","15":"tag-la-salvetat-belmontet","16":"tag-velo","17":"tag-randonnee-pedestre","18":"tag-saint-martial","19":"tag-parcours-vtt","20":"tag-montbartier"},"jetpack_featured_media_url":"","views":{"total":0,"cached_at":"","cached_date":1738510233},"jetpack_likes_enabled":true,"jetpack_sharing_enabled":true,"jetpack_shortlink":"https:\/\/wp.me\/pg7Wxj-57D","jetpack-related-posts":[],"_links":{"self":[{"href":"https:\/\/www.o-p-i.fr\/parlonsen\/wp-json\/wp\/v2\/posts\/19693","targetHints":{"allow":["GET"]}}],"collection":[{"href":"https:\/\/www.o-p-i.fr\/parlonsen\/wp-json\/wp\/v2\/posts"}],"about":[{"href":"https:\/\/www.o-p-i.fr\/parlonsen\/wp-json\/wp\/v2\/types\/post"}],"author":[{"embeddable":true,"href":"https:\/\/www.o-p-i.fr\/parlonsen\/wp-json\/wp\/v2\/users\/2"}],"replies":[{"embeddable":true,"href":"https:\/\/www.o-p-i.fr\/parlonsen\/wp-json\/wp\/v2\/comments?post=19693"}],"version-history":[{"count":0,"href":"https:\/\/www.o-p-i.fr\/parlonsen\/wp-json\/wp\/v2\/posts\/19693\/revisions"}],"wp:attachment":[{"href":"https:\/\/www.o-p-i.fr\/parlonsen\/wp-json\/wp\/v2\/media?parent=19693"}],"wp:term":[{"taxonomy":"category","embeddable":true,"href":"https:\/\/www.o-p-i.fr\/parlonsen\/wp-json\/wp\/v2\/categories?post=19693"},{"taxonomy":"post_tag","embeddable":true,"href":"https:\/\/www.o-p-i.fr\/parlonsen\/wp-json\/wp\/v2\/tags?post=19693"}],"curies":[{"name":"wp","href":"https:\/\/api.w.org\/{rel}","templated":true}]}}