{"id":19697,"date":"2013-12-18T12:13:30","date_gmt":"2013-12-18T10:13:30","guid":{"rendered":"\/parlonsen\/?p=19697"},"modified":"2013-12-18T12:14:23","modified_gmt":"2013-12-18T10:14:23","slug":"brunch-de-noel-a-couffouelux-81","status":"publish","type":"post","link":"https:\/\/www.o-p-i.fr\/parlonsen\/parlons-en\/commerce\/brunch-de-noel-a-couffouelux-81\/","title":{"rendered":"Brunch de No\u00ebl &#8230; \u00e0  Couffouleux (81)"},"content":{"rendered":"<p style=\"text-align: justify;\">Pour f\u00eater no\u00ebl l&rsquo;atelier Cart&rsquo;NKraft vous invite le <strong>dimanche 22 d\u00e9cembre 2013 <\/strong>de 10h \u00e0 15h pour un brunch offert par l&rsquo;association Art&rsquo;oung. Vous d\u00e9couvrirez l&rsquo;atelier et la salle d&rsquo;exposition avec ses artisans verrier, polym\u00e9riste, c\u00e9ramistes, cartonniste&#8230; <!--more--><\/p>\n<p style=\"text-align: justify;\">L&rsquo;occasion de finir vos achats de No\u00ebl sympathiquement. Un coin lecture est pr\u00e9vu pour les enfants.<\/p>\n<p style=\"text-align: justify;\"><a href=\"https:\/\/i0.wp.com\/www.o-p-i.fr\/parlonsen\/wp-content\/uploads\/brunchdenoel_couffouleux2013.jpg?ssl=1\"><img data-recalc-dims=\"1\" loading=\"lazy\" decoding=\"async\" class=\"alignright size-thumbnail wp-image-19698\" title=\"Salle d'exposition - Vente d'artisanat d'Art \u00e0 Couffouleux\" src=\"https:\/\/i0.wp.com\/www.o-p-i.fr\/parlonsen\/wp-content\/uploads\/brunchdenoel_couffouleux2013.jpg?resize=150%2C150&#038;ssl=1\" alt=\"Salle d'exposition - Vente d'artisanat d'Art \u00e0 Couffouleux\" width=\"150\" height=\"150\" srcset=\"https:\/\/i0.wp.com\/www.o-p-i.fr\/parlonsen\/wp-content\/uploads\/brunchdenoel_couffouleux2013.jpg?resize=150%2C150&amp;ssl=1 150w, https:\/\/i0.wp.com\/www.o-p-i.fr\/parlonsen\/wp-content\/uploads\/brunchdenoel_couffouleux2013.jpg?zoom=2&amp;resize=150%2C150&amp;ssl=1 300w\" sizes=\"auto, (max-width: 150px) 100vw, 150px\" \/><\/a>Ce sera la derni\u00e8re fois que vous aurez l&rsquo;occasion d&rsquo;admirer cette exposition chez nous car en janvier de nouveaux artisans s&rsquo;installent pour une expo sp\u00e9ciale tissus !<\/p>\n<p style=\"text-align: justify;\">Alors venez dimanche d\u00e9couvrir : La polym\u00e9ryste Des id\u00e9es plein les doigts, les c\u00e9ramistes Quercy Golsse et Sweet c\u00e9ramique et la cr\u00e9atrice verri\u00e8re S\u00e8ve cr\u00e9ation&#8230; Mais aussi et toujours les meubles en carton, les paper toys et cartes postales de la carterie Pounes et les photographies de Tony Tompouce.<\/p>\n<p style=\"text-align: justify;\"><em>Communiqu\u00e9 par Annie Feix<\/em><\/p>\n","protected":false},"excerpt":{"rendered":"<div class=\"mh-excerpt\">Pour f\u00eater no\u00ebl l&rsquo;atelier Cart&rsquo;NKraft vous invite le dimanche 22 d\u00e9cembre 2013 de 10h \u00e0 15h pour un brunch offert par l&rsquo;association Art&rsquo;oung. Vous d\u00e9couvrirez l&rsquo;atelier et la salle d&rsquo;exposition avec ses artisans verrier, polym\u00e9riste, <a class=\"mh-excerpt-more\" href=\"https:\/\/www.o-p-i.fr\/parlonsen\/parlons-en\/commerce\/brunch-de-noel-a-couffouelux-81\/\" title=\"Brunch de No\u00ebl &#8230; \u00e0  Couffouleux (81)\">[&#8230;]<\/a><\/div>\n","protected":false},"author":2,"featured_media":0,"comment_status":"open","ping_status":"open","sticky":false,"template":"","format":"standard","meta":{"om_disable_all_campaigns":false,"advanced_seo_description":"","jetpack_seo_html_title":"","jetpack_seo_noindex":false,"_jetpack_memberships_contains_paid_content":false,"footnotes":"","_links_to":"","_links_to_target":""},"categories":[51,4,42,54,775,1938],"tags":[131,148,200,2559,757,1664],"class_list":{"0":"post-19697","1":"post","2":"type-post","3":"status-publish","4":"format-standard","6":"category-artisanat","7":"category-commerce","8":"category-a-cote-de-chez-nous","9":"category-loisirs","10":"category-cest-noel","11":"category-n-92-decembre-2013","12":"tag-noel","13":"tag-couffouleux","14":"tag-art","15":"tag-artisanat","16":"tag-marche-de-noel","17":"tag-meuble-en-carton"},"jetpack_featured_media_url":"","views":{"total":0,"cached_at":"","cached_date":1738510222},"jetpack_likes_enabled":true,"jetpack_sharing_enabled":true,"jetpack_shortlink":"https:\/\/wp.me\/pg7Wxj-57H","jetpack-related-posts":[],"_links":{"self":[{"href":"https:\/\/www.o-p-i.fr\/parlonsen\/wp-json\/wp\/v2\/posts\/19697","targetHints":{"allow":["GET"]}}],"collection":[{"href":"https:\/\/www.o-p-i.fr\/parlonsen\/wp-json\/wp\/v2\/posts"}],"about":[{"href":"https:\/\/www.o-p-i.fr\/parlonsen\/wp-json\/wp\/v2\/types\/post"}],"author":[{"embeddable":true,"href":"https:\/\/www.o-p-i.fr\/parlonsen\/wp-json\/wp\/v2\/users\/2"}],"replies":[{"embeddable":true,"href":"https:\/\/www.o-p-i.fr\/parlonsen\/wp-json\/wp\/v2\/comments?post=19697"}],"version-history":[{"count":0,"href":"https:\/\/www.o-p-i.fr\/parlonsen\/wp-json\/wp\/v2\/posts\/19697\/revisions"}],"wp:attachment":[{"href":"https:\/\/www.o-p-i.fr\/parlonsen\/wp-json\/wp\/v2\/media?parent=19697"}],"wp:term":[{"taxonomy":"category","embeddable":true,"href":"https:\/\/www.o-p-i.fr\/parlonsen\/wp-json\/wp\/v2\/categories?post=19697"},{"taxonomy":"post_tag","embeddable":true,"href":"https:\/\/www.o-p-i.fr\/parlonsen\/wp-json\/wp\/v2\/tags?post=19697"}],"curies":[{"name":"wp","href":"https:\/\/api.w.org\/{rel}","templated":true}]}}