{"id":19736,"date":"2014-01-02T12:37:50","date_gmt":"2014-01-02T10:37:50","guid":{"rendered":"\/parlonsen\/?p=19736"},"modified":"2014-01-02T19:12:17","modified_gmt":"2014-01-02T17:12:17","slug":"ateliers-decouverte-de-la-couleur-a-rabastens-81","status":"publish","type":"post","link":"https:\/\/www.o-p-i.fr\/parlonsen\/localisation\/a-cote-de-chez-nous\/ateliers-decouverte-de-la-couleur-a-rabastens-81\/","title":{"rendered":"Ateliers D\u00e9couverte de la Couleur &#8230; \u00e0 Rabastens (81)"},"content":{"rendered":"<p style=\"text-align: justify;\">Du symbole \u00e0 l&rsquo;esth\u00e9tique, celle(s) qui nous anime(nt), nous inspire(nt), nous relie(nt), nous illumine(nt) &#8230; B\u00e9atrice Testet, artiste coloriste,\u00a0 vous propose 6 ateliers en 2014. <!--more--><\/p>\n<p style=\"text-align: justify;\">\n<figure id=\"attachment_19739\" aria-describedby=\"caption-attachment-19739\" style=\"width: 166px\" class=\"wp-caption alignright\"><a href=\"https:\/\/i0.wp.com\/www.o-p-i.fr\/parlonsen\/wp-content\/uploads\/beatrice_testet.jpg?ssl=1\"><img data-recalc-dims=\"1\" loading=\"lazy\" decoding=\"async\" class=\"size-full wp-image-19739\" title=\"B\u00e9atrice Testet\" src=\"https:\/\/i0.wp.com\/www.o-p-i.fr\/parlonsen\/wp-content\/uploads\/beatrice_testet.jpg?resize=166%2C221&#038;ssl=1\" alt=\"B\u00e9atrice Testet\" width=\"166\" height=\"221\" \/><\/a><figcaption id=\"caption-attachment-19739\" class=\"wp-caption-text\">B\u00e9atrice Testet<\/figcaption><\/figure>\n<p style=\"text-align: justify;\">Que sait-on vraiment de la couleur, d\u2019o\u00f9 vient-elle, comment fonctionne t-elle ?<br \/>\nElle est partout, de la Nature \u00e0 notre environnement du quotidien..<br \/>\nBanalis\u00e9e sur tous les fronts, elle est mati\u00e8re, elle est lumi\u00e8re, elle nous guide et nous accompagne dans sa vibration.<br \/>\nChaque couleur est une histoire \u00e0 raconter avec son propre langage, selon son ressenti, son v\u00e9cu, son imaginaire, sa cr\u00e9ativit\u00e9. C&rsquo;est notre plus fid\u00e8le compagne, notre plus intime alli\u00e9e..<\/p>\n<p style=\"text-align: justify;\">Alors, laissons-la venir \u00e0 nous dans toute sa magie, avec sa panoplie de nuances, de tons, de textures color\u00e9s \u00e0 l&rsquo;infini\u2026<\/p>\n<p style=\"text-align: justify;\">Cr\u00e9er sa propre palette avec des techniques simples (collage, peintures\u2026) sous toutes ses formes, \u00e0 votre guise\u2026, comme des planches de style, tableaux de couleurs dans l&rsquo;ambiance qui vous d\u00e9finit et vous r\u00e9v\u00e8le\u2026<br \/>\n\u00ab\u00a0Quelle est la couleur qui r\u00e9sonne dans le \u00ab\u00a0Je\u00a0\u00bb?<\/p>\n<p style=\"text-align: justify;\">V\u00e9ritable jeu de pistes cr\u00e9atives, tout en harmonie de couleurs, les v\u00f4tres&#8230;<\/p>\n<p style=\"text-align: justify;\">Les dates propos\u00e9es :<br \/>\n&#8211; Samedi 25 Janvier , de 14h \u00e0 16H30<br \/>\n&#8211; Samedi  15 F\u00e9vrier, de 14h \u00e0 16H30<br \/>\n&#8211; Samedi 22 Mars, de 14h \u00e0 16H30<br \/>\n&#8211; Samedi 5 ou 19 Avril,  de 14h \u00e0 16H30<br \/>\n&#8211; Samedi 17 Mai, de 14h \u00e0 16H30<br \/>\n&#8211; Samedi 14 Juin,  de 14h \u00e0 16H30<\/p>\n<p style=\"text-align: justify;\">Attention groupe de 6 personnes maxi<\/p>\n<p style=\"text-align: justify;\"><strong>Tarifs : <\/strong><br \/>\n35 \u20ac la s\u00e9ance, mat\u00e9riel inclus.<br \/>\nPr\u00e9voir \u00ab\u00a0sa petite boite \u00e0 id\u00e9es\u00a0\u00bb (papiers r\u00e9cup, magazines d\u00e9co, trousse perso)<\/p>\n<p style=\"text-align: justify;\"><strong>Contact  : <\/strong>B\u00e9atrice Testet<br \/>\nT\u00e9l. : 06 85 44 62 99<br \/>\nCourriel : <a href=\"mailto:bea.testet@orange.fr\">bea.testet@orange.fr<\/a><br \/>\nSite : <a href=\"http:\/\/www.beartiste.fr\">www.beartiste.fr<\/a><\/p>\n<p style=\"text-align: justify;\"><em>Communiqu\u00e9 par l&rsquo;\u00e9quipe du 5<\/em><\/p>\n","protected":false},"excerpt":{"rendered":"<div class=\"mh-excerpt\">Du symbole \u00e0 l&rsquo;esth\u00e9tique, celle(s) qui nous anime(nt), nous inspire(nt), nous relie(nt), nous illumine(nt) &#8230; B\u00e9atrice Testet, artiste coloriste,\u00a0 vous propose 6 ateliers en 2014.<\/div>\n","protected":false},"author":2,"featured_media":0,"comment_status":"open","ping_status":"open","sticky":false,"template":"","format":"standard","meta":{"om_disable_all_campaigns":false,"advanced_seo_description":"","jetpack_seo_html_title":"","jetpack_seo_noindex":false,"_jetpack_memberships_contains_paid_content":false,"footnotes":"","_links_to":"","_links_to_target":""},"categories":[42],"tags":[72,180,200,326,2002],"class_list":{"0":"post-19736","1":"post","2":"type-post","3":"status-publish","4":"format-standard","6":"category-a-cote-de-chez-nous","7":"tag-rabastens","8":"tag-atelier","9":"tag-art","10":"tag-le-5","11":"tag-couleur"},"jetpack_featured_media_url":"","views":{"total":0,"cached_at":"","cached_date":1738510106},"jetpack_likes_enabled":true,"jetpack_sharing_enabled":true,"jetpack_shortlink":"https:\/\/wp.me\/pg7Wxj-58k","jetpack-related-posts":[],"_links":{"self":[{"href":"https:\/\/www.o-p-i.fr\/parlonsen\/wp-json\/wp\/v2\/posts\/19736","targetHints":{"allow":["GET"]}}],"collection":[{"href":"https:\/\/www.o-p-i.fr\/parlonsen\/wp-json\/wp\/v2\/posts"}],"about":[{"href":"https:\/\/www.o-p-i.fr\/parlonsen\/wp-json\/wp\/v2\/types\/post"}],"author":[{"embeddable":true,"href":"https:\/\/www.o-p-i.fr\/parlonsen\/wp-json\/wp\/v2\/users\/2"}],"replies":[{"embeddable":true,"href":"https:\/\/www.o-p-i.fr\/parlonsen\/wp-json\/wp\/v2\/comments?post=19736"}],"version-history":[{"count":0,"href":"https:\/\/www.o-p-i.fr\/parlonsen\/wp-json\/wp\/v2\/posts\/19736\/revisions"}],"wp:attachment":[{"href":"https:\/\/www.o-p-i.fr\/parlonsen\/wp-json\/wp\/v2\/media?parent=19736"}],"wp:term":[{"taxonomy":"category","embeddable":true,"href":"https:\/\/www.o-p-i.fr\/parlonsen\/wp-json\/wp\/v2\/categories?post=19736"},{"taxonomy":"post_tag","embeddable":true,"href":"https:\/\/www.o-p-i.fr\/parlonsen\/wp-json\/wp\/v2\/tags?post=19736"}],"curies":[{"name":"wp","href":"https:\/\/api.w.org\/{rel}","templated":true}]}}