{"id":19763,"date":"2014-01-06T22:53:49","date_gmt":"2014-01-06T20:53:49","guid":{"rendered":"\/parlonsen\/?p=19763"},"modified":"2014-01-07T01:15:24","modified_gmt":"2014-01-06T23:15:24","slug":"retour-du-jeudi-1601-iaross-a-albi-81","status":"publish","type":"post","link":"https:\/\/www.o-p-i.fr\/parlonsen\/parlons-en\/retour-du-jeudi-1601-iaross-a-albi-81\/","title":{"rendered":"Retour du Jeudi 16\/01 : Iaross &#8230; \u00e0 Albi (81)"},"content":{"rendered":"<p style=\"text-align: justify;\">En guise d&rsquo;\u00e9trennes, vous avez ci-dessous les infos suivantes :\u00a0 le Retour du Jeudi 16 janvier 2014, un concert de Iaross ; la\u00a0 programmation du Retour du Jeudi de janvier \u00e0 avril\u00a0 ; la prochaine conf\u00e9rence de l&rsquo;AJET, mardi 14 janvier 2014.<!--more--><\/p>\n<p style=\"text-align: justify;\">*********************************************************************************<\/p>\n<p style=\"text-align: justify;\"><strong>&#8211; LE RETOUR DU JEUDI 16 JANVIER : IAROSS,\u00a0 rock exploratoire<\/strong><\/p>\n<p style=\"text-align: justify;\"><em>Jeudi 16 janvier \/ 18 h 30 \/ Foyer, b\u00e2timent Pascal(e) Ambic \/ gratuit<\/em><\/p>\n<p style=\"text-align: justify;\">Iaross  est \u00e0 la crois\u00e9e d\u2019influences vastes allant de la chanson fran\u00e7aise au  rock, et jusqu\u2019aux fronti\u00e8res de l\u2019\u00e9lectro, de la transe et de  l\u2019exp\u00e9rimentation. H\u00e9ritier de Ferr\u00e9, Bashung ou Noir D\u00e9sir, le rock de  Iaross laisse une belle place \u00e0 une \u00e9criture cin\u00e9matographique. La  fulgurance de la rime nous propulse dans un univers aux distorsions de  violoncelle, faisant \u00e9cho \u00e0 des rythmes riches et des riffs de guitare  enivrants, pour un ensemble \u00e9tonnant \u00e0 grands coups d\u2019images, de flashes  et de m\u00e9lodies ent\u00eatantes.<\/p>\n<p style=\"text-align: justify;\"><a id=\"yui_3_13_0_ym1_1_1389048642882_2392\" href=\"http:\/\/iaross.com\/\" target=\"_blank\">http:\/\/iaross.com\/<\/a><br \/>\n<a id=\"yui_3_13_0_ym1_1_1389048642882_2393\" href=\"http:\/\/www.youtube.com\/watch?v=8Nm5fp1DnPs\" target=\"_blank\">http:\/\/www.youtube.com\/watch?v=8Nm5fp1DnPs<\/a><\/p>\n<p style=\"text-align: justify;\">*********************************************************************************<\/p>\n<p style=\"text-align: justify;\"><strong>&#8211; LE RETOUR DU JEUDI, JANVIER &#8211; AVRIL<\/strong><\/p>\n<p style=\"text-align: justify;\">La programmation d\u00e9taill\u00e9e est disponible <a href=\"https:\/\/www.o-p-i.fr\/parlonsen\/wp-content\/uploads\/retourdujeudijanv-avril2014.pdf\">en cliquant ici<\/a>, comprenant notamment les t\u00eates d&rsquo;affiche de Complot sur le Campus #9 :<\/p>\n<p style=\"text-align: justify;\">PSYKICK LYRIKAH &amp; DUPAIN jeudi 24 avril<\/p>\n<p style=\"text-align: justify;\">ORCHESTRE TOUT-PUISSANT MARCEL DUCHAMP vendredi 25 avril<\/p>\n<p style=\"text-align: justify;\">*********************************************************************************<\/p>\n<p style=\"text-align: justify;\"><strong>&#8211; CONFERENCE MARDI 14 JANVIER : Les usages politiques de Jean Jaur\u00e8s<\/strong><\/p>\n<p style=\"text-align: justify;\">Vous  \u00eates invit\u00e9s \u00e0\u00a0 la conf\u00e9rence-d\u00e9bat , inaugurale de \u00ab\u00a02014 : Jaur\u00e8s  vivant\u00a0\u00bb initi\u00e9e par\u00a0 l\u2019Association Jaur\u00e8s Espace Tarn (A.J.E.T.), et ses  partenaires; Le th\u00e8me en est \u00ab\u00a0Les usages politiques de Jean Jaur\u00e8s\u00a0\u00bb.  Elle sera anim\u00e9e par Marion Fontaine,\u00a0 ma\u00eetre de conf\u00e9rences d&rsquo;Histoire  Contemporaine au Centre Norbert Alias, enseignante-chercheur.<br \/>\nCette  conf\u00e9rence-d\u00e9bat se d\u00e9roula le Mardi 14 janvier 2014 \u00e0 20h30, Auditorium  I, Maison du Multim\u00e9dia (entr\u00e9e place de Verdun). L\u2019entr\u00e9e est libre et  gratuite.<\/p>\n<p style=\"text-align: justify;\">S\u2019il est des figures politiques dont la m\u00e9moire a  connu un temps de purgatoire, ce n\u2019est certainement pas le cas de  Jaur\u00e8s. N\u2019est-il pas devenu tr\u00e8s vite un symbole comme le manifeste son  entr\u00e9e au Panth\u00e9on en 1924, et presque un mythe ? Quels sont les divers  usages politiques de ce mythe au cours du XX\u00e8me si\u00e8cle et jusqu\u2019\u00e0 nos  jours ? Pourquoi son parcours et son action trouvent-ils encore des  \u00e9chos dans notre pr\u00e9sent ?<\/p>\n<p style=\"text-align: justify;\">&#8212;<br \/>\nJ\u00e9r\u00f4me Cabot<br \/>\ncharg\u00e9 de mission \u00e0 l&rsquo;action culturelle<br \/>\nMCF en litt\u00e9rature fran\u00e7aise<br \/>\nUniversit\u00e9 Champollion<br \/>\n05 63 48 19 70<br \/>\n<a href=\"http:\/\/leretourdujeudi.univ-jfc.fr\" target=\"_blank\">http:\/\/leretourdujeudi.univ-jfc.fr<\/a><\/p>\n","protected":false},"excerpt":{"rendered":"<div class=\"mh-excerpt\">En guise d&rsquo;\u00e9trennes, vous avez ci-dessous les infos suivantes :\u00a0 le Retour du Jeudi 16 janvier 2014, un concert de Iaross ; la\u00a0 programmation du Retour du Jeudi de janvier \u00e0 avril\u00a0 ; la prochaine <a class=\"mh-excerpt-more\" href=\"https:\/\/www.o-p-i.fr\/parlonsen\/parlons-en\/retour-du-jeudi-1601-iaross-a-albi-81\/\" title=\"Retour du Jeudi 16\/01 : Iaross &#8230; \u00e0 Albi (81)\">[&#8230;]<\/a><\/div>\n","protected":false},"author":2,"featured_media":0,"comment_status":"open","ping_status":"open","sticky":false,"template":"","format":"standard","meta":{"om_disable_all_campaigns":false,"advanced_seo_description":"","jetpack_seo_html_title":"","jetpack_seo_noindex":false,"_jetpack_memberships_contains_paid_content":false,"footnotes":"","_links_to":"","_links_to_target":""},"categories":[52],"tags":[47,234,1264,43,44,45],"class_list":{"0":"post-19763","1":"post","2":"type-post","3":"status-publish","4":"format-standard","6":"category-parlons-en","7":"tag-champollion","8":"tag-conference","9":"tag-programme","10":"tag-concert","11":"tag-albi","12":"tag-retour-du-jeudi"},"jetpack_featured_media_url":"","views":{"total":0,"cached_at":"","cached_date":1738508878},"jetpack_likes_enabled":true,"jetpack_sharing_enabled":true,"jetpack_shortlink":"https:\/\/wp.me\/pg7Wxj-58L","jetpack-related-posts":[],"_links":{"self":[{"href":"https:\/\/www.o-p-i.fr\/parlonsen\/wp-json\/wp\/v2\/posts\/19763","targetHints":{"allow":["GET"]}}],"collection":[{"href":"https:\/\/www.o-p-i.fr\/parlonsen\/wp-json\/wp\/v2\/posts"}],"about":[{"href":"https:\/\/www.o-p-i.fr\/parlonsen\/wp-json\/wp\/v2\/types\/post"}],"author":[{"embeddable":true,"href":"https:\/\/www.o-p-i.fr\/parlonsen\/wp-json\/wp\/v2\/users\/2"}],"replies":[{"embeddable":true,"href":"https:\/\/www.o-p-i.fr\/parlonsen\/wp-json\/wp\/v2\/comments?post=19763"}],"version-history":[{"count":0,"href":"https:\/\/www.o-p-i.fr\/parlonsen\/wp-json\/wp\/v2\/posts\/19763\/revisions"}],"wp:attachment":[{"href":"https:\/\/www.o-p-i.fr\/parlonsen\/wp-json\/wp\/v2\/media?parent=19763"}],"wp:term":[{"taxonomy":"category","embeddable":true,"href":"https:\/\/www.o-p-i.fr\/parlonsen\/wp-json\/wp\/v2\/categories?post=19763"},{"taxonomy":"post_tag","embeddable":true,"href":"https:\/\/www.o-p-i.fr\/parlonsen\/wp-json\/wp\/v2\/tags?post=19763"}],"curies":[{"name":"wp","href":"https:\/\/api.w.org\/{rel}","templated":true}]}}