{"id":1983,"date":"2010-02-01T22:41:48","date_gmt":"2010-02-01T20:41:48","guid":{"rendered":"\/parlonsen\/?p=1983"},"modified":"2010-02-02T20:04:42","modified_gmt":"2010-02-02T18:04:42","slug":"toullouseenscene-rabastens","status":"publish","type":"post","link":"https:\/\/www.o-p-i.fr\/parlonsen\/parlons-en\/culture\/toullouseenscene-rabastens\/","title":{"rendered":"Toulouse en sc\u00e8ne &#8230; \u00e0 Rabastens"},"content":{"rendered":"<p style=\"text-align: justify;\">Dans le cadre du cycle \u00ab <strong><span style=\"color: #003300;\">Si on chantait<\/span> <\/strong>\u00bb, Toulouse en Sc\u00e8ne s\u2019associe \u00e0 la Salle Bleue pour organiser des rendez-vous trimestriels autour de la chanson. Une invitation \u00e0 un \u00e9change inter-r\u00e9gional bas\u00e9 sur la rencontre de chanteurs toulousains venus pr\u00e9senter leur nouvelle cr\u00e9ation in\u00e9dite et d\u2019artistes d\u2019un autre territoire de l\u2019espace francophone en premi\u00e8re partie. Sous forme de r\u00e9sonance, l\u2019association rabastinoise propose de retrouver ces coplateaux dans le d\u00e9partement du Tarn, lors des \u00ab <span style=\"color: #003300;\"><strong>Jeudis de la Chanson<\/strong><\/span> \u00bb.<!--more--><\/p>\n<figure id=\"attachment_1984\" aria-describedby=\"caption-attachment-1984\" style=\"width: 280px\" class=\"wp-caption alignleft\"><strong><strong><img data-recalc-dims=\"1\" loading=\"lazy\" decoding=\"async\" class=\"size-full wp-image-1984\" title=\"Toulouse en Chanson\" src=\"https:\/\/i0.wp.com\/www.o-p-i.fr\/parlonsen\/wp-content\/uploads\/toulouse_chanson.jpg?resize=280%2C188&#038;ssl=1\" alt=\"Toulouse en Chanson\" width=\"280\" height=\"188\" srcset=\"https:\/\/i0.wp.com\/www.o-p-i.fr\/parlonsen\/wp-content\/uploads\/toulouse_chanson.jpg?w=400&amp;ssl=1 400w, https:\/\/i0.wp.com\/www.o-p-i.fr\/parlonsen\/wp-content\/uploads\/toulouse_chanson.jpg?resize=300%2C201&amp;ssl=1 300w\" sizes=\"auto, (max-width: 280px) 100vw, 280px\" \/><\/strong><\/strong><figcaption id=\"caption-attachment-1984\" class=\"wp-caption-text\">Toulouse en Chanson<\/figcaption><\/figure>\n<p style=\"text-align: justify;\"><span style=\"color: #003300;\"><strong>Toulouse en Chanson\u2026 du monde (Toulouse) <\/strong><\/span><br \/>\n[guitare, voix, vocal beat-box, vocal bass, accord\u00e9on, hang, conque, m\u00e9lodica, lao ken, percussions]<br \/>\nCr\u00e9\u00e9 \u00e0 l\u2019occasion du festival Toulouse d\u2019\u00e9t\u00e9 2009, ce collectif in\u00e9dit mettra en sc\u00e8ne 9 artistes aux horizons musicaux vari\u00e9s et color\u00e9s. De Moonlight Benjamin (Dyaoul\u00e9 Pemba), Rita Macedo (Femmouzes T.), Ange B. (Fabulous Trobadors), Wab (Que de la Bouche), en passant par Fran\u00e7ois Dorembus (Joueurs de voix, Music\u2019Halle), Jur (CridaCompany), Pier Planas (LeGroupe, Jerry Kan), Guillaume Barraband (L\u2019homme en bleu, Spook and The Guay) et Laurent Paris (Le Grand Toz, Palokortao), ces artistes seront tour \u00e0 tour chanteurs, accompagnateurs, choristes, duettistes ou plus encore\u2026 pla\u00e7ant cette cr\u00e9ation collective originale sous le signe du m\u00e9tissage et du partage !<br \/>\nMoment d\u2019\u00e9mulation, d\u2019entrain et d\u2019effervescence marqu\u00e9 par la rencontre de voix captivantes et d\u2019une instrumentation h\u00e9t\u00e9roclite assum\u00e9e par les chanteurs eux-m\u00eames, ce concert sera une Invitation au Voyage qui n\u2019aurait pas manqu\u00e9e de charmer Baudelaire ou Duparc !<\/p>\n<p style=\"text-align: justify;\">\n<p style=\"text-align: justify;\"><span style=\"color: #003300;\"><strong><\/strong><\/span><\/p>\n<figure id=\"attachment_1985\" aria-describedby=\"caption-attachment-1985\" style=\"width: 160px\" class=\"wp-caption alignright\"><strong><strong><img data-recalc-dims=\"1\" loading=\"lazy\" decoding=\"async\" class=\"size-full wp-image-1985\" title=\"Vincent Delbushaye\" src=\"https:\/\/i0.wp.com\/www.o-p-i.fr\/parlonsen\/wp-content\/uploads\/delbushaye.jpg?resize=160%2C160&#038;ssl=1\" alt=\"Vincent Delbushaye\" width=\"160\" height=\"160\" srcset=\"https:\/\/i0.wp.com\/www.o-p-i.fr\/parlonsen\/wp-content\/uploads\/delbushaye.jpg?w=200&amp;ssl=1 200w, https:\/\/i0.wp.com\/www.o-p-i.fr\/parlonsen\/wp-content\/uploads\/delbushaye.jpg?resize=150%2C150&amp;ssl=1 150w\" sizes=\"auto, (max-width: 160px) 100vw, 160px\" \/><\/strong><\/strong><figcaption id=\"caption-attachment-1985\" class=\"wp-caption-text\">Vincent Delbushaye<\/figcaption><\/figure>\n<p style=\"text-align: justify;\"><span style=\"color: #003300;\"><strong>Vincent Delbushaye (Belgique)<\/strong><\/span><br \/>\n[piano, voix]<br \/>\nVincent Delbushaye n\u2019est pas un \u00e9corch\u00e9 vif, ni un chanteur engag\u00e9, ce n\u2019est ni une grande gueule, ni un enfant terrible. C\u2019est plut\u00f4t le type m\u00eame du timide, du discret. Le genre qui dit les choses, mais pas trop fort. Il les dit cependant, avec justesse et simplicit\u00e9.<br \/>\nEcouter Delbushaye, c\u2019est savourer le mariage de l\u2019humour et du sensible, du d\u00e9risoire et du profond.<\/p>\n<p style=\"text-align: justify;\"><span style=\"color: #003300;\"><strong>Jeudi 4 F\u00e9vrier 20h45<\/strong><\/span><br \/>\nTARIF : 12\u20ac \/ 10\u20ac \/ 8\u20ac<br \/>\nLIEU : La Halle \u2013 Promenade des Lices<br \/>\n81800 Rabastens<br \/>\nR\u00c9SERVATION : 09 50 30 82 11<\/p>\n<p style=\"text-align: justify;\"><span style=\"color: #003300;\"><strong>Samedi 6 F\u00e9vrier 20h30<\/strong><\/span><br \/>\nTARIF : 10\u20ac \/ 8\u20ac \/ 5\u20ac<br \/>\nLIEU : Espace Croix-Baragnon<br \/>\nSalle bleue \u2013 31000 Toulouse<br \/>\nR\u00c9SERVATION : 05 62 27 60 60<\/p>\n<p style=\"text-align: justify;\"><span style=\"color: #003300;\"><em>Communiqu\u00e9 de l&rsquo;association<strong> Toulouse en Sc\u00e8ne<\/strong><\/em><\/span><\/p>\n<p style=\"text-align: justify;\"><span style=\"color: #003300;\">Adresse : 10, rue Pigeron de Milhet<br \/>\n81800 Rabastens<br \/>\nT\u00e9l. : 09 50 30 82 11<br \/>\nCourriel : <a href=\"mailto:contact@toulouseenscene.com\">contact@toulouseenscene.com<\/a><br \/>\n<\/span><span style=\"color: #003300;\">Site : <a title=\"Ouvre le site dans une nouvelle fen\u00eatre\" href=\"http:\/\/www.toulouseenscene.com\" target=\"_blank\"> www.toulouseenscene.com<\/a><\/span><\/p>\n<p style=\"text-align: justify;\"><span style=\"color: #003300;\"><span style=\"color: #003300;\">Pour vous rendre \u00e0 cette manifestation, profitez du covoiturage \u00ab\u00a0<a title=\"Ouvre une nouvelle fen\u00eatre\" href=\"https:\/\/www.o-p-i.fr\/aupays\/opi\/allons-y-ensemble\/\" target=\"_blank\">Allons y ensemble<\/a>\u00ab\u00a0.<\/span><br \/>\n<\/span><\/p>\n","protected":false},"excerpt":{"rendered":"<div class=\"mh-excerpt\">Dans le cadre du cycle \u00ab Si on chantait \u00bb, Toulouse en Sc\u00e8ne s\u2019associe \u00e0 la Salle Bleue pour organiser des rendez-vous trimestriels autour de la chanson. Une invitation \u00e0 un \u00e9change inter-r\u00e9gional bas\u00e9 sur <a class=\"mh-excerpt-more\" href=\"https:\/\/www.o-p-i.fr\/parlonsen\/parlons-en\/culture\/toullouseenscene-rabastens\/\" title=\"Toulouse en sc\u00e8ne &#8230; \u00e0 Rabastens\">[&#8230;]<\/a><\/div>\n","protected":false},"author":8,"featured_media":0,"comment_status":"open","ping_status":"open","sticky":false,"template":"","format":"standard","meta":{"om_disable_all_campaigns":false,"advanced_seo_description":"","jetpack_seo_html_title":"","jetpack_seo_noindex":false,"_jetpack_memberships_contains_paid_content":false,"footnotes":"","_links_to":"","_links_to_target":""},"categories":[308,42,1,54],"tags":[43,72,161],"class_list":{"0":"post-1983","1":"post","2":"type-post","3":"status-publish","4":"format-standard","6":"category-308","7":"category-a-cote-de-chez-nous","8":"category-culture","9":"category-loisirs","10":"tag-concert","11":"tag-rabastens","12":"tag-tarn"},"jetpack_featured_media_url":"","views":{"total":1,"cached_at":"","cached_date":1738518371},"jetpack_likes_enabled":true,"jetpack_sharing_enabled":true,"jetpack_shortlink":"https:\/\/wp.me\/pg7Wxj-vZ","jetpack-related-posts":[],"_links":{"self":[{"href":"https:\/\/www.o-p-i.fr\/parlonsen\/wp-json\/wp\/v2\/posts\/1983","targetHints":{"allow":["GET"]}}],"collection":[{"href":"https:\/\/www.o-p-i.fr\/parlonsen\/wp-json\/wp\/v2\/posts"}],"about":[{"href":"https:\/\/www.o-p-i.fr\/parlonsen\/wp-json\/wp\/v2\/types\/post"}],"author":[{"embeddable":true,"href":"https:\/\/www.o-p-i.fr\/parlonsen\/wp-json\/wp\/v2\/users\/8"}],"replies":[{"embeddable":true,"href":"https:\/\/www.o-p-i.fr\/parlonsen\/wp-json\/wp\/v2\/comments?post=1983"}],"version-history":[{"count":0,"href":"https:\/\/www.o-p-i.fr\/parlonsen\/wp-json\/wp\/v2\/posts\/1983\/revisions"}],"wp:attachment":[{"href":"https:\/\/www.o-p-i.fr\/parlonsen\/wp-json\/wp\/v2\/media?parent=1983"}],"wp:term":[{"taxonomy":"category","embeddable":true,"href":"https:\/\/www.o-p-i.fr\/parlonsen\/wp-json\/wp\/v2\/categories?post=1983"},{"taxonomy":"post_tag","embeddable":true,"href":"https:\/\/www.o-p-i.fr\/parlonsen\/wp-json\/wp\/v2\/tags?post=1983"}],"curies":[{"name":"wp","href":"https:\/\/api.w.org\/{rel}","templated":true}]}}