{"id":19887,"date":"2014-01-15T19:49:14","date_gmt":"2014-01-15T17:49:14","guid":{"rendered":"\/parlonsen\/?p=19887"},"modified":"2014-01-15T20:56:50","modified_gmt":"2014-01-15T18:56:50","slug":"la-reine-des-neiges-a-sa","status":"publish","type":"post","link":"https:\/\/www.o-p-i.fr\/parlonsen\/localisation\/au-pays-des-tescous\/salvagnac\/la-reine-des-neiges-a-sa\/","title":{"rendered":"\u00ab\u00a0La Reine des neiges\u00a0\u00bb&#8230; \u00e0 Salvagnac (81)"},"content":{"rendered":"<p><strong>Dimanche 19 Janvier 2014<\/strong> \u00e0 15 heures, Salle Caraven Cachin, s\u00e9ance de cin\u00e9ma \u00ab\u00a0La Reine des neiges\u00a0\u00bb<!--more--><\/p>\n<figure id=\"attachment_19897\" aria-describedby=\"caption-attachment-19897\" style=\"width: 180px\" class=\"wp-caption alignright\"><a rel=\"attachment wp-att-19897\" href=\"https:\/\/www.o-p-i.fr\/parlonsen\/localisation\/salvagnac\/la-reine-des-neiges-a-sa\/attachment\/la-reine-des-neiges-frozen-disney\/\"><img data-recalc-dims=\"1\" loading=\"lazy\" decoding=\"async\" class=\"size-medium wp-image-19897 \" title=\"La Reine des Neiges \" src=\"https:\/\/i0.wp.com\/www.o-p-i.fr\/parlonsen\/wp-content\/uploads\/la-reine-des-neiges-frozen-disney.jpg?resize=180%2C240&#038;ssl=1\" alt=\"La Reine des Neiges \" width=\"180\" height=\"240\" srcset=\"https:\/\/i0.wp.com\/www.o-p-i.fr\/parlonsen\/wp-content\/uploads\/la-reine-des-neiges-frozen-disney.jpg?resize=225%2C300&amp;ssl=1 225w, https:\/\/i0.wp.com\/www.o-p-i.fr\/parlonsen\/wp-content\/uploads\/la-reine-des-neiges-frozen-disney.jpg?w=400&amp;ssl=1 400w\" sizes=\"auto, (max-width: 180px) 100vw, 180px\" \/><\/a><figcaption id=\"caption-attachment-19897\" class=\"wp-caption-text\">La Reine des Neiges <\/figcaption><\/figure>\n<p><strong>La Reine des Neiges <\/strong><\/p>\n<p>Une nouvelle adaptation du conte d&rsquo;Andersen, avec la garantie de qualit\u00e9<\/p>\n<p>Animation familiale de C Buck et J Lee avec les voix de A Delva, D Boon.<\/p>\n<p>Dur\u00e9e 1h42<\/p>\n<p>Tout Public<\/p>\n<p><strong>Tarifs : <\/strong><br \/>\nNormal : 5\u20ac<br \/>\nR\u00e9duit : 4\u20ac<\/p>\n<p><em>Communiqu\u00e9 par l&rsquo;association ELANS<\/em><\/p>\n<p><em><a href=\"https:\/\/www.o-p-i.fr\/parlonsen\/agenda\/\"><strong>Retrouvez tous les \u00e9v\u00e8nements dans l&rsquo;agenda !<\/strong><\/a><br \/>\n<\/em><\/p>\n","protected":false},"excerpt":{"rendered":"<div class=\"mh-excerpt\">Dimanche 19 Janvier 2014 \u00e0 15 heures, Salle Caraven Cachin, s\u00e9ance de cin\u00e9ma \u00ab\u00a0La Reine des neiges\u00a0\u00bb<\/div>\n","protected":false},"author":4,"featured_media":0,"comment_status":"open","ping_status":"open","sticky":false,"template":"","format":"standard","meta":{"om_disable_all_campaigns":false,"advanced_seo_description":"","jetpack_seo_html_title":"","jetpack_seo_noindex":false,"_jetpack_memberships_contains_paid_content":false,"footnotes":"","_links_to":"","_links_to_target":""},"categories":[54,25,1961],"tags":[2548,92,323,1766,2012],"class_list":{"0":"post-19887","1":"post","2":"type-post","3":"status-publish","4":"format-standard","6":"category-loisirs","7":"category-salvagnac","8":"category-n-93-janvier-2014","9":"tag-salvagnac","10":"tag-cine","11":"tag-enfant","12":"tag-cinema","13":"tag-conte-dandersen"},"jetpack_featured_media_url":"","views":{"total":0,"cached_at":"","cached_date":1738525952},"jetpack_likes_enabled":true,"jetpack_sharing_enabled":true,"jetpack_shortlink":"https:\/\/wp.me\/pg7Wxj-5aL","jetpack-related-posts":[],"_links":{"self":[{"href":"https:\/\/www.o-p-i.fr\/parlonsen\/wp-json\/wp\/v2\/posts\/19887","targetHints":{"allow":["GET"]}}],"collection":[{"href":"https:\/\/www.o-p-i.fr\/parlonsen\/wp-json\/wp\/v2\/posts"}],"about":[{"href":"https:\/\/www.o-p-i.fr\/parlonsen\/wp-json\/wp\/v2\/types\/post"}],"author":[{"embeddable":true,"href":"https:\/\/www.o-p-i.fr\/parlonsen\/wp-json\/wp\/v2\/users\/4"}],"replies":[{"embeddable":true,"href":"https:\/\/www.o-p-i.fr\/parlonsen\/wp-json\/wp\/v2\/comments?post=19887"}],"version-history":[{"count":0,"href":"https:\/\/www.o-p-i.fr\/parlonsen\/wp-json\/wp\/v2\/posts\/19887\/revisions"}],"wp:attachment":[{"href":"https:\/\/www.o-p-i.fr\/parlonsen\/wp-json\/wp\/v2\/media?parent=19887"}],"wp:term":[{"taxonomy":"category","embeddable":true,"href":"https:\/\/www.o-p-i.fr\/parlonsen\/wp-json\/wp\/v2\/categories?post=19887"},{"taxonomy":"post_tag","embeddable":true,"href":"https:\/\/www.o-p-i.fr\/parlonsen\/wp-json\/wp\/v2\/tags?post=19887"}],"curies":[{"name":"wp","href":"https:\/\/api.w.org\/{rel}","templated":true}]}}