{"id":19911,"date":"2014-08-06T12:06:04","date_gmt":"2014-08-06T10:06:04","guid":{"rendered":"\/parlonsen\/?p=19911"},"modified":"2015-01-14T13:28:50","modified_gmt":"2015-01-14T11:28:50","slug":"vides-greniers-2014-au-pays-des-tescous","status":"publish","type":"post","link":"https:\/\/www.o-p-i.fr\/parlonsen\/localisation\/au-pays-des-tescous\/monclar\/vides-greniers-2014-au-pays-des-tescous\/","title":{"rendered":"Vides Greniers 2014&#8230; au Pays des Tescou&rsquo;s"},"content":{"rendered":"<p style=\"text-align: justify;\">\n<p style=\"text-align: justify;\">Cette page est destin\u00e9e aux organisateurs de Vide-Greniers, \u00e0 \u00a0ceux qui souhaitent exposer&#8230; et \u00e0 ceux qui veulent \u00ab\u00a0chiner\u00a0\u00bb au \u00ab\u00a0Pays des Tescou&rsquo;s\u00a0\u00bb et dans les environs.<!--more-->Vous organisez un \u00ab\u00a0vide-grenier\u00a0\u00bb, \u00ab\u00a0vide-garage\u00a0\u00bb, \u00ab\u00a0range ta chambre\u00a0\u00bb, \u00ab\u00a0vide jardin\u00a0\u00bb&#8230;faites le savoir gr\u00e2ce au site d&rsquo;O.P.I. des Tescou&rsquo;s et \u00e0 la lettre d&rsquo;information \u00a0\u00ab\u00a0Parlons-en\u00a0\u00bb envoy\u00e9e par courriel \u00e0 plus de 2300 familles qui vivent ici, au \u00ab\u00a0Pays des Tescou&rsquo;s\u00a0\u00bb : Adressez vos informations \u00e0 <a href=\"mailto:parlonsen@o-p-i.fr\"><strong>parlonsen@o-p-i<\/strong>.fr<\/a> en pr\u00e9cisant comme objet : \u00ab\u00a0vide-greniers\u00a0\u00bb. Si vous joignez le bulletin d&rsquo;inscription, les personnes int\u00e9ress\u00e9es pourront le t\u00e9l\u00e9charger.<\/p>\n<p><span style=\"font-size: 2em;\"><strong>Trop tard, ils ont d\u00e9j\u00e0 eu lieu<\/strong><\/span><\/p>\n<h5>Dimanche 2 f\u00e9vrier 2014<\/h5>\n<ul>\n<li><strong><strong>CASTELNAU DE MONTMIRAL<\/strong><\/strong> Vide grenier TOUS LES PREMIERS DIMANCHE de chaque mois.<br \/>\nT\u00e9l\u00e9charger l&rsquo;<a href=\"https:\/\/www.o-p-i.fr\/parlonsen\/wp-content\/uploads\/affiche-vg-castelnau.pdf\"><strong>Affiche Vide-greniers Castelnau de Montmiral<\/strong><\/a><br \/>\nT\u00e9l\u00e9charger l&rsquo;\u00a0<strong><a href=\"https:\/\/www.o-p-i.fr\/parlonsen\/wp-content\/uploads\/inscription-vide-grenier-castelnau-montmiral.pdf\">Inscription Vide-Greniers CASTELNAU de MONTMIRAL<\/a><\/strong><\/li>\n<\/ul>\n<h5>Dimanche 9 f\u00e9vrier 2014<\/h5>\n<ul>\n<li><strong><strong>LABASTIDE SAINT PIERRE<\/strong><\/strong> Bourse aux v\u00eatements organis\u00e9e par la FCPE<br \/>\nDe 9h. \u00e0 18h. au Foyer Rural. Buvette et restauration sur place.<br \/>\nRenseignements: Mme De GRandis 06 60 12 62 86<\/li>\n<\/ul>\n<h5>Dimanche 23 f\u00e9vrier 2014<\/h5>\n<ul>\n<li><strong><strong>SALVAGNAC<\/strong><\/strong> .\u00a0<strong><span style=\"color: #ff0000;\">ATTENTION !!! Cette manifestation est annul\u00e9e <\/span><\/strong><span style=\"text-decoration: line-through;\">\u00ab\u00a0Vide ta chambre\u00a0\u00bb organis\u00e9 par \u00ab\u00a0Le mouton \u00e0 carreaux\u00a0\u00bb<br \/>\nPour t\u00e9l\u00e9charger le bulletin d&rsquo;inscription, cliquez: <\/span><strong><a href=\"https:\/\/www.o-p-i.fr\/parlonsen\/wp-content\/uploads\/inscription-vide-ta-chambre-mouton-a-carreaux.pdf\"><span style=\"text-decoration: line-through;\">Inscription \u00ab\u00a0Vide ta Chambre\u00a0\u00bb MOUTON \u00e0 CARREAUX<\/span><br \/>\n<\/a>Prochaine date le 29 juin 2014<\/strong><\/li>\n<\/ul>\n<h5>Dimanche 2 mars 2014<\/h5>\n<ul>\n<li><strong><strong>MONCLAR de QUERCY<\/strong><\/strong> Grand Vide-greniers de Printemps organis\u00e9 par l&rsquo;APEL de l&rsquo;\u00e9cole Saint-Joseph<br \/>\nT\u00e9l\u00e9charger l&rsquo;<strong><a href=\"https:\/\/www.o-p-i.fr\/parlonsen\/wp-content\/uploads\/affiche-vide_grenier2014.pdf\">Affiche Vide Grenier APEL St Joseph<br \/>\n<\/a><\/strong>T\u00e9l\u00e9charger l<strong>&lsquo;<a href=\"https:\/\/www.o-p-i.fr\/parlonsen\/wp-content\/uploads\/inscriptionvg-monclar.pdf\">Inscription Vide-Greniers APEL St Joseph <\/a><\/strong><\/li>\n<li><strong><strong><strong>CASTELNAU DE MONTMIRAL<\/strong><\/strong> <\/strong>Vide grenier TOUS LES PREMIERS DIMANCHE de chaque mois.<br \/>\nT\u00e9l\u00e9charger l&rsquo;<strong><strong><a href=\"https:\/\/www.o-p-i.fr\/parlonsen\/wp-content\/uploads\/affiche-vg-castelnau.pdf\">Affiche Vide-greniers Castelnau de Montmiral<br \/>\n<\/a><\/strong><\/strong>T\u00e9l\u00e9charger l&rsquo;\u00a0<strong><strong><a href=\"https:\/\/www.o-p-i.fr\/parlonsen\/wp-content\/uploads\/inscription-vide-grenier-castelnau-montmiral.pdf\">Inscription Vide-Greniers CASTELNAU de MONTMIRAL<\/a><\/strong><\/strong><\/li>\n<\/ul>\n<h5>Dimanche 16 mars 2014<\/h5>\n<ul>\n<li><strong>SAINT ETIENNE DE TULMONT <\/strong><strong>Vide grenier organis\u00e9 par l&rsquo;association<a title=\"cliquez pour voir le site de l'association\" href=\"http:\/\/www.bb-cailloux-82.com\/\" target=\"_blank\"><strong> BB Cailloux 82<\/strong><\/a><\/strong><br \/>\nEntr\u00e9e gratuite \/ ouverture au public \u00e0 partir de 7h30<br \/>\nPossibilit\u00e9 de restauration sur place<br \/>\nExposants 6h30 \/18h30. Tarif: 3, 00 euros le m\u00e8tre lin\u00e9aire \/pas de table fournie\/<br \/>\nGrande tombola avec de nombreux lots \u00e0 gagner(tablette num\u00e9rique, percolateur, et d&rsquo;autres lots&#8230;)<br \/>\nRenseignements et inscriptions: 06-52-88-50-58\u00a0(CASTELA Katia-\u00a013h00-15h00\/ 19h00-21h00)<\/li>\n<\/ul>\n<h5>Dimanche 30 mars 2014<\/h5>\n<ul>\n<li><strong><strong>GAILLA<\/strong>C <\/strong>Vide greniers.\u00a0<strong>Ecole Eug\u00e9nie de Guerin St Charles<\/strong>. De\u00a08h \u00e0 18h<br \/>\nbuvette et restauration sur place<br \/>\nExposants : 3\u20ac le ml<br \/>\nRenseignements : 06\/86\/72\/53\/15\u00a0(Laeticia)<\/li>\n<li><strong><strong>MONCLAR DE QUERCY<\/strong> <\/strong>Vide greniers organis\u00e9 par l&rsquo;<strong>OT<\/strong> Esplanade des Lacs de 7h. \u00e0 18 h.<br \/>\nInscription \u00e0 l&rsquo;Office de Tourisme<br \/>\nT\u00e9l\u00e9charger<strong> <\/strong><strong><a href=\"https:\/\/www.o-p-i.fr\/parlonsen\/wp-content\/uploads\/vg-monclar-30_03_14.pdf\">le bulletin d&rsquo;inscription Vide Greniers MONCLAR<\/a><\/strong><\/li>\n<\/ul>\n<h5>Dimanche 6 avril 2014<\/h5>\n<ul>\n<li><strong><strong><strong>CASTELNAU DE MONTMIRAL<\/strong> <\/strong><\/strong>Vide grenier TOUS LES PREMIERS DIMANCHE de chaque mois.<br \/>\nT\u00e9l\u00e9charger l&rsquo;<a href=\"https:\/\/www.o-p-i.fr\/parlonsen\/wp-content\/uploads\/affiche-vg-castelnau.pdf\"><strong>Affiche Vide-greniers Castelnau de Montmiral<\/strong><\/a><br \/>\nT\u00e9l\u00e9charger l&rsquo;<strong> <strong><a href=\"https:\/\/www.o-p-i.fr\/parlonsen\/wp-content\/uploads\/inscription-vide-grenier-castelnau-montmiral.pdf\">Inscription Vide-Greniers CASTELNAU de MONTMIRAL<\/a><\/strong><\/strong><\/li>\n<li><strong><strong>RABASTENS<\/strong> <\/strong>Vide grenier du\u00a0<strong>SARC Rugby<br \/>\n<\/strong>Sur la promenade de 8h. \u00e0 19h.<br \/>\nRenseignements et inscriptions : Mr Michel 06 47 48 84 37 (de 9h. \u00e0 20 h).<\/li>\n<li><strong><strong>VERDALLE <\/strong><\/strong>Vide grenier de l<strong>&lsquo;<strong><a title=\"cliquez pour voir le site de l'\u00e9cole\" href=\"http:\/\/ecole.saint.jean.81.free.fr\/index.php\" target=\"_blank\">APEL \u00e9cole Saint Jean<\/a> <\/strong><\/strong>au lyc\u00e9e agricole TOUSCAYRATS<\/li>\n<li><strong><strong>NEGREPELISSE<\/strong> <\/strong>Bourse Pu\u00e9riculture\/V\u00eatements enfants de la\u00a0<strong>FCPE \u00e9cole primaire et maternelle de N\u00e9grepelisse<\/strong>.<br \/>\nEntr\u00e9e gratuite :\u00a0Boissons chaudes caf\u00e9, th\u00e9 et chocolat et boissons fra\u00eeches \u00e0 la vente. vente de g\u00e2teaux. paniers repas 4 euros<br \/>\nExposants : 6 \u20ac la table.\u00a0Installation possible \u00e0 partir de 8 h 15. \u00a0Pr\u00e9sence du d\u00e9but \u00e0 la fin de la bourse souhait\u00e9e, de 9 h \u00e0 17 h 00.<br \/>\nUne boisson chaude offerte aux exposants.<br \/>\nProposition d&rsquo;un maquillage pour les enfants sera organis\u00e9e tout au long de la journ\u00e9e (activit\u00e9 payante).<br \/>\nIl sera demand\u00e9 \u00e0 chaque exposant de ne pas laisser dans la salle de d\u00e9chets encombrants apr\u00e8s leur passage (type cartons vides ou autres)<br \/>\nRenseignements et inscriptions : \u00a0\u00a0t\u00e9l\u00e9phone :\u00a006.08.76.37.70\u00a0(Nathalie)<\/li>\n<li><strong><strong>VAISSAC<\/strong> <\/strong>Vide grenier de l&rsquo;\u00e9cole de Va\u00efssac<br \/>\nSalle des F\u00eates\u00a082800-Va\u00efssac<br \/>\nAccueil des exposants \u00e0 partir de 8 heures. Caf\u00e9 et biscuits offerts.<br \/>\nTarifs : Int\u00e9rieur : 1 table (1 m 80) : 6 \u20ac\u00a0&#8211; 2 tables (3 m 60) : 10 \u20ac<br \/>\nExt\u00e9rieur : 1 emplacement de 4 m : 8 \u20ac<br \/>\nRestauration, buvette.<\/li>\n<\/ul>\n<h5>Dimanche 13 avril 20214<\/h5>\n<ul>\n<li><strong><strong>CORBARIEU<\/strong> (82)<\/strong><br \/>\nvide grenier organis\u00e9 par les \u00e9coles et l&rsquo;association des parents d&rsquo;\u00e9l\u00e8ves de corbarieu<br \/>\nde 7h \u00e0 17h30 sur la place du village<br \/>\nemplacement de 4m x 2.5m \u00a0prix 10\u20ac (tables non fournies)<br \/>\nbuvette et restauration possible sur place<br \/>\ncaf\u00e9 offert aux exposants<br \/>\nbulletin d&rsquo;inscription \u00e0 demander par t\u00e9l\u00e9phone (05 63 67 87 65\u00a0 ou 06 30 00 31 33) ou mail \u00e0 l&rsquo;adresse suivante : ce.0820739H@ac-toulouse.fr<\/li>\n<\/ul>\n<h5>Dimanche 20 avril 2014<\/h5>\n<ul>\n<li><strong><strong>LISLE SUR TARN<\/strong> <\/strong>14\u00b0 Vide-greniers organis\u00e9 par l&rsquo;<strong>Amicale des Ecoles Publiques<\/strong><br \/>\nRenseignements : 06 52 76 18 71 (apr\u00e8s 18 h. laisser un message) Courriel:\u00a0<a href=\"mailto:vide.grenier.lisle@gmail.com\">vide.grenier.lisle@gmail.com<\/a><\/li>\n<\/ul>\n<h5>Lundi 21 avril 2014<\/h5>\n<ul>\n<li><strong><strong>SAINT NAUPHARY<\/strong> V<\/strong>ide-greniers organis\u00e9 par l&rsquo;<strong>Association Lo Reviscol<\/strong><br \/>\nde 06h00 \u00e0 18h00<br \/>\nTarif du m\u00e8tre lin\u00e9aire 2,00 \u20ac<br \/>\nRenseignements au 05 63 26 40 44 ou 05 63 67 87 84<br \/>\nT\u00e9l\u00e9charger\u00a0<strong><a href=\"https:\/\/www.o-p-i.fr\/parlonsen\/wp-content\/uploads\/inscription-vide-grenier-lo-revicol.pdf\">le bulletin d&rsquo;inscription Vide Greniers \u00ab\u00a0Lo Reviscol\u00a0\u00bb<\/a><\/strong><\/li>\n<li><strong><strong>GENEBRIERES<\/strong><\/strong> Le club des A\u00een\u00e9s de Genebrieres organise un vide grenier lundi 21 avril (lundi de P\u00e2ques) dans la salle des f\u00eates et sur la place du village. Tarif des emplacements\u00a0: 4\u20ac le ml dans la salle des f\u00eates avec tables fournies\u00a0; \u00e0 l&rsquo;ext\u00e9rieur 2,50\u20ac le ml ou 10\u20ac les 5 ml.<br \/>\n<span style=\"font-size: 13px;\">Renseignements au 05 63 30 45 85 ou 05 63 30 41 82<\/span><\/li>\n<\/ul>\n<h5>Dimanche 27 avril 2014<\/h5>\n<ul>\n<li><strong><strong>SAINT URCISSE<\/strong><\/strong> Vide Jardin dans le cadre des\u00a0<strong><a title=\"voir l'article\" href=\"https:\/\/www.o-p-i.fr\/parlonsen\/parlons-en\/culture\/5emes-vies-de-jardin-dans-son-edition-de-printemps-a-saint-urcisse-81\/\" target=\"_blank\">Cinqui\u00e8mes Vies de Jardins de printemps<\/a><\/strong><br \/>\nR\u00e9servation sur place, 5\u20ac les 3 ml. Renseignements : 06 13 18 20 48<\/li>\n<\/ul>\n<h5>Dimanche 4 mai 2014<\/h5>\n<ul>\n<li><strong>LEOJAC<\/strong> Vide-greniers de la<strong> Soci\u00e9t\u00e9 de Chasse<\/strong><br \/>\nPrix des emplacements :<br \/>\n-ext\u00e9rieur : 10 euros l&#8217;emplacement de 5mx5m (possibilit\u00e9 de v\u00e9hicule sur le stand)<br \/>\n-int\u00e9rieur : 5 euros le m\u00e8tre avec tables et chaises fournies<br \/>\nR\u00e9servation avant le 28 avril<br \/>\nAucune r\u00e9servation ne sera prise en compte sans le r\u00e8glement<\/li>\n<\/ul>\n<ul>\n<li><strong><strong><strong>CASTELNAU DE MONTMIRAL<\/strong> <\/strong><\/strong>Vide grenier TOUS LES PREMIERS DIMANCHE de chaque mois.<br \/>\nT\u00e9l\u00e9charger l<strong>&lsquo;<a href=\"https:\/\/www.o-p-i.fr\/parlonsen\/wp-content\/uploads\/affiche-vg-castelnau.pdf\"><strong>Affiche Vide-greniers Castelnau de Montmiral<\/strong><\/a><\/strong><br \/>\nT\u00e9l\u00e9charger l&rsquo;<strong> <strong><a href=\"https:\/\/www.o-p-i.fr\/parlonsen\/wp-content\/uploads\/inscription-vide-grenier-castelnau-montmiral.pdf\">Inscription Vide-Greniers CASTELNAU de MONTMIRAL<\/a><\/strong><\/strong><\/li>\n<li><strong><strong>RABASTENS<\/strong> . <\/strong>quartier du Ch\u00e2teau. de 8h. \u00e0 19h.<br \/>\nRenseignements : Mme Courel, 12 rue du Ch\u00e2teau<\/li>\n<li><strong><strong>GAILLAC<\/strong>.<\/strong> Vide greniers annuel Quai Saint Jacques, rives du Tarn<\/li>\n<\/ul>\n<h5>Jeudi 8 mai 2014<\/h5>\n<ul>\n<li><strong><strong>VILLEMUR SUR TARN \/ LE TERME<\/strong> <\/strong>Rue de l&rsquo;\u00e9glise St Etienne<br \/>\n2\u20ac le m\u00e8tre linaire (2m minimum).\u00a0Installation entre 6h et 8h<br \/>\nPour le vide-grenier demander par mail le bon d&rsquo;inscription.<br \/>\nPour la foire (professionnels) demander par mail le contrat d&#8217;emplacement.<br \/>\n<a href=\"https:\/\/www.facebook.com\/comitedesfete.duterme\" target=\"_blank\"><strong>https:\/\/www.facebook.com\/comitedesfete.duterme<\/strong><\/a><\/li>\n<\/ul>\n<h5>Dimanche 11 mai 2014<\/h5>\n<ul>\n<li><strong><strong>ORGUEIL<\/strong> <\/strong>Vide -greniers, vide -jardin, Foire aux plantes. Organis\u00e9 par la\u00a0<strong>\u00ab\u00a0P\u00e9tanque Orgueilloise\u00a0\u00bb<\/strong><br \/>\nPour t\u00e9l\u00e9charger \u00a0le bulletin d&rsquo;inscription:<strong><a href=\"https:\/\/www.o-p-i.fr\/parlonsen\/wp-content\/uploads\/inscription-vide-grenier-orgueil1.pdf\">Inscription Vide-Greniers Orgueil<\/a><\/strong><\/li>\n<li><strong><strong>MONCLAR DE QUERCY<\/strong><\/strong> Salon des Arts Cr\u00e9atifs, Festi-fleurs, vide Jardins<br \/>\nT\u00e9l\u00e9charger\u00a0<strong><a href=\"https:\/\/www.o-p-i.fr\/parlonsen\/wp-content\/uploads\/bulletin-inscription-arts-creatifs-vide-jardins.pdf\">le bulletin d&rsquo;inscription Arts Cr\u00e9atifs\/Vide jardins<\/a><\/strong><\/li>\n<\/ul>\n<h5>Dimanche 18 mai 2014<\/h5>\n<ul>\n<li><strong><strong>SAINT NAUPHARY<\/strong><\/strong> Vide-Grenier de l&rsquo;<strong>Association des Parents d&rsquo;El\u00e8ves<br \/>\n<\/strong><span style=\"font-size: 13px;\">Tarif: 2\u20ac le m\u00e8tre lin\u00e9aire. Renseignements : Madame Pascale HEUZEY, 06 \u00a017 38 52 21<br \/>\nT\u00e9l\u00e9charger le bulletin d&rsquo;inscription:<\/span><strong> <a href=\"https:\/\/www.o-p-i.fr\/parlonsen\/wp-content\/uploads\/inscription-vide-grenier-ape-st-nauphary.pdf\">Inscription Vide-greniers A.P.E. St Nauphary<\/a><\/strong><\/li>\n<\/ul>\n<ul>\n<li><strong><strong>CONDEL-GRAZAC<\/strong> <\/strong>Vide Greniers<strong> <\/strong>organis\u00e9 par la MJC<br \/>\nInscriptions jusqu&rsquo;au 10 mai par t\u00e9l\u00e9phone: Sabrina 06.03.34.35.93\u00a0ou par mail :\u00a0<a href=\"mailto:videgrenier.grazac@gmail.com\">videgrenier.grazac@gmail.com<\/a> .<span style=\"font-size: 13px;\">Tarif: 3 \u20ac le ml<br \/>\nInscription possible en t\u00e9l\u00e9chargeant le bulletin d&rsquo;inscription :<strong> <a href=\"https:\/\/www.o-p-i.fr\/parlonsen\/wp-content\/uploads\/inscrip-vg-grazac2014.pdf\">Cliquez pour t\u00e9l\u00e9charger le bulletin d&rsquo;inscription<\/a><\/strong><\/span><\/li>\n<\/ul>\n<h5>Dimanche 25 mai 2014<\/h5>\n<ul>\n<li><strong><strong>MONCLAR DE QUERCY<\/strong> <\/strong>Vide-Grenier de l&rsquo;<strong>Union Sportive Monclar Quercy Vert<br \/>\n<\/strong>De 8 h \u00e0 19 heures \u00e0 l\u2019esplanade\u00a0 \/ Pour les exposants : installation \u00e0 partir de 6h00<br \/>\nRestauration et buvette sur place\u00a0 (Grillades : saucisse\/merguez &#8211; Frites- glaces)<br \/>\nRenseignements : 06 25 58 60 27 ou 06 79 80 15 91 H.R. ou 06 82 37 19 65<strong><br \/>\n<\/strong>T\u00e9l\u00e9charger le bulletin d&rsquo;inscription :\u00a0<a href=\"https:\/\/www.o-p-i.fr\/parlonsen\/wp-content\/uploads\/videgrenier-footmonclar2014.pdf\"><strong>videgrenier-footmonclar2014<\/strong><\/a><\/li>\n<\/ul>\n<ul>\n<li><strong><strong>SALVAGNAC<\/strong> <\/strong>Vide Greniers<strong> <\/strong>de l&rsquo;APE de l&rsquo;\u00e9cole Canta grelh de Salvagnac<br \/>\nA l&rsquo;\u00e9cole de Salvagnac, de 8h \u0105 18h, restauration sur place (buvette, grillades, frites, tartines pour le petit d\u00e9jeuner).<br \/>\nPour les exposants (installation de 7h \u00e0 8h)<br \/>\n3 euros \/ml et 5 euros\/ml pour les professionnels. Tables non fournies.<br \/>\nInscription au 06.09.72.06.16 Sandra PONS<\/li>\n<\/ul>\n<h5>Jeudi 29 mai 20145<\/h5>\n<ul>\n<li><strong><strong>LE BORN<\/strong><\/strong> l&rsquo;<strong>A.P.E. de LE BORN<\/strong> (Association de Parents d&rsquo;El\u00e8ves) organise une foire \u00e0 tout \/ vide grenier<br \/>\nde 6h00 \u00e0\u00a018h00 sur la place du village.<br \/>\n2 euros le m\u00e8tre. Inscriptions au 06.27.47.01.06\u00a0\/ 05.62.22.16.47 \/ 06.79.26.76.47<br \/>\nT\u00e9l\u00e9charger le bulletin d&rsquo;inscription :<strong> <a href=\"https:\/\/www.o-p-i.fr\/parlonsen\/wp-content\/uploads\/foire-a-tout-le-born-bulletin-dinscription.pdf\">foire-a-tout-le-born-bulletin-dinscription<\/a><\/strong><\/li>\n<\/ul>\n<ul>\n<li><strong><strong>TAURIAC<\/strong><\/strong> <span style=\"font-size: 13px;\">l&rsquo;Association\u00a0<strong>AVEM LESER<\/strong> organise une foire \u00e0 tout \/ vide grenier<br \/>\n<\/span><span style=\"font-size: 13px;\">de 6h00 \u00e0\u00a018h00 sur la place du village.<br \/>\n<\/span><span style=\"font-size: 13px;\">Buvette &#8211; sandwichs &#8211; restauration sur place<br \/>\n<\/span><span style=\"font-size: 13px;\">Tarifs des emplacements de 5 m\u00e8tres fixes\u00a0Particuliers 5\u20ac\u00a0\u00a0\u00a0 Professionnels 20\u20ac<br \/>\n<\/span><span style=\"font-size: 13px;\">T\u00e9l\u00e9charger le bulletin d&rsquo;inscription:<\/span><strong> <a href=\"https:\/\/www.o-p-i.fr\/parlonsen\/wp-content\/uploads\/les-greniers-de-tauriac-2014-bulletin-inscription.pdf\">les-greniers-de-tauriac-2014-bulletin-inscription<br \/>\n<\/a><\/strong><\/li>\n<li><strong><strong>GIROUSSENS<\/strong><\/strong> Vide greniers organis\u00e9 par le comit\u00e9 des f\u00eates<br \/>\nCliquez<strong> <a title=\"cliquez\" href=\"https:\/\/sites.google.com\/site\/comitegiroussens\/vide-grenier\" target=\"_blank\">ici pour voir le site de lamanifestation<\/a><\/strong><\/li>\n<\/ul>\n<h5>1 juin 2014<\/h5>\n<ul>\n<li><strong><strong>REYNIES<\/strong><\/strong> Vide Greniers \u00e0 th\u00e8me :\u00a0<strong>Puces des couturi\u00e8res<\/strong><br \/>\norganis\u00e9es par l&rsquo;association\u00a0<strong>Reyni\u00e8s Couture<\/strong> \u00e0 la salle des f\u00eates de Reyni\u00e8s.<br \/>\nContact\u00a0: BELDA Marie-Paule au 05 63 30 56 88<br \/>\nInscription avant le 20 mai 2014.\u00a0<span style=\"font-size: 13px;\">T\u00e9l\u00e9charger le bulletin d&rsquo;inscription :\u00a0<strong><a href=\"https:\/\/www.o-p-i.fr\/parlonsen\/wp-content\/uploads\/pucesreynies.pdf\">bulletin-pucesreynies<\/a><\/strong><\/span><\/li>\n<li><span style=\"font-size: 13px;\"><strong><strong>MONTEILS<\/strong>.<\/strong> Vide grenier de l&rsquo;Association de Parents d&rsquo;El\u00e8ves.<br \/>\nRenseignements : 06 89 36 17 00 \u00a0apemonteils@gmail.com<\/span><\/li>\n<\/ul>\n<h5>Dimanche 8 juin 2014<\/h5>\n<ul>\n<li><strong><strong>CORDES SUR CIEL<\/strong><\/strong> Vide greniers organis\u00e9 par l&rsquo;Amicale des Pompiers au stade (suivre direction Bournazel)<br \/>\nInscription sur place de 6h. \u00e0 10h. Pr\u00e9sentation de la carte d&rsquo;identit\u00e9 obligatoire. 13\u20ac les 5 m\u00e8tres lin\u00e9aires<br \/>\nRenseignements : t\u00e9l 05 63 56 95 11<br \/>\nEmplacements ombrag\u00e9s. Buvette &amp; sandwidcherie<\/li>\n<li><strong><strong>CORDES SUR CIEL<\/strong>.<\/strong> Bourse toutes collections organis\u00e9e par le Cercle Philat\u00e9lique du Pays Cordais \u00e0 la Salle du Stade<br \/>\nRenseignements et inscription : t\u00e9l 05 63 56 16 85<\/li>\n<li><strong><strong>SAINT ETIENNE DE TULMONT<\/strong>:<\/strong> L&rsquo;association des artisans et des commer\u00e7ants st\u00e9phanois vous invite \u00e0 participer \u00e0 son vide grenier\u00a0<span style=\"font-size: 13px;\">sur la place du Tulmonenc ( ou dans la salle des f\u00eates en cas de mauvais temps) .<br \/>\nL&#8217;emplacement est fix\u00e9 3 \u20ac le m\u00e8tre lin\u00e9aire (emplacements de 3ml) <\/span><span style=\"font-size: 13px;\">r\u00e9servation <\/span><span style=\"font-size: 13px;\">Buvette et restauration sur place <\/span><span style=\"font-size: 13px;\"><br \/>\n<\/span><span style=\"font-size: 13px;\">Infos et r\u00e9servation\u00a0avant le vendredi 7 Juin: <\/span><span style=\"font-size: 13px;\">Artisans et commer\u00e7ants st\u00e9phanois 10 rue du march\u00e9 82410\u00a0SAINT ETIENNE DE TULMONT<br \/>\n<\/span><span style=\"font-size: 13px;\">(Carine DELORD 05.63.65.70.66 ou Yoann PASCAL 06.20.48.91.07) ou sur le site de l&rsquo;association\u00a0<a title=\"cliquez\" href=\"http:\/\/assocommerce82410.free.fr\" target=\"_blank\"><strong>http:\/\/assocommerce82410.free.fr<\/strong><\/a><br \/>\n<\/span><span style=\"font-size: 13px;\">La mise en place d\u00e9butera \u00e0 6h30 et tous les v\u00e9hicules devront \u00eatre d\u00e9gag\u00e9s avant 8 heures.<\/span><\/li>\n<li><span style=\"font-size: 13px;\"><strong><strong>BRUNIQUIEL<\/strong> <\/strong>VIDE GRENIERS organis\u00e9 par le comit\u00e9 des f\u00eates : 5 \u20ac pour les habitants de la Commune \u00a0et 10 \u20ac pour les gens des environs.<br \/>\nPetite restauration, boissons fra\u00eeches. Renseignements : 05.63.24.14.31 ou OT : 05.63.67.29.84 &#8211;\u00a0<strong><a href=\"http:\/\/www.bruniquel.fr\/\" target=\"_blank\">http:\/\/www.bruniquel.fr\/<\/a><\/strong><\/span><\/li>\n<li><span style=\"font-size: 13px;\"><strong><strong>LISLE SUR TARN<\/strong><\/strong> Vide-\u00e9curies \u00e0 l&rsquo;\u00e9 curies du ROUSSET (proche Salvagnac) (Le Rousset)\u00a09h \u00e0 17h (accueil des exposants \u00e0 partir de 8 heures)<br \/>\nEmplacement: 3 euros le m\u00e8tre lin\u00e9aire (pas de table \u00e0 disposition)\u00a0<span style=\"font-size: 13px;\"> <\/span><strong><a href=\"http:\/\/frederique-vigne.com\/\" target=\"_blank\">h<strong>ttp:\/\/frederique-vigne.com\/<\/strong><\/a><\/strong><br \/>\nDes animations \u00e9questres (travail des chevaux dans diff\u00e9rentes disciplines: dressage, libert\u00e9, longues r\u00eanes) avec des chevaux de pure race espagnole et frison.<br \/>\nRestauration : La Cr\u00eape chantante sera sur place pour vous proposer de d\u00e9licieuses cr\u00eapes sucr\u00e9es et galettes de sarrasin sal\u00e9es.Buvette.Toilettes<\/span><\/li>\n<\/ul>\n<h5>8 &amp; 9 juin 2014<\/h5>\n<ul>\n<li><span style=\"font-size: 13px;\"><strong><strong>BESSIERES<\/strong><\/strong> : 31\u00e8me Foire \u00e0 Tout, mat\u00e9riel agricole, brocante; vide-greniers<br \/>\nR\u00e9servation : Syndicat Agricole de Bessi\u00e8res<br \/>\nT\u00e9l\u00e9phone 05 34 26 43 16 (heure des repas) ou\u00a0<a href=\"mailto:bernard-dal@orange.fr\">bernard-dal@orange.fr<\/a><\/span><\/li>\n<\/ul>\n<h5>Dimanche 15 juin 2014<\/h5>\n<ul>\n<li><strong><strong>MONTRICOUX<\/strong> <\/strong>Vide greniers organis\u00e9 par le\u00a0<strong><strong>R\u00e9veil Occitan du Tarn et Garonne<\/strong><br \/>\nPour t\u00e9l\u00e9charger le bulletin d&rsquo;inscription, cliquez ici :<a href=\"https:\/\/www.o-p-i.fr\/parlonsen\/wp-content\/uploads\/vide-grenier-2014-bulletin-dinscrition-reviscol.pdf\"><strong>Bulletin d&rsquo;inscription<\/strong><\/a><\/strong><\/li>\n<\/ul>\n<ul>\n<li><strong><strong>MAZERAC<\/strong> :<\/strong><strong> <\/strong>Bourse aux graines et Vide greniers organis\u00e9s par l&rsquo;association des\u00a0<strong>Jardins Familiaux aux Rives de Mazerac<\/strong><br \/>\nInfos et r\u00e9servations: Thierry LABEUCHE (05 63 33 59 44) ou Eliane MOLINARI (05 63 33 36 00)<br \/>\nTarif : 3 \u20ac le ml<br \/>\nRestauration sur place sur r\u00e9servation (15 \u20ac adultes, 7 \u20ac \u00e0 partir de 12 ans)<br \/>\n<strong><br \/>\n<\/strong><\/li>\n<li><strong><strong>BIOULE<\/strong><\/strong> : Vide grenier organis\u00e9 par l&rsquo;association \u00ab Auto-moto \u00bb. Toute la journ\u00e9e sur la plaine de jeux de La Cale, \u00e0 l&rsquo;entr\u00e9e du village.<br \/>\nRenseignements : 06 20 25 61 07.<br \/>\nT\u00e9l\u00e9charger le bulletin d&rsquo;inscription en cliquant\u00a0<strong><a href=\"https:\/\/www.o-p-i.fr\/parlonsen\/wp-content\/uploads\/ins-vg-bioule-automoto.pdf\">Inscription Vide-greniers AutoMoto BIOULE<\/a><\/strong><\/li>\n<\/ul>\n<h5>Dimanche 22 juin 2014<\/h5>\n<ul>\n<li><strong><strong>GAILLAC<\/strong> <\/strong>Vide-greniers de la MJC de Gaillac, Dans le parc de Pichery<br \/>\nRestauration et buvette sur place<br \/>\nPrix de l&#8217;emplacement:9\u20ac les 3 ml<br \/>\nRenseignements: MJC Gaillac: 05 63 57 03 70 mjcgaillac@mjcgaillac.org<br \/>\nPour t\u00e9l\u00e9charger le bulletin d&rsquo;inscription, cliquez ici<strong> <span style=\"text-decoration: underline;\"><a href=\"https:\/\/www.o-p-i.fr\/parlonsen\/wp-content\/uploads\/inscriptionvg-gaillacmjc20141.pdf\">inscriptionvg-gaillacmjc20141<\/a><\/span><\/strong><\/li>\n<\/ul>\n<h5>Samedi 28 juin 2014<\/h5>\n<ul>\n<li><strong><strong>VAOUR<\/strong> <\/strong>Jour de f\u00eate d\u00e9fil\u00e9 burlesque , concert et repas \u00ab\u00a0auberge espagnole\u00a0\u00bbdans le village Vide Greniers<br \/>\nOrganis\u00e9 par\u00a0Familles rurales Vaour.<br \/>\nRenseignements: 05.63.56.39.23 ou 06.37.90.64.55<\/li>\n<\/ul>\n<h5>Dimanche 29 juin 2014<\/h5>\n<ul>\n<li><strong><strong>SAINT NAUPHARY<\/strong><\/strong> Vide-greniers organis\u00e9 par le\u00a0<strong>SNAC omnisport.<\/strong><br \/>\nAU STADE DE SAINT NAUPHARY A PARTIR DE 8 H 30 ET TOUTE LA JOURNEE. BUVETTE RESTAURATION SUR PLACE<br \/>\n120 places de 5mx5 au prix de 10 euros<br \/>\nRENSEIGNEMENTS: 05 63 67 96 37 et 06 72 90 35 63 ou 06 16 80 06 20 ou sur le site :\u00a0<a title=\"Cliquez pour voir le site\" href=\"http:\/\/www.saint-nauphary-omnisport.com\/\" target=\"_blank\"><strong>http:\/\/www.saint-nauphary-omnisport.com\/<\/strong><\/a><br \/>\nPour t\u00e9l\u00e9charger le bulletin d&rsquo;inscription, cliquez :<strong><a href=\"https:\/\/www.o-p-i.fr\/parlonsen\/wp-content\/uploads\/vg-stno-omnispport.pdf\">vg-stno-omnispport<br \/>\n<\/a><\/strong><span style=\"font-size: 13px;\">Inscription et r\u00e8glement \u00e0 retourner avant le 26 juin \u00e0 :<\/span><span style=\"font-size: 13px;\">Mr BOURGEOIS Michel, <\/span><span style=\"font-size: 13px;\">357 chemin Combet <\/span><span style=\"font-size: 13px;\">82370 SAINT NAUPHARY<\/span><\/li>\n<\/ul>\n<h5>Dimanche 13 juillet 2014<\/h5>\n<ul>\n<li><span style=\"font-size: 13px;\"><strong><strong>PENNE du TARN<\/strong><\/strong> Vide-grenier au bord de l&rsquo;eau \u00e0 PENNE organis\u00e9 par l<strong>&lsquo;A.A.P.P.M.A de PENNE<\/strong><br \/>\n<\/span><span style=\"font-size: 13px;\">Renseignements et inscriptions Claude SOULEIL au 06.11.72.64.45<br \/>\n<\/span><span style=\"font-size: 13px;\">au bord de l&rsquo;Aveyron <\/span><span style=\"font-size: 13px;\">81140-PENNE du TARN<\/span><\/li>\n<\/ul>\n<h5>Dimanche 20 juillet 2014<\/h5>\n<ul>\n<li><strong><strong>BIOULE<\/strong><\/strong> : Vide-grenier et March\u00e9 du terroir organis\u00e9 par le Comit\u00e9 des F\u00eates<br \/>\nEmplacements: 2\u20ac le ml (minimum 3 ml)<br \/>\nRenseignements et r\u00e9servation: 06 33 69 85 74 ou 06 16 19 55 48 ou 06 11 30 11 83<br \/>\nBuvette, Saucisse frites. Repas et Bal musette en soir\u00e9e<br \/>\nBulletin d&rsquo;inscription \u00e0 t\u00e9l\u00e9charger en cliquant\u00a0<a href=\"https:\/\/www.o-p-i.fr\/parlonsen\/wp-content\/uploads\/vide-grenier-bioule.pdf\"><strong>inscription vide-grenier BIOULE<\/strong><\/a> et \u00e0 retourner:<br \/>\nMadame M. Elleboode, 4 place de l&rsquo;Eglise OU BIEN Garage VILLETTE, rte du Bridou, \u00a082800 BIOULE<\/li>\n<\/ul>\n<h5>Dimanche 27 juillet 2014<\/h5>\n<ul>\n<li><strong><strong>PEYROLE<\/strong><\/strong> Vide-greniers organis\u00e9 par le comit\u00e9 des f\u00eates<br \/>\nInformations et r\u00e9servations : Nathalie : 06 50 76 97 35 m\u00e9l:\u00a0natcantoro@yahoo.fr<\/li>\n<li><strong><strong>LARROQUE<\/strong><\/strong> Vide-grniers, site ombrag\u00e9, restauration sur place<br \/>\nEmplacements: 3\u20ac le ml \u00a0Contact : 06 20 89 03 77<\/li>\n<li><strong><strong>BRUNIQUEL<\/strong><\/strong> Vide-grniers\u00a0organis\u00e9 par le comit\u00e9 des f\u00eates : 5 \u20ac pour les habitants de la Commune de BRUNIQUEL et 10 \u20ac pour les gens des environs. Petite restauration, boissons fra\u00eeches. Renseignements : 05.63.24.14.31 ou OT : 05.63.67.29.84 &#8211; tourisme-bruniquel@wanadoo.f<\/li>\n<\/ul>\n<h5>Dimanche 10 Ao\u00fbt 2014<\/h5>\n<ul>\n<li><strong><strong>GAILLAC<\/strong> <\/strong>: Vide grenier de particuliers uniquement. Toute la journ\u00e9e &#8211; Rue Portal<br \/>\nContact : Graziella Lenormand\u00a0<a href=\"mailto:graziella.lenormand@gmail.com\">graziella.lenormand@gmail.com<\/a><\/li>\n<\/ul>\n<h5>Vendredi 22 ao\u00fbt 2014<\/h5>\n<ul>\n<li><strong><strong>PUYCELCI<\/strong><\/strong> Vide greniers nocturne organis\u00e9 par le Comit\u00e9 des f\u00eates. A partir de 17 heures<br \/>\nRenseignements : 06 03 27 28 81.<br \/>\nPour t\u00e9l\u00e9charger le r\u00e8glement du vide-greniers, cliquez ici :\u00a0<a style=\"font-weight: bold;\" href=\"https:\/\/www.o-p-i.fr\/parlonsen\/wp-content\/uploads\/reglement-du-vide-grenier-puycelci.pdf\">R\u00e8glement Vide-greniers Puycelci 2014<\/a><strong> <\/strong><br \/>\nPour t\u00e9l\u00e9charger le bulletin d&rsquo;inscription, cliquez ici :\u00a0<strong> <a href=\"https:\/\/www.o-p-i.fr\/parlonsen\/wp-content\/uploads\/fiche-d-inscription-vide-grenier-puycelci.pdf\">Fiche d&rsquo;inscription vide-greniers Puycelci 2014<\/a><\/strong><\/li>\n<\/ul>\n<h5>Samedi 23 ao\u00fbt 2014<\/h5>\n<ul>\n<li><strong><strong>VERLHAC TESCOU<\/strong> <\/strong>Vide grenier au au profit du\u00a0<strong>centre de Loisirs Verlhac Oxyg\u00e8ne<\/strong> et en collaboration avec le\u00a0<strong>foyer Rural de Verlhac Tescou<\/strong> le samedi 23 Ao\u00fbt 2014 lors de la f\u00eate du village de 8h \u00e0 18h.<br \/>\nBuvette et Sandwichs. Exposants: Inscription au 06 50 98 57 98 ou 05 63 30 41 78.<br \/>\nTarif :\u00a03EUR le m\u00e8tre lin\u00e9aire et 2EUR \u00e0 partir du 3\u00e8me m\u00e8tre.<br \/>\nR\u00e8glement \u00e0 la r\u00e9servation<br \/>\nPour t\u00e9l\u00e9charger votre bulletin d&rsquo;inscription \u00e0 retourner avec votre r\u00e8glement \u00e0 l&rsquo;association Verlhac-Oxyg\u00e8ne, 2977 chemin de la Vinouze \u00a082230 Verlhac Tescou, cliquez sur le lien suivant:\u00a0<strong><a href=\"https:\/\/www.o-p-i.fr\/parlonsen\/wp-content\/uploads\/inscription-vide-greniers-verlhac.pdf\">inscription-vide-greniers-verlhac<\/a><\/strong><\/li>\n<\/ul>\n<h5>Dimanche 31 Ao\u00fbt 2014<\/h5>\n<ul>\n<li><strong><strong>MONCLAR de QUERCY<\/strong> : <\/strong>Vide Grenier organis\u00e9 par le Comit\u00e9 des F\u00eates de Bonnanech \u00e0 l&rsquo;esplanade des Lacs<br \/>\nT\u00e9l. : 06 27 39 87 50<\/li>\n<li><strong><strong>LE VERDIER<\/strong> <\/strong>Organis\u00e9 par le Comit\u00e9 des f\u00eates Parking salle des fetes<br \/>\n2.5\u20ac le ml\u00a0\u00e0 partir de 5 ml possibilit\u00e9 de garer le v\u00e9hicule sur l&#8217;emplacement<br \/>\nCaf\u00e9 et viennoiserie offert a votre arriv\u00e9e ainsi que l &lsquo;ap\u00e9ritif \u00e0 midi<br \/>\nRestauration et buvette sur place<br \/>\nContact :\u00a0au 05.63.33.98.57 HR ou au 06.79.62.72.86.\u00a0<a class=\"link\" href=\"https:\/\/fr-fr.facebook.com\/comitedesfetes.verdier\" target=\"_blank\"><strong>https:\/\/fr-fr.facebook.com\/comitedesfetes.verdier<\/strong><\/a><\/li>\n<\/ul>\n<h5>Dimanche 7 Septembre 2014<\/h5>\n<ul>\n<li><strong><strong>SAINT\u00a0 ETIENNE DE TULMONT<\/strong> <\/strong>: Vide Greniers du Club des Ain\u00e9s St\u00e9phanois \u00e0 la Salle des F\u00eates<br \/>\nT\u00e9l\u00e9charger le bulletin\u00a0<a href=\"https:\/\/www.o-p-i.fr\/parlonsen\/wp-content\/uploads\/vg-stetiennesept2014.pdf\">en cliquant ici<\/a><\/li>\n<\/ul>\n<ul>\n<li><strong><strong>VILLEBRUMIER<\/strong> <\/strong>: le comit\u00e9 des f\u00eates de Villebrumier organise son traditionnel vide grenier<br \/>\nPour de plus amples renseignement sur la r\u00e9servation des places et le tarif,\u00a0 joindre Ang\u00e9lique au 06.71.66.42.90. ou 06 20 49 17 91 apr\u00e8s 17 h.<br \/>\nTarif : 2\u20ac le ml .<br \/>\nEn m\u00ebme temps, Forum des associations<\/li>\n<li><strong><strong>SAURS\/LISLE SUR TARN<\/strong><\/strong> 4\u00e8me vide-greniers \u00e0 SAURS (81 &#8211; commune de Lisle sur Tarn) organis\u00e9 par la SAPE (Saurs Animation Patrimoine Environnement) \u00a0\u00e0\u00a04km de Lisle sur Tarn et 4km de Gaillac<br \/>\n5 euros les 3 m\u00e8tres<br \/>\nDate limite d&rsquo;inscription : 30 Ao\u00fbt 2014<br \/>\nPossibilit\u00e9 de se garer facilement.<br \/>\nPour tous renseignements compl\u00e9mentaires ou inscriptions, contacter<br \/>\nAlain Lassale au 06.88.32.42.88 ou Nathalie Durier au 06.82.45.13.73<br \/>\nVous pouvez \u00e9galement envoyer un mail sur n.durier@orange.fr<\/li>\n<\/ul>\n<h5>Dimanche 14 septembre 2014<\/h5>\n<ul>\n<li><strong><strong>REYNIES<\/strong> <\/strong>Vide-greniers\/Vide-jardins organis\u00e9 par l&rsquo;<strong>Ensemble Vocal de Reynies<\/strong><br \/>\nRenseignements : 06 70 02 26 70 ou 05 63 03 78 52 ou 06 62 36 82 96<br \/>\nBuvette et restauration sur place. Tarif: 2.50 \u20ac le ml<br \/>\nPour t\u00e9l\u00e9charger le bulletin d&rsquo;inscription, cliquez :\u00a0<strong><a href=\"https:\/\/www.o-p-i.fr\/parlonsen\/wp-content\/uploads\/bulletin-inscription-vide-grenier-reynies.pdf\">bulletin-inscription-vide-grenier-reynies<\/a><\/strong><\/li>\n<li><strong><strong>VERTUS<\/strong>.<\/strong> \u00ab\u00a0Les Amis de Vertus\u00a0\u00bb organisent leur troisi\u00e8me vide-greniers \u00ab\u00a0aux champs\u00a0\u00bb.Il se fera sur un terrain enherb\u00e9, non ombrag\u00e9 (pr\u00e9voir un parasol), \u00e0 environ 150 ml de l&rsquo;\u00e9glise (un peu plus loin de l&rsquo;\u00e9glise que les ann\u00e9es pr\u00e9c\u00e9dentes).<br \/>\nPetite pr\u00e9cision pour ceux qui ne savent pas o\u00f9 est Vertus : \u00e0 5 km de Rabastens sur la D 20 direction \u00ab\u00a0Les Barri\u00e8res\u00a0\u00bb.<br \/>\nPour tout renseignement : une seul num\u00e9ro 06 86 89 50 73.<br \/>\nLe b\u00e9n\u00e9fice de la manifestation sera utilis\u00e9 pour la restauration de l&rsquo;\u00e9glise du hameau qui sera, cette ann\u00e9e, ouverte pour les journ\u00e9es du patrimoine les 20 et 21 septembre. Nous avons donc besoin du plus grand nombre d&rsquo;exposants et de visiteurs&#8230; \u00e7a va de soi !<br \/>\nSi vous avez envie de vous inscrire, vous trouverez une fiche d&rsquo;inscription en pi\u00e8ce jointe. Si vous n&rsquo;avez jamais particip\u00e9 \u00e0 un vide-greniers et que \u00e7a vous tente, c&rsquo;est le bon endroit pour essayer car, chez nous, \u00e7a se passe en famille !<br \/>\nSi vous aimez vous promener dans les vide-greniers ou que vous ne sachiez pas quoi faire ce jour-l\u00e0, venez nous rendre visite. Vous pourrez boire un verre bien install\u00e9 sous un parasol ou, pourquoi pas, d\u00e9guster une sp\u00e9cialit\u00e9 locale (s&rsquo;il en reste !).<br \/>\nPour \u00a0t\u00e9l\u00e9charger le bulletin d&rsquo;nscription, cliquez \u00a0<strong><a href=\"https:\/\/www.o-p-i.fr\/parlonsen\/wp-content\/uploads\/fiche-de-reservation-2014-vertus.pdf\">fiche-de-reservation-2014-vertus<\/a><\/strong><\/li>\n<\/ul>\n<h5>Dimanche 21\u00a0septembre 2014<\/h5>\n<ul>\n<li><strong><strong>SAINT ETIENNE DE TULMONT<\/strong><\/strong>.\u00a0L&rsquo;\u00e9cole Saint Joseph organise son vide grenier annuel \u00a0Place du Tulmonenc.<br \/>\nRestauration possible sur place.<br \/>\nRenseignements et r\u00e9servations : 06 81 94 20 97 (2\u20ac le m)<\/li>\n<li><strong><strong>SALVAGNAC<\/strong>.<\/strong> Organis\u00e9 par l&rsquo;association \u00ab\u00a0AMIS\u00a0\u00bb avec l&rsquo;aide de l&rsquo;association \u00ab\u00a0Le Trescou en Marche\u00a0\u00bb<br \/>\nR\u00e9servation au 05 63 40 55 07, heure des repas \u00a0Tarifs: 2\u20ac le ml<br \/>\nPour t\u00e9l\u00e9charger le bulletin d&rsquo;inscription, cliquez\u00a0<strong><a href=\"https:\/\/www.o-p-i.fr\/parlonsen\/wp-content\/uploads\/bulletin-dinscription-vide-greniers-amis-salvagnac.pdf\">Bulletin d&rsquo;inscription Vide-greniers \u00ab\u00a0AMIS\u00a0\u00bb du 21 septembre 2014<\/a><\/strong><\/li>\n<\/ul>\n<h5>Samedi 27 septembre 2014<\/h5>\n<ul>\n<li><strong><strong>CAUSSADE<\/strong><\/strong> . Organis\u00e9 par l&rsquo;association des commer\u00e7ants.\u00a0<span style=\"font-size: 13px;\">Vide-grenier culturel : livres, disques, Dvd, Tableaux, Timbres, \u0152uvres d&rsquo;art, photo, musique, monnaies, cartes postales, jeux de soci\u00e9t\u00e9 &#8230;<br \/>\nDe 8h. \u00e0 19h., Cours Didier REY<br \/>\nRenseignements : B\u00e9n\u00e9dicte 06 73 32 35 65<\/span><\/li>\n<\/ul>\n<h5>Dimanche 28 septembre 2014<\/h5>\n<ul>\n<li><span style=\"font-size: 13px;\"><strong><strong>ALBIAS<\/strong><\/strong> vide grenier du GEM, salle omnisports, de 6h \u00e0 18h<br \/>\n<strong>Renseignements et inscriptions : 05 63 32 15 89<\/strong><\/span><\/li>\n<li><span style=\"font-size: 13px;\"><strong><strong>CAUSSADE<\/strong> <\/strong>9\u00b0Bourse Pu\u00e9riculture: Poussettes, Lits, Parc, D\u00e9co chambres d&rsquo;enfants, V\u00eatements enfants de 0 \u00e0 16 ans<br \/>\nVisiteurs : de 9h30 \u00e0 17h30\u00a0Espace Bonna\u00efs (Rue de la solidarite)<br \/>\nRenseignements : Nydia 06 32 20 54 31<\/span><\/li>\n<li><span style=\"font-size: 13px;\"><strong><strong>LEOJAC BELLEGARDE<\/strong><\/strong>. Vide greniers des ain\u00e9 \u00e0 la salle des f\u00eates et alentours, \u00e0 partir de 7 heures et toute la journ\u00e9e. Buvette et sandwichs. <\/span><span style=\"font-size: 13px;\">R\u00e9servation : <\/span><span style=\"font-size: 13px;\">A l&rsquo;ext\u00e9rieur5x5m = 10\u20ac.<\/span><span style=\"font-size: 13px;\">A l&rsquo;int\u00e9rieur, tables de 1,20m fournies. 5\u20ac la table.<br \/>\n<\/span><span style=\"font-size: 13px;\">R\u00e9servation obligatoire par ch\u00e8que \u00e0 l&rsquo;ordre des \u00ab\u00a0a\u00een\u00e9s de L\u00e9ojac\u00a0\u00bb et \u00e0 adresser au Pr\u00e9sident de l&rsquo;association : Denis COUPY 831 Rue de Pater 82000 Montauban.<\/span><span style=\"font-size: 13px;\">Renseignements et inscriptions : 05 63 67 55 25 HR ou 05 63 63 56 70 HR. Caf\u00e9 offert \u00e0 chaque exposant.<\/span><\/li>\n<li><span style=\"font-size: 13px;\"><strong><strong>RABASTENS<\/strong> <\/strong>Vide-greniers organis\u00e9 par l'\u00a0\u00bbEcurie des 2 rives\u00a0\u00bb (Rallye des c\u00f4tes du Tarn). Promenade des Lices<br \/>\nBuvette et restauration sur place<br \/>\nRenseignements Madame Revol :06 31 90 24 40<\/span><\/li>\n<\/ul>\n<h5>Dimanche 5 octobre 2014<\/h5>\n<ul>\n<li><strong><strong>VILLEMUR\u00a0SUR TARN<\/strong> <\/strong>Vide-grenier \u00ab\u00a0Trait d&rsquo;Union\u00a0\u00bb au centre du bourg de \u00a08h. \u00e0 18 h.<br \/>\nRenseignements: R\u00e9nate 05 61 74 88 88 ou Nadine 05 61 09 90 42<\/li>\n<li><strong><strong>GAILLAC<\/strong><\/strong> Vide grenier de l&rsquo;\u00e9cole de la Clavelle, association APEACV, Rue Jules Ferry,de 8h. \u00e0 18 h.<br \/>\nPetite restauration, buvette<br \/>\nRenseignements: Anne-Lise Bru 06 68 94 93 79<\/li>\n<li><strong><strong>CAUSSADE<\/strong><\/strong> Vide-greniers annuel de 8h. \u00e0 18 h. Espace Bonnais<br \/>\nRenseignements (apr\u00e8s 19 h.) Isabelle 06 86 94 56 78 ou Nadine 06 85 43 37 84<\/li>\n<\/ul>\n<h5>Dimanche 12 octobre 2014<\/h5>\n<ul>\n<li><strong><strong>GENEBRIERES<\/strong><\/strong> Vide-greniers organis\u00e9 par Fest82, \u00e0 la salle des f\u00eates, de 8h.30 \u00e0 18h.30<br \/>\nRenseignements: 06 99 45 41 90<\/li>\n<li><strong><strong>NEGREPELISSE<\/strong><\/strong> Bourse pu\u00e9riculture et v\u00eatements \u00e0 la Salle des F\u00eates (Place Nationale) de 9h. \u00e0 17h.<br \/>\nRenseignements : Madame Delmas 06 22 62 20 68<\/li>\n<li><strong><strong>CAUSSADE<\/strong><\/strong> Bourse pu\u00e9riculture de 9h.30 \u00e0 18h.30 \u00e0 l&rsquo;Espace Bona\u00efs Renseignements: Nydia 06 32 20 54 31<\/li>\n<\/ul>\n<h5>Samedi 18 et dimanche 19 octobre 2014<\/h5>\n<ul>\n<li><strong>CAUSSADE<\/strong>. xxiv\u00b0 Tractomania<br \/>\nPour t\u00e9l\u00e9charger l&rsquo;affiche,\u00a0<a href=\"https:\/\/www.o-p-i.fr\/parlonsen\/wp-content\/uploads\/ttactomania.pdf\"><strong>XXIV \u00b0 TRACTOMANIA<\/strong><\/a><\/li>\n<\/ul>\n<h5>Dimanche 19 octobre 2014<\/h5>\n<ul>\n<li><strong><strong>NEGREPELISSE<\/strong> <\/strong>Puces et expo vente loisirs cr\u00e9atifs organis\u00e9es par le SCRAP Al pays 82<br \/>\nEmplacement sur r\u00e9servation jusqu&rsquo;au 15\/10\/2014.\u00a0La table de 1.20m 5 \u20ac. table suppl\u00e9mentaire 3\u20ac. Pas plus de 2 tables par exposants.<br \/>\nRestauration et buvette sur place.\u00a0Caf\u00e9 offert aux exposants.<br \/>\nArriv\u00e9e possible \u00e0 partir de 7h.<br \/>\nPour plus de renseignements et fiche d&rsquo;inscription<a title=\"voir l'article\" href=\"https:\/\/www.o-p-i.fr\/parlonsen\/parlons-en\/commerce\/1eres-puces-de-loisirs-creatifs-a-negrepelisse-82\/\" target=\"_blank\">,\u00a0<strong>cliquez ici<br \/>\n<\/strong><\/a><\/li>\n<li><strong><strong>VILLEMUR SUR TARN<\/strong><\/strong>. Puces des Couturi\u00e8res organis\u00e9es par \u00ab\u00a0Les doigts d&rsquo;or\u00a0\u00bb<br \/>\nPour plus de renseignements et fiche d&rsquo;inscription,\u00a0<strong>cliquez ici<\/strong><\/li>\n<li><strong><strong>SAINT ETIENNE DE TULMONT <\/strong><\/strong>Vide grenier organis\u00e9 par \u00ab\u00a0Culture et Loisirs\u00a0\u00bb<br \/>\nRenseignements : Madame Guerin : 06 21 82 32 82<\/li>\n<\/ul>\n<h5>Samedi 1 et dimanche 2 novembre 2014<\/h5>\n<ul>\n<li><strong><strong>Monclar de Quercy<\/strong> <\/strong>: 30eme bourse d&rsquo;\u00e9changes \u00ab\u00a0motos anciennes\u00a0\u00bb<\/li>\n<\/ul>\n<h5>Dimanche 2 novembre 2014<\/h5>\n<ul>\n<li><strong><strong>CASTELNAU DE MONTMIRAL <\/strong><\/strong>Vide grenier brocante,\u00a0place de l&rsquo;esplanade<br \/>\nTarif: 2 euros le m\u00e8tres. 4 m\u00e8tres pour garder le v\u00e9hicule .<br \/>\nRestauration sur place \u00a0par \u00ab\u00a0la baraque \u00e0 frite\u00a0\u00bb (frite maison,sandwich,boisons fra\u00eeche et chaude etc&#8230;&#8230; .<br \/>\ncaf\u00e9 offert pour chaque exposants.<br \/>\nRenseignements: Allo Salvatge 06 18 76 69 60<br \/>\n<span style=\"font-family: mceinline;\"><strong>ATTENTION ! M\u00eame vide-grenier et brocante tous les 1\u00b0 dimanche du mois<\/strong><\/span><\/li>\n<\/ul>\n<h5>Dimanche 9 novembre 2014<\/h5>\n<ul>\n<li><strong>MARSSAC sur TARN<\/strong> Bourse d&rsquo;\u00e9change et exposition de miniatures agricoles.<br \/>\nSalle des f\u00eates, de 9 h. \u00e0 18 h. Renseignements : 0675498736 ou 0563531506<\/li>\n<\/ul>\n<h5>Samedi 15 novembre 2014<\/h5>\n<ul>\n<li><strong><strong>MONCLAR DE QUERCY<\/strong>.<\/strong> de 9h \u00e0 17h aura lieu, salle du lac, une bourse aux jouets, mat\u00e9riel de pu\u00e9riculture et v\u00eatements enfants.<br \/>\nEmplacements : table de 2m, 5\u20ac. R\u00e9servation \u00e0 l&rsquo;Office de Tourisme 05 63 30 31 72 .<\/li>\n<\/ul>\n<h5>Dimanche 16 novembre 2014<\/h5>\n<ul>\n<li><strong>CAUSSADE. <\/strong>Bourse aux jouets \u00a0\u00e0 la Salle Bonna\u00efs.\u00a0Ouvert aux visiteurs de 8h \u00e0 19h.<br \/>\nTarif exposants:\u00a05\u20ac la table de 2m<br \/>\nPour tout renseignement: Guillaume au 06.75.33.84.14 ou par mail :\u00a0carpcaussade@gmail.com<\/li>\n<\/ul>\n<h5>Dimanche 23 novembre 2014<\/h5>\n<ul>\n<li><strong><strong>SAINT NAUPHARY<\/strong><\/strong>. L&rsquo;Amicale des Parents d&rsquo;El\u00e8ves de Saint Nauphary organise une\u00a0<strong>Bourse aux\u00a0jouets<\/strong> de 14h \u00e0 18h \u00e0 la salle des f\u00eates;<br \/>\nLes inscriptions commenceront le 05\/11\/2014.<\/li>\n<li><strong><strong>MONCLAR DE QUERCY<\/strong><\/strong>. Bourse aux jouets organis\u00e9e par l&rsquo;association \u00ab\u00a0Trial Kelly Passion\u00a0\u00bb \u00a0\u00e0 la salle des a\u00een\u00e9s<br \/>\nRenseignements: Sabrina Julien 06 58 20 09 62<\/li>\n<\/ul>\n<h5>Dimanche 30 novembre 2014<\/h5>\n<ul>\n<li><strong><strong>VILLEBRUMIER<\/strong>.<\/strong> Bourse aux jouets et v\u00eatements enfants \u00e0 la salle des f\u00eates de Villebrumier, organis\u00e9e par l&rsquo;Association des Parents d\u2019\u00c9l\u00e8ves.<br \/>\n3\u20ac la table de 1.20 X 0.60m.<br \/>\nBuvette et cr\u00eapes sur place.<br \/>\nR\u00e9servation selon places disponibles au 07 81 70 79 34(Mme Puechberty) ou au 06 89 10 07 25 de 18h00 \u00e0 20h00 (Mme Blanc)<\/li>\n<li><strong>SAINT ETIENNE DE TULMONT.<\/strong> Bourse aux jouets , pu\u00e9riculture et v\u00eatements enfants .<br \/>\nOrganis\u00e9 par l&rsquo;association des parents d&rsquo;\u00e9l\u00e8ves des \u00e9coles publiques<br \/>\nA la salle des f\u00eates\u00a0de 8 h \u00e0 18h\u00a0L&rsquo;accueil des exposants se fera \u00e0 7 h.<br \/>\nRepas sur place , boissons chaudes ,g\u00e2teaux. Emplacements : 2,50 euros du m\u00e8tre lin\u00e9aire ; Tel : 06 76 48 70 98<\/li>\n<li><strong><strong>SAINT SULPICE<\/strong> <\/strong>. Bourse aux jouets organis\u00e9e par l&rsquo;association des 3 clochers<br \/>\nSalle PolyEspace, chemin de la messale. Entr\u00e9e 1\u20ac.<br \/>\nRenseignements: E. Bonnafous 06 62 23 06 09 \u00a0 Pour voir le site de l<a href=\"http:\/\/perso.orange.fr\/les-3-clochers\" target=\"_blank\">&lsquo;<strong>Association des 3 clochers, cliquez<br \/>\n<\/strong><\/a><\/li>\n<li><strong>GAILLAC <\/strong>. BOURSE AUX JOUETS \u00a0organis\u00e9e par l&rsquo;association des parents d&rsquo;\u00e9l\u00e8ves et amis de l&rsquo;\u00e9cole La Clavelle Vend\u00f4me<br \/>\nDe 9h00 a 17h30 pour les visiteurs, \u00e0\u00a0partir de 8h00 pour les exposants<br \/>\nPrix de l&#8217;emplacement 6\u20ac00 les 2ml,\u00a0tables et chaises fournies<br \/>\nSalle couverte et chauff\u00e9e, petite restauration et buvette sur place<br \/>\nPour tous renseignements et r\u00e9servations 06 68 94 93 79<\/li>\n<li><strong>GIROUSSENS<\/strong> Salle de la Boulonette de 9h. \u00e018h. Bourse aux jouets organis\u00e9e par l&rsquo;association \u00ab\u00a0Les pitchouns\u00a0\u00bb.<br \/>\nCr\u00eapes et boissons<br \/>\nRenseignements: C\u00e9line 06 98 98 83 85<\/li>\n<\/ul>\n<h5>Dimanche 7 d\u00e9cembre 2014<\/h5>\n<ul>\n<li><strong><strong>VAISSAC<\/strong> <\/strong>Bourse aux jouets,\u00a0livres,v\u00eatements enfants pu\u00e9riculture\u00a0\u00e0 la salle des f\u00eates au\u00a0<strong>profit de la coop\u00e9rative scolaire<\/strong><br \/>\nDe 9h.30\u00e0 17 h. Restauration, buvette<br \/>\nCaf\u00e9 offert aux exposants le dimanche matin<br \/>\nR\u00e9servations et inscriptions \u00e0 retourner au plus tard le 1er d\u00e9cembre<br \/>\nContacts : 06 72 81 89 71- 06 67 53 86 25<br \/>\nPour t\u00e9l\u00e9charger le bulletin d&rsquo;inscription, cliquez ci-apr\u00e8s :<strong><a href=\"https:\/\/www.o-p-i.fr\/parlonsen\/wp-content\/uploads\/fiche-inscription-vaissac.pdf\">Inscription Bourse aux jouets VAISSAC<\/p>\n<p><\/a><\/strong><strong><a href=\"https:\/\/www.o-p-i.fr\/parlonsen\/wp-content\/uploads\/fiche-inscription-vaissac.pdf\"><\/a><\/strong><strong><a href=\"https:\/\/www.o-p-i.fr\/parlonsen\/wp-content\/uploads\/fiche-inscription-vaissac.pdf\"><\/a><\/strong><strong><a href=\"https:\/\/www.o-p-i.fr\/parlonsen\/wp-content\/uploads\/fiche-inscription-vaissac.pdf\"><\/a><\/strong><strong><a href=\"https:\/\/www.o-p-i.fr\/parlonsen\/wp-content\/uploads\/fiche-inscription-vaissac.pdf\"><\/a><\/strong><strong><a href=\"https:\/\/www.o-p-i.fr\/parlonsen\/wp-content\/uploads\/fiche-inscription-vaissac.pdf\"><\/a><\/strong><strong><a href=\"https:\/\/www.o-p-i.fr\/parlonsen\/wp-content\/uploads\/fiche-inscription-vaissac.pdf\"><\/a><\/strong><strong><a href=\"https:\/\/www.o-p-i.fr\/parlonsen\/wp-content\/uploads\/fiche-inscription-vaissac.pdf\"><\/a><\/strong><strong><a href=\"https:\/\/www.o-p-i.fr\/parlonsen\/wp-content\/uploads\/fiche-inscription-vaissac.pdf\"><\/a><\/strong><strong><a href=\"https:\/\/www.o-p-i.fr\/parlonsen\/wp-content\/uploads\/fiche-inscription-vaissac.pdf\"><\/a><\/strong><strong><a href=\"https:\/\/www.o-p-i.fr\/parlonsen\/wp-content\/uploads\/fiche-inscription-vaissac.pdf\"><\/a><\/strong><strong><a href=\"https:\/\/www.o-p-i.fr\/parlonsen\/wp-content\/uploads\/fiche-inscription-vaissac.pdf\"><\/a><\/strong><strong><a href=\"https:\/\/www.o-p-i.fr\/parlonsen\/wp-content\/uploads\/fiche-inscription-vaissac.pdf\"><\/a><\/strong><strong><a href=\"https:\/\/www.o-p-i.fr\/parlonsen\/wp-content\/uploads\/fiche-inscription-vaissac.pdf\"><\/a><\/strong><strong><a href=\"https:\/\/www.o-p-i.fr\/parlonsen\/wp-content\/uploads\/fiche-inscription-vaissac.pdf\"><\/a><\/strong><strong><a href=\"https:\/\/www.o-p-i.fr\/parlonsen\/wp-content\/uploads\/fiche-inscription-vaissac.pdf\"><\/a><\/strong><strong><a href=\"https:\/\/www.o-p-i.fr\/parlonsen\/wp-content\/uploads\/fiche-inscription-vaissac.pdf\"><\/a><\/strong><strong><a href=\"https:\/\/www.o-p-i.fr\/parlonsen\/wp-content\/uploads\/fiche-inscription-vaissac.pdf\"><\/a><\/strong><strong><a href=\"https:\/\/www.o-p-i.fr\/parlonsen\/wp-content\/uploads\/fiche-inscription-vaissac.pdf\"><\/a><\/strong><strong><a href=\"https:\/\/www.o-p-i.fr\/parlonsen\/wp-content\/uploads\/fiche-inscription-vaissac.pdf\"><\/a><\/strong><strong><a href=\"https:\/\/www.o-p-i.fr\/parlonsen\/wp-content\/uploads\/fiche-inscription-vaissac.pdf\"><\/a><\/strong><strong><a href=\"https:\/\/www.o-p-i.fr\/parlonsen\/wp-content\/uploads\/fiche-inscription-vaissac.pdf\"><\/a><\/strong><strong><a href=\"https:\/\/www.o-p-i.fr\/parlonsen\/wp-content\/uploads\/fiche-inscription-vaissac.pdf\"><\/a><\/strong><strong><a href=\"https:\/\/www.o-p-i.fr\/parlonsen\/wp-content\/uploads\/fiche-inscription-vaissac.pdf\"><\/a><\/strong><strong><a href=\"https:\/\/www.o-p-i.fr\/parlonsen\/wp-content\/uploads\/fiche-inscription-vaissac.pdf\"><\/a><\/strong><strong><a href=\"https:\/\/www.o-p-i.fr\/parlonsen\/wp-content\/uploads\/fiche-inscription-vaissac.pdf\"><\/a><\/strong><a href=\"https:\/\/www.o-p-i.fr\/parlonsen\/wp-content\/uploads\/fiche-inscription-vaissac.pdf\"><\/a><a href=\"https:\/\/www.o-p-i.fr\/parlonsen\/wp-content\/uploads\/fiche-inscription-vaissac.pdf\"><\/a><a href=\"https:\/\/www.o-p-i.fr\/parlonsen\/wp-content\/uploads\/fiche-inscription-vaissac.pdf\"><\/a><\/li>\n<li><strong>CASTELNAU DE MONTMIRAL <\/strong>Vide grenier brocante,\u00a0place de l&rsquo;esplanade<br \/>\nTarif: 2 euros le m\u00e8tres. 4 m\u00e8tres pour garder le v\u00e9hicule .<br \/>\nRestauration sur place \u00a0par \u00ab\u00a0la baraque \u00e0 frite\u00a0\u00bb (frite maison,sandwich,boisons fra\u00eeche et chaude etc&#8230;&#8230; .<br \/>\ncaf\u00e9 offert pour chaque exposants.<br \/>\nRenseignements: Allo Salvatge 06 18 76 69 60<br \/>\n<span style=\"font-family: mceinline;\"><strong><strong>ATTENTION ! M\u00eame vide-grenier et brocante tous les 1\u00b0 dimanche du mois<\/p>\n<p><\/strong><\/strong><strong><strong><\/strong><\/strong><strong><strong><\/strong><\/strong><strong><strong><\/strong><\/strong><strong><\/strong><strong><\/strong><strong><\/strong><strong><\/strong><strong><\/strong><strong><\/strong><strong><\/strong><strong><\/strong><strong><\/strong><strong><\/strong><strong><\/strong><strong><\/strong><strong><\/strong><strong><\/strong><strong><\/strong><strong><\/strong><strong><\/strong><strong><\/strong><strong><\/strong><strong><\/strong><strong><\/strong><strong><\/strong><strong><\/strong><\/p>\n<p><\/span><\/li>\n<li><strong><strong>SALVAGNAC<\/strong><\/strong> Vide ta chambre et ton dressing<br \/>\nBourse aux Jouets- V\u00eatements Enfants\/Adultes-Pu\u00e9riculture<br \/>\n\u00e0 partir de 9h00 \u00e0 la salle omnisport de Salvagnac<br \/>\nOrganis\u00e9 par l&rsquo;Association des Parents d&rsquo;\u00c9l\u00e8ves de l&rsquo;\u00e9cole de Salvagnac<br \/>\nSur place&#8230; Soupe, Hot dog, Cr\u00eapes, Boissons Chaudes et Fra\u00eeches<br \/>\nPour t\u00e9l\u00e9charger la fiche d&rsquo;inscription cliquez\u00a0<a href=\"https:\/\/www.o-p-i.fr\/parlonsen\/wp-content\/uploads\/inscription-salvagnac.pdf\"><strong>Fiche d&rsquo;Inscription Bourse au jouets<\/p>\n<p><\/strong><\/a><a href=\"https:\/\/www.o-p-i.fr\/parlonsen\/wp-content\/uploads\/inscription-salvagnac.pdf\"><strong><\/strong><\/a><a href=\"https:\/\/www.o-p-i.fr\/parlonsen\/wp-content\/uploads\/inscription-salvagnac.pdf\"><strong><\/strong><\/a><a href=\"https:\/\/www.o-p-i.fr\/parlonsen\/wp-content\/uploads\/inscription-salvagnac.pdf\"><strong><\/strong><\/a><a href=\"https:\/\/www.o-p-i.fr\/parlonsen\/wp-content\/uploads\/inscription-salvagnac.pdf\"><\/a><a href=\"https:\/\/www.o-p-i.fr\/parlonsen\/wp-content\/uploads\/inscription-salvagnac.pdf\"><\/a><a href=\"https:\/\/www.o-p-i.fr\/parlonsen\/wp-content\/uploads\/inscription-salvagnac.pdf\"><\/a><a href=\"https:\/\/www.o-p-i.fr\/parlonsen\/wp-content\/uploads\/inscription-salvagnac.pdf\"><\/a><a href=\"https:\/\/www.o-p-i.fr\/parlonsen\/wp-content\/uploads\/inscription-salvagnac.pdf\"><\/a><a href=\"https:\/\/www.o-p-i.fr\/parlonsen\/wp-content\/uploads\/inscription-salvagnac.pdf\"><\/a><a href=\"https:\/\/www.o-p-i.fr\/parlonsen\/wp-content\/uploads\/inscription-salvagnac.pdf\"><\/a><a href=\"https:\/\/www.o-p-i.fr\/parlonsen\/wp-content\/uploads\/inscription-salvagnac.pdf\"><\/a><a href=\"https:\/\/www.o-p-i.fr\/parlonsen\/wp-content\/uploads\/inscription-salvagnac.pdf\"><\/a><a href=\"https:\/\/www.o-p-i.fr\/parlonsen\/wp-content\/uploads\/inscription-salvagnac.pdf\"><\/a><a href=\"https:\/\/www.o-p-i.fr\/parlonsen\/wp-content\/uploads\/inscription-salvagnac.pdf\"><\/a><a href=\"https:\/\/www.o-p-i.fr\/parlonsen\/wp-content\/uploads\/inscription-salvagnac.pdf\"><\/a><a href=\"https:\/\/www.o-p-i.fr\/parlonsen\/wp-content\/uploads\/inscription-salvagnac.pdf\"><\/a><a href=\"https:\/\/www.o-p-i.fr\/parlonsen\/wp-content\/uploads\/inscription-salvagnac.pdf\"><\/a><a href=\"https:\/\/www.o-p-i.fr\/parlonsen\/wp-content\/uploads\/inscription-salvagnac.pdf\"><\/a><a href=\"https:\/\/www.o-p-i.fr\/parlonsen\/wp-content\/uploads\/inscription-salvagnac.pdf\"><\/a><a href=\"https:\/\/www.o-p-i.fr\/parlonsen\/wp-content\/uploads\/inscription-salvagnac.pdf\"><\/a><a href=\"https:\/\/www.o-p-i.fr\/parlonsen\/wp-content\/uploads\/inscription-salvagnac.pdf\"><\/a><a href=\"https:\/\/www.o-p-i.fr\/parlonsen\/wp-content\/uploads\/inscription-salvagnac.pdf\"><\/a><a href=\"https:\/\/www.o-p-i.fr\/parlonsen\/wp-content\/uploads\/inscription-salvagnac.pdf\"><\/a><a href=\"https:\/\/www.o-p-i.fr\/parlonsen\/wp-content\/uploads\/inscription-salvagnac.pdf\"><\/a><a href=\"https:\/\/www.o-p-i.fr\/parlonsen\/wp-content\/uploads\/inscription-salvagnac.pdf\"><\/a><a href=\"https:\/\/www.o-p-i.fr\/parlonsen\/wp-content\/uploads\/inscription-salvagnac.pdf\"><\/a><\/li>\n<li><strong><strong>ORGUEIL<\/strong><\/strong>. Bourse aux Jouets et aux V\u00eatements Salle des F\u00eates chauff\u00e9e A partir de 8h30 :<br \/>\nExposants : R\u00e9servation 1 Table + 1 Chaise : 8\u20ac avec 1 Caf\u00e9 \u00e0 chaque exposant \u00a0Installation de 7h30 \u00e0 8h30<br \/>\nInscription avant le 5 D\u00e9cembre, joindre photocopie de la Carte d&rsquo;Identit\u00e9 (recto et verso) et un ch\u00e8que \u00e0 :<br \/>\nP\u00e9tanque Orgueilloise &#8211; 173 Grand Rue &#8211; 82370 ORGUEIL ou dans la boite aux lettres de la Mairie d&rsquo;Orgueil<br \/>\nPublic : Entr\u00e9e Gratuite. Restauration sur place, buvette, sandwiches<\/li>\n<\/ul>\n<h5>Dimanche 14 d\u00e9cembre 2014<\/h5>\n<ul>\n<li><strong><strong>MONCLAR DE QUERCY<\/strong> <\/strong>Vide greniers organis\u00e9 par le club des a\u00een\u00e9s \u00ab\u00a0La Concorde\u00a0\u00bb de G\u00e8nebri\u00e8res<br \/>\nA la salle polyvalente des lacs. \u00a0Accueil des exposants \u00e0 partir de 6 h.45\u00a0Caf\u00e9 offert.<br \/>\nTarif du m\u00e8tre lin\u00e9aire : 3,00 \u20ac en salle &#8211; 2,00 \u20ac \u00e0 l&rsquo;ext\u00e9rieur.<br \/>\nPossibilit\u00e9 de garder le v\u00e9hicule derri\u00e8re le stand \u00e0 l&rsquo;ext\u00e9rieur,\u00a0selon emplacement.<br \/>\nRestauration et buvette sur place avec :\u00a0boissons chaudes et p\u00e2tisserie le matin,\u00a0puis grillades : saucisse &#8211; merguez\u00a0frites &#8211; p\u00e2tisserie.<br \/>\nRenseignements: 06 63 30 41 82 \u00a0ou 05 63 30 45 85<\/li>\n<li><strong><strong>SAINT CAPRAIS<\/strong>.<\/strong> Vide ta chambre. Organis\u00e9 par l&rsquo;A.P.E., \u00e9coles de\u00a0<strong>Verlhac Tescou <\/strong>et\u00a0<strong>La Salbetat Belmontet.<\/strong><br \/>\nPour voir la fiche d&rsquo;info, cliquez:\u00a0<strong><a href=\"https:\/\/www.o-p-i.fr\/parlonsen\/wp-content\/uploads\/vide-ta-chambre-st-caprais.pdf\">Vide ta chambre \u00e0 Saint Caprais<\/a><\/strong><\/li>\n<\/ul>\n<h5>Dimanche 4 janvier 2015<\/h5>\n<ul>\n<li><strong><strong>CASTELNAU DE MONTMIRAL<\/strong> <\/strong>Vide grenier brocante,\u00a0place de l&rsquo;esplanade<br \/>\nTarif: 2 euros le m\u00e8tres. 4 m\u00e8tres pour garder le v\u00e9hicule .<br \/>\nRestauration sur place \u00a0par \u00ab\u00a0la baraque \u00e0 frite\u00a0\u00bb (frite maison,sandwich,boisons fra\u00eeche et chaude etc&#8230;&#8230; .<br \/>\ncaf\u00e9 offert pour chaque exposants.<br \/>\nRenseignements: Allo Salvatge 06 18 76 69 60<br \/>\n<span style=\"font-family: mceinline;\"><strong>ATTENTION ! M\u00eame vide-grenier et brocante tous les 1\u00b0 dimanche du mois<\/strong><\/span><\/li>\n<\/ul>\n<p><a href=\"https:\/\/www.o-p-i.fr\/parlonsen\/agenda\/\">Retrouvez tous les \u00e9v\u00e9nements dans l&rsquo;agenda !<\/a><\/p>\n","protected":false},"excerpt":{"rendered":"<div class=\"mh-excerpt\">Cette page est destin\u00e9e aux organisateurs de Vide-Greniers, \u00e0 \u00a0ceux qui souhaitent exposer&#8230; et \u00e0 ceux qui veulent \u00ab\u00a0chiner\u00a0\u00bb au \u00ab\u00a0Pays des Tescou&rsquo;s\u00a0\u00bb et dans les environs.<\/div>\n","protected":false},"author":4,"featured_media":0,"comment_status":"closed","ping_status":"closed","sticky":false,"template":"","format":"standard","meta":{"om_disable_all_campaigns":false,"advanced_seo_description":"","jetpack_seo_html_title":"","jetpack_seo_noindex":false,"_jetpack_memberships_contains_paid_content":false,"footnotes":"","_links_to":"","_links_to_target":""},"categories":[28,828,40,22,29,34,24,26,30,16,31,32,35,33,2013,17,18,25,21,20,27,19],"tags":[517,551,596,737,758,961,1601,1602,2548,2014,2542,2082,143,2083,158,2097,203,2216,2544,215,313],"class_list":{"0":"post-19911","1":"post","2":"type-post","3":"status-publish","4":"format-standard","6":"category-beauvais-sur-tescou","7":"category-au-pays-des-tescous","8":"category-bioule","9":"category-castelnau","10":"category-genebrieres","11":"category-salvetat","12":"category-la-sauziere-saint-jean","13":"category-le-born","14":"category-leojac","15":"category-monclar","16":"category-montgaillard","17":"category-montdurausse","18":"category-montvalen","19":"category-puygaillard-de-quercy","20":"category-les-vides-greniers","21":"category-saint_nauphary","22":"category-saint-urcisse","23":"category-salvagnac","24":"category-tauriac","25":"category-varennes","26":"category-verlhac-tescou","27":"category-villebrumier","28":"tag-vide-atelier","29":"tag-grazac","30":"tag-saint-caprais","31":"tag-saint-sulpice","32":"tag-bourse-aux-jouets","33":"tag-vide-jardin","34":"tag-vide-garage","35":"tag-vide-ecurie","36":"tag-salvagnac","37":"tag-range-ta-chambre","38":"tag-saint_nauphary","39":"tag-marche-aux-puces","40":"tag-monclar-de-quercy","41":"tag-condel-grazac","42":"tag-castelnau-de-montmiral","43":"tag-cordes-sur-ciel","44":"tag-saint-etienne-de-tulmont","45":"tag-orguel","46":"tag-villebrumier","47":"tag-gaillac","48":"tag-reynies"},"jetpack_featured_media_url":"","views":{"total":0,"cached_at":"","cached_date":1738528155},"jetpack_likes_enabled":true,"jetpack_sharing_enabled":true,"jetpack_shortlink":"https:\/\/wp.me\/pg7Wxj-5b9","jetpack-related-posts":[],"_links":{"self":[{"href":"https:\/\/www.o-p-i.fr\/parlonsen\/wp-json\/wp\/v2\/posts\/19911","targetHints":{"allow":["GET"]}}],"collection":[{"href":"https:\/\/www.o-p-i.fr\/parlonsen\/wp-json\/wp\/v2\/posts"}],"about":[{"href":"https:\/\/www.o-p-i.fr\/parlonsen\/wp-json\/wp\/v2\/types\/post"}],"author":[{"embeddable":true,"href":"https:\/\/www.o-p-i.fr\/parlonsen\/wp-json\/wp\/v2\/users\/4"}],"replies":[{"embeddable":true,"href":"https:\/\/www.o-p-i.fr\/parlonsen\/wp-json\/wp\/v2\/comments?post=19911"}],"version-history":[{"count":0,"href":"https:\/\/www.o-p-i.fr\/parlonsen\/wp-json\/wp\/v2\/posts\/19911\/revisions"}],"wp:attachment":[{"href":"https:\/\/www.o-p-i.fr\/parlonsen\/wp-json\/wp\/v2\/media?parent=19911"}],"wp:term":[{"taxonomy":"category","embeddable":true,"href":"https:\/\/www.o-p-i.fr\/parlonsen\/wp-json\/wp\/v2\/categories?post=19911"},{"taxonomy":"post_tag","embeddable":true,"href":"https:\/\/www.o-p-i.fr\/parlonsen\/wp-json\/wp\/v2\/tags?post=19911"}],"curies":[{"name":"wp","href":"https:\/\/api.w.org\/{rel}","templated":true}]}}