{"id":19929,"date":"2014-01-19T13:21:48","date_gmt":"2014-01-19T11:21:48","guid":{"rendered":"\/parlonsen\/?p=19929"},"modified":"2014-01-20T19:55:12","modified_gmt":"2014-01-20T17:55:12","slug":"musiques-et-danses-occitanesa-le-born","status":"publish","type":"post","link":"https:\/\/www.o-p-i.fr\/parlonsen\/localisation\/au-pays-des-tescous\/le-born\/musiques-et-danses-occitanesa-le-born\/","title":{"rendered":"Musiques et Danses occitanes &#8230; \u00e0 Le Born (31)"},"content":{"rendered":"<p><strong>Samedi 15 f\u00e9vrier 2014,<\/strong> L&rsquo;Association de Parents d\u2019\u00c9l\u00e8ves de l&rsquo;\u00e9cole de Le Born, organise un Bal Occitan\u00a0 \u00e0 20h30 \u00e0 la salle\u00a0des f\u00eates de Le Born.<\/p>\n<p style=\"text-align: justify;\"><!--more-->Ce bal sera anim\u00e9 par<strong> <a title=\"Cliquez pour voir le site du groupe\" href=\"http:\/\/www.bassacada.fr\/\" target=\"_blank\">\u00ab\u00a0BASSACADA\u00a0\u00bb<\/a><\/strong>. Porteur de la tradition musicale occitane de notre r\u00e9gion, le groupe a la volont\u00e9 de pratiquer une musique vivante accessible au plus grand nombre, dans l&rsquo;esprit des musiques et chants populaires traditionnels de chez nous.<\/p>\n<figure id=\"attachment_19930\" aria-describedby=\"caption-attachment-19930\" style=\"width: 542px\" class=\"wp-caption aligncenter\"><a href=\"https:\/\/i0.wp.com\/www.o-p-i.fr\/parlonsen\/wp-content\/uploads\/bassaccada.jpg?ssl=1\"><img data-recalc-dims=\"1\" loading=\"lazy\" decoding=\"async\" class=\"size-full wp-image-19930\" title=\"bassaccada\" src=\"https:\/\/i0.wp.com\/www.o-p-i.fr\/parlonsen\/wp-content\/uploads\/bassaccada.jpg?resize=542%2C275&#038;ssl=1\" alt=\"Le groupe &quot;BASSACADA&quot;\" width=\"542\" height=\"275\" srcset=\"https:\/\/i0.wp.com\/www.o-p-i.fr\/parlonsen\/wp-content\/uploads\/bassaccada.jpg?w=542&amp;ssl=1 542w, https:\/\/i0.wp.com\/www.o-p-i.fr\/parlonsen\/wp-content\/uploads\/bassaccada.jpg?resize=300%2C152&amp;ssl=1 300w\" sizes=\"auto, (max-width: 542px) 100vw, 542px\" \/><\/a><figcaption id=\"caption-attachment-19930\" class=\"wp-caption-text\">Le groupe &quot;BASSACADA&quot;<\/figcaption><\/figure>\n<p style=\"text-align: justify;\">Violon et hautbois rustique (<em>tatarota, autboisa<\/em>), fifre (<em>pifre<\/em>) et vielle \u00e0 roue, accord\u00e9on diatonique et guitare en passant par tambours et percussions, tous les instruments utilis\u00e9s par le groupe sont au service de ces musiques.<br \/>\nEt l&rsquo;association d&rsquo;instruments traditionnels et modernes tisse d&rsquo;anciennes m\u00e9lodies avec de nouveaux timbres.<\/p>\n<p style=\"text-align: justify;\">Buvette (cr\u00eapes, gaufres, cidre&#8230;).<\/p>\n<p><strong>Tarifs :<\/strong><br \/>\nAdultes : 5 euros<br \/>\nEnfants (- de 12 ans) : gratuit<\/p>\n<p><em>Communiqu\u00e9 par Marina BOUSCAT<\/em><\/p>\n<p><a href=\"https:\/\/www.o-p-i.fr\/parlonsen\/agenda\/\"><strong>Retrouvez tous les \u00e9v\u00e9nements dans l&rsquo;agenda !<\/strong><\/a><\/p>\n","protected":false},"excerpt":{"rendered":"<div class=\"mh-excerpt\">Samedi 15 f\u00e9vrier 2014, L&rsquo;Association de Parents d\u2019\u00c9l\u00e8ves de l&rsquo;\u00e9cole de Le Born, organise un Bal Occitan\u00a0 \u00e0 20h30 \u00e0 la salle\u00a0des f\u00eates de Le Born.<\/div>\n","protected":false},"author":4,"featured_media":0,"comment_status":"open","ping_status":"open","sticky":false,"template":"","format":"standard","meta":{"om_disable_all_campaigns":false,"advanced_seo_description":"","jetpack_seo_html_title":"","jetpack_seo_noindex":false,"_jetpack_memberships_contains_paid_content":false,"footnotes":"","_links_to":"","_links_to_target":""},"categories":[26,54,1962],"tags":[62,133,156,2549,188,1709],"class_list":{"0":"post-19929","1":"post","2":"type-post","3":"status-publish","4":"format-standard","6":"category-le-born","7":"category-loisirs","8":"category-n-95-fevrier-2014","9":"tag-occitan","10":"tag-occitanie","11":"tag-bal","12":"tag-le-born","13":"tag-ape","14":"tag-musique-traditionnelle"},"jetpack_featured_media_url":"","views":{"total":0,"cached_at":"","cached_date":1738300266},"jetpack_likes_enabled":true,"jetpack_sharing_enabled":true,"jetpack_shortlink":"https:\/\/wp.me\/pg7Wxj-5br","jetpack-related-posts":[],"_links":{"self":[{"href":"https:\/\/www.o-p-i.fr\/parlonsen\/wp-json\/wp\/v2\/posts\/19929","targetHints":{"allow":["GET"]}}],"collection":[{"href":"https:\/\/www.o-p-i.fr\/parlonsen\/wp-json\/wp\/v2\/posts"}],"about":[{"href":"https:\/\/www.o-p-i.fr\/parlonsen\/wp-json\/wp\/v2\/types\/post"}],"author":[{"embeddable":true,"href":"https:\/\/www.o-p-i.fr\/parlonsen\/wp-json\/wp\/v2\/users\/4"}],"replies":[{"embeddable":true,"href":"https:\/\/www.o-p-i.fr\/parlonsen\/wp-json\/wp\/v2\/comments?post=19929"}],"version-history":[{"count":0,"href":"https:\/\/www.o-p-i.fr\/parlonsen\/wp-json\/wp\/v2\/posts\/19929\/revisions"}],"wp:attachment":[{"href":"https:\/\/www.o-p-i.fr\/parlonsen\/wp-json\/wp\/v2\/media?parent=19929"}],"wp:term":[{"taxonomy":"category","embeddable":true,"href":"https:\/\/www.o-p-i.fr\/parlonsen\/wp-json\/wp\/v2\/categories?post=19929"},{"taxonomy":"post_tag","embeddable":true,"href":"https:\/\/www.o-p-i.fr\/parlonsen\/wp-json\/wp\/v2\/tags?post=19929"}],"curies":[{"name":"wp","href":"https:\/\/api.w.org\/{rel}","templated":true}]}}