{"id":19971,"date":"2014-01-22T00:28:37","date_gmt":"2014-01-21T22:28:37","guid":{"rendered":"\/parlonsen\/?p=19971"},"modified":"2014-01-22T00:28:37","modified_gmt":"2014-01-21T22:28:37","slug":"du-nouveau-a-la-mediatheque-a-castelnau-de-montmiral-81","status":"publish","type":"post","link":"https:\/\/www.o-p-i.fr\/parlonsen\/parlons-en\/culture\/du-nouveau-a-la-mediatheque-a-castelnau-de-montmiral-81\/","title":{"rendered":"Du nouveau \u00e0 la m\u00e9diath\u00e8que &#8230; \u00e0 Castelnau de Montmiral (81)"},"content":{"rendered":"<p style=\"text-align: justify;\">Nouveaux horaires, pr\u00eat de DVD et animations, \u00e7a bouge en 2014 \u00e0 la m\u00e9diath\u00e8que municipale Charles Portal !<!--more--><\/p>\n<ul>\n<li>La m\u00e9diath\u00e8que municipale Charles Portal accueille le public 2h de plus par semaine, le mercredi de 16h \u00e0 18h.<\/li>\n<\/ul>\n<ul style=\"text-align: justify;\">\n<li> <strong>Les th\u00e8mes de l&rsquo;ann\u00e9e. <\/strong>Le premier th\u00e8me de l\u2019ann\u00e9e 2014 est la po\u00e9sie. Tout au long de l\u2019ann\u00e9e, vous pouvez participer en proposant un po\u00e8me de votre choix ou un ha\u00efku de votre cr\u00e9ation sur le th\u00e8me des saisons. En mars, la m\u00e9diath\u00e8que participera au mois de la po\u00e9sie.<br \/>\nLe second th\u00e8me est le centenaire de la premi\u00e8re guerre mondiale et de l\u2019assassinat de Jaur\u00e8s. Cet \u00e9t\u00e9 et cet automne la m\u00e9diath\u00e8que proposera un spectacle, une conf\u00e9rence et une exposition.<\/li>\n<\/ul>\n<ul style=\"text-align: justify;\">\n<li> <strong>Pr\u00eat de DVD. <\/strong>La m\u00e9diath\u00e8que Charles Portal fait partie des biblioth\u00e8ques choisies par la biblioth\u00e8que d\u00e9partementale pour pr\u00eater des DVD. Jusqu\u2019en juin, vous pouvez venir choisir pour un pr\u00eat d\u2019une semaine, un DVD parmi ceux qui composent la malle \u00ab cin\u00e9ma am\u00e9ricain \u00bb. Des grands classiques  aux dessins anim\u00e9s, des com\u00e9dies aux thrillers r\u00e9cents, des blockbusters hollywoodiens au cin\u00e9ma ind\u00e9pendant, vous y trouverez plaisir \u00e0 d\u00e9couvrir ou \u00e0 revoir des films de l\u2019industrie cin\u00e9matographique am\u00e9ricaine.<\/li>\n<\/ul>\n<ul style=\"text-align: justify;\">\n<li> <strong>Tea-Time. <\/strong>Le premier Tea-Time ayant remport\u00e9 un franc succ\u00e8s, le prochain aura lieu le<strong> mercredi 5 f\u00e9vrier 2014 <\/strong>\u00e0 16h, on y parlera des traditions de d\u00e9but d\u2019ann\u00e9e en anglais et en fran\u00e7ais autour d\u2019une tasse de th\u00e9 et de quelques oreillettes. Du carnaval \u00e0 the Twelve  Nigth de Shakespeare, on d\u00e9couvrira de singuli\u00e8res parent\u00e9s dans les chansons traditionnelles des 2 pays. Venez nombreux.<\/li>\n<\/ul>\n<p style=\"text-align: justify;\">Toutes nos animations sont gratuites et ouvertes \u00e0 tous. L\u2019adh\u00e9sion annuelle pour le pr\u00eat de documents est de 5\u20ac par an pour les plus de 15 ans.<a title=\"Cliquez pour ouvrir la fiche dans l'annuaire d'OPI\" href=\"https:\/\/www.o-p-i.fr\/aupays\/annuaire\/loisirs\/mediatheque-charles-portal-a-castelnau-de-montmiral\/\"><br \/>\n<\/a><\/p>\n<p><a title=\"Cliquez pour ouvrir la fiche dans l'annuaire d'OPI\" href=\"https:\/\/www.o-p-i.fr\/aupays\/annuaire\/loisirs\/mediatheque-charles-portal-a-castelnau-de-montmiral\/\"><strong>Contact :<\/strong><\/a> M\u00e9diath\u00e8que Charles Portal<\/p>\n<p><em>Communiqu\u00e9 par F.DESFORGES, biblioth\u00e9caire. <\/em><\/p>\n","protected":false},"excerpt":{"rendered":"<div class=\"mh-excerpt\">Nouveaux horaires, pr\u00eat de DVD et animations, \u00e7a bouge en 2014 \u00e0 la m\u00e9diath\u00e8que municipale Charles Portal !<\/div>\n","protected":false},"author":2,"featured_media":0,"comment_status":"open","ping_status":"open","sticky":false,"template":"","format":"standard","meta":{"om_disable_all_campaigns":false,"advanced_seo_description":"","jetpack_seo_html_title":"","jetpack_seo_noindex":false,"_jetpack_memberships_contains_paid_content":false,"footnotes":"","_links_to":"","_links_to_target":""},"categories":[22,1,54,1961,1962,1999],"tags":[49,145,158,330,869,1514],"class_list":{"0":"post-19971","1":"post","2":"type-post","3":"status-publish","4":"format-standard","6":"category-castelnau","7":"category-culture","8":"category-loisirs","9":"category-n-93-janvier-2014","10":"category-n-95-fevrier-2014","11":"category-n-96-mars-2014","12":"tag-jaures","13":"tag-animation","14":"tag-castelnau-de-montmiral","15":"tag-rencontre","16":"tag-poesie","17":"tag-mediatheque"},"jetpack_featured_media_url":"","views":{"total":0,"cached_at":"","cached_date":1738439998},"jetpack_likes_enabled":true,"jetpack_sharing_enabled":true,"jetpack_shortlink":"https:\/\/wp.me\/pg7Wxj-5c7","jetpack-related-posts":[],"_links":{"self":[{"href":"https:\/\/www.o-p-i.fr\/parlonsen\/wp-json\/wp\/v2\/posts\/19971","targetHints":{"allow":["GET"]}}],"collection":[{"href":"https:\/\/www.o-p-i.fr\/parlonsen\/wp-json\/wp\/v2\/posts"}],"about":[{"href":"https:\/\/www.o-p-i.fr\/parlonsen\/wp-json\/wp\/v2\/types\/post"}],"author":[{"embeddable":true,"href":"https:\/\/www.o-p-i.fr\/parlonsen\/wp-json\/wp\/v2\/users\/2"}],"replies":[{"embeddable":true,"href":"https:\/\/www.o-p-i.fr\/parlonsen\/wp-json\/wp\/v2\/comments?post=19971"}],"version-history":[{"count":0,"href":"https:\/\/www.o-p-i.fr\/parlonsen\/wp-json\/wp\/v2\/posts\/19971\/revisions"}],"wp:attachment":[{"href":"https:\/\/www.o-p-i.fr\/parlonsen\/wp-json\/wp\/v2\/media?parent=19971"}],"wp:term":[{"taxonomy":"category","embeddable":true,"href":"https:\/\/www.o-p-i.fr\/parlonsen\/wp-json\/wp\/v2\/categories?post=19971"},{"taxonomy":"post_tag","embeddable":true,"href":"https:\/\/www.o-p-i.fr\/parlonsen\/wp-json\/wp\/v2\/tags?post=19971"}],"curies":[{"name":"wp","href":"https:\/\/api.w.org\/{rel}","templated":true}]}}