{"id":20073,"date":"2014-01-29T11:38:40","date_gmt":"2014-01-29T09:38:40","guid":{"rendered":"\/parlonsen\/?p=20073"},"modified":"2014-01-29T03:32:03","modified_gmt":"2014-01-29T01:32:03","slug":"la-belle-montee-%e2%80%a6-loisirs-et-sports-en-quercy-vert-11","status":"publish","type":"post","link":"https:\/\/www.o-p-i.fr\/parlonsen\/localisation\/au-pays-des-tescous\/salvetat\/la-belle-montee-%e2%80%a6-loisirs-et-sports-en-quercy-vert-11\/","title":{"rendered":"La Belle Mont\u00e9e \u2026 Loisirs et sports en Quercy Vert"},"content":{"rendered":"<p>Vous trouverez ci-dessous le programme <strong>du 8 f\u00e9vrier au 29 mars 2014<\/strong> de l&rsquo;association LA BELLE MONTEE loisirs et sports en Quercy Vert.<!--more--><\/p>\n<ul>\n<li><strong>POUR LES MARCHEURS :<\/strong> Les randonn\u00e9es sont maintenues alternativement le samedi et le dimanche apr\u00e8s-midi. Rendez-vous \u00e0 14h00 \u00e0 la Mairie de la Salvetat Belmontet selon le programme suivant :<\/li>\n<\/ul>\n<p>Dimanche 2 f\u00e9vrier : Bruniquel : 5.9 km pour 1h50- Le balcon sur l\u2019Aveyron<\/p>\n<p>Samedi 8 f\u00e9vrier : Va\u00efssac PR3 : 8,3 km, 2h30 circuit  de Cabertat<\/p>\n<p>Dimanche 16 f\u00e9vrier : N\u00e8grepelisse PR2 : 10,9 km, pour 3h00<\/p>\n<p>Samedi 22 f\u00e9vrier : Verlhac : 6 km, pour 2h00 environ<\/p>\n<p>Dimanche 2 mars : La for\u00eat de Sivens : 8 km pour 2h30<\/p>\n<p>Samedi 8 mars : Loub\u00e9jac : 5 km pour 1h30<\/p>\n<p>Dimanche 16 mars : Pas de rando, sortie montagne (voir ci-dessous)<\/p>\n<p>Dimanche 23 mars : Montpezat de Quercy : 6 km pour 1h45<\/p>\n<p>Samedi 29 mars : La Salvetat circuit vers Pilot et goutter \u00e0 l\u2019arriv\u00e9e de la course cycliste.<\/p>\n<p><strong><\/strong><\/p>\n<p><span style=\"color: #008000;\"><strong><span style=\"text-decoration: underline;\">Nouveaut\u00e9 !<\/span><\/strong><\/span> Pour ceux qui  d\u00e9sirent randonner en semaine un rendez vous est fix\u00e9 les jeudis \u00e0 14h00 sur le parking de St Caprais. Le circuit de la randonn\u00e9e sera d\u00e9termin\u00e9 entre les participants sur place. <strong>Contacts :<\/strong> Andr\u00e9 Brousse 06-10-05-49-04 \/Anne-Marie Piazza 06-84-27-87-87.<\/p>\n<ul>\n<li><strong>POUR LES CYCLISTES SUR ROUTE : <\/strong>&#8211; le dimanche matin rendez-vous \u00e0 9h00 \u00e0 la Mairie de La Salvetat. Les parcours seront \u00e9tablis en fonction des participants et de la m\u00e9t\u00e9o (g\u00e9n\u00e9ralement de 60 \u00e0 90 km). En cas de participation \u00e0 des sorties organis\u00e9es par d\u2019autres clubs le lieu de rendez-vous et d\u00e9part pourra changer. En cas de mauvais temps, le jour ou l\u2019heure de d\u00e9part pourront \u00e9galement changer. Renseignements aupr\u00e8s de Jean-Marc, Christophe ou Eric (voir N\u00b0 ci-dessous).<\/li>\n<\/ul>\n<p>Dimanche 16 mars : Sortie montagne par ski ou rando en raquettes, en Ari\u00e8ge \u00e0 Ascou Pailh\u00e8res (si l\u2019enneigement le permet)<\/p>\n<p>Samedi 29 mars : Course Cycliste UFOLEP \u00e0 La Salvetat co-organis\u00e9e avec le St Naupahry v\u00e9lo sport. Go\u00fbter offert \u00e0 tous apr\u00e8s le retour de la randonn\u00e9e et la remise des r\u00e9compenses.<\/p>\n<p>Samedi 31 mai : Course \u00e0 pied, rando, repas dansant et march\u00e9 pour r\u00e9colter des fonds  pour la recherche contre la maladie de Charcot.<\/p>\n<blockquote style=\"text-align: justify;\"><p>En  cas de probl\u00e8me    d\u2019encadrement, de m\u00e9t\u00e9o, ou tout autre     impr\u00e9vu,  les organisateurs    pourront \u00eatre amen\u00e9s \u00e0 changer le  parcours     initialement pr\u00e9vu,  c\u2019est   pourquoi nous vous conseillons de  toujours     venir au point  de   rendez-vous \u00e0 la Mairie de la Salvetat.<\/p>\n<p>Vous pouvez \u00e9galement trouver des informations sur le panneau         d\u2019affichage situ\u00e9 \u00e0 c\u00f4t\u00e9 de la porte d\u2019entr\u00e9e de la salle \u00e0 la Mairie de         la Salvetat, ou sur le site internet de l\u2019association \u00e0  l\u2019adresse  <a title=\"Ouvre le site dans une nouvelle fen\u00eatre\" href=\"http:\/\/la-belle-montee.clubeo.com\" target=\"_blank\">http:\/\/la-belle-montee.clubeo.com<\/a>.<\/p><\/blockquote>\n<p style=\"text-align: justify;\"><strong>Contacts : <\/strong><a title=\"Cliquez pour ouvrir la fiche dans l'annuaire d'OPI\" href=\"https:\/\/www.o-p-i.fr\/aupays\/annuaire\/loisirs\/la-belle-montee-loisirs-et-sports-en-quercy-vert\/\">La Belle Mont\u00e9e<\/a><\/p>\n<p style=\"text-align: justify;\"><strong>V\u00e9lo : <\/strong><br \/>\nEric VIES<br \/>\nT\u00e9l. : 06 08 88 63 37<br \/>\nChristophe ESCALETTE<br \/>\nT\u00e9l. : 06 84 09 42 99<br \/>\nJean-Marc SANGLA<br \/>\nT\u00e9l. : 05 63 30 34 16<\/p>\n<p style=\"text-align: justify;\"><strong>Marche : <\/strong><br \/>\nGenevi\u00e8ve DOUREL<br \/>\nT\u00e9l. : 06 28 35 48 78<br \/>\nLucienne DAVID<br \/>\nT\u00e9l. : 05 63 30 30 03<\/p>\n<p style=\"text-align: justify;\"><em>Communiqu\u00e9 par Jean-Marc Sangla<\/em><\/p>\n","protected":false},"excerpt":{"rendered":"<div class=\"mh-excerpt\">Vous trouverez ci-dessous le programme du 8 f\u00e9vrier au 29 mars 2014 de l&rsquo;association LA BELLE MONTEE loisirs et sports en Quercy Vert.<\/div>\n","protected":false},"author":2,"featured_media":0,"comment_status":"open","ping_status":"open","sticky":false,"template":"","format":"standard","meta":{"om_disable_all_campaigns":false,"advanced_seo_description":"","jetpack_seo_html_title":"","jetpack_seo_noindex":false,"_jetpack_memberships_contains_paid_content":false,"footnotes":"","_links_to":"","_links_to_target":""},"categories":[34,54,53,1962,1999],"tags":[166,181,1037,1714],"class_list":{"0":"post-20073","1":"post","2":"type-post","3":"status-publish","4":"format-standard","6":"category-salvetat","7":"category-loisirs","8":"category-sports","9":"category-n-95-fevrier-2014","10":"category-n-96-mars-2014","11":"tag-randonnee","12":"tag-la-salvetat-belmontet","13":"tag-parcours-vtt","14":"tag-cyclistes-sur-route"},"jetpack_featured_media_url":"","views":{"total":0,"cached_at":"","cached_date":1738522353},"jetpack_likes_enabled":true,"jetpack_sharing_enabled":true,"jetpack_shortlink":"https:\/\/wp.me\/pg7Wxj-5dL","jetpack-related-posts":[],"_links":{"self":[{"href":"https:\/\/www.o-p-i.fr\/parlonsen\/wp-json\/wp\/v2\/posts\/20073","targetHints":{"allow":["GET"]}}],"collection":[{"href":"https:\/\/www.o-p-i.fr\/parlonsen\/wp-json\/wp\/v2\/posts"}],"about":[{"href":"https:\/\/www.o-p-i.fr\/parlonsen\/wp-json\/wp\/v2\/types\/post"}],"author":[{"embeddable":true,"href":"https:\/\/www.o-p-i.fr\/parlonsen\/wp-json\/wp\/v2\/users\/2"}],"replies":[{"embeddable":true,"href":"https:\/\/www.o-p-i.fr\/parlonsen\/wp-json\/wp\/v2\/comments?post=20073"}],"version-history":[{"count":0,"href":"https:\/\/www.o-p-i.fr\/parlonsen\/wp-json\/wp\/v2\/posts\/20073\/revisions"}],"wp:attachment":[{"href":"https:\/\/www.o-p-i.fr\/parlonsen\/wp-json\/wp\/v2\/media?parent=20073"}],"wp:term":[{"taxonomy":"category","embeddable":true,"href":"https:\/\/www.o-p-i.fr\/parlonsen\/wp-json\/wp\/v2\/categories?post=20073"},{"taxonomy":"post_tag","embeddable":true,"href":"https:\/\/www.o-p-i.fr\/parlonsen\/wp-json\/wp\/v2\/tags?post=20073"}],"curies":[{"name":"wp","href":"https:\/\/api.w.org\/{rel}","templated":true}]}}