{"id":20088,"date":"2014-01-29T11:28:37","date_gmt":"2014-01-29T09:28:37","guid":{"rendered":"\/parlonsen\/?p=20088"},"modified":"2025-11-10T15:13:17","modified_gmt":"2025-11-10T14:13:17","slug":"du-fond-de-mes-reves-a-vaissac-82","status":"publish","type":"post","link":"https:\/\/www.o-p-i.fr\/parlonsen\/parlons-en\/culture\/du-fond-de-mes-reves-a-vaissac-82\/","title":{"rendered":"Du fond de mes r\u00eaves \u2026 \u00e0 Va\u00efssac (82)"},"content":{"rendered":"<p style=\"text-align: justify;\">Dans le cadre des \u00ab<a title=\"Ouvre le site dans une nouvelle fen\u00eatre\" href=\"http:\/\/www.calameo.com\/read\/002349656a1a773073096\" target=\"_blank\">Extras du Festival Alors&#8230; Raconte<\/a>\u00bb Patrick Ewen viendra conter \u00ab\u00a0Du fond de mes r\u00eaves\u00a0\u00bb le<strong> dimanche 9 f\u00e9vrier 2014<\/strong> \u00e0 15h \u00e0 la Salle des F\u00eates de Va\u00efssac. <!--more--><\/p>\n<p style=\"text-align: justify;\">\n<figure id=\"attachment_20092\" aria-describedby=\"caption-attachment-20092\" style=\"width: 141px\" class=\"wp-caption alignright\"><a href=\"https:\/\/i0.wp.com\/www.o-p-i.fr\/parlonsen\/wp-content\/uploads\/patrickewen.jpg?ssl=1\"><img data-recalc-dims=\"1\" loading=\"lazy\" decoding=\"async\" class=\"size-medium wp-image-20092 \" title=\"Patrick Ewen conte \u00e0 Va\u00efssac\" src=\"https:\/\/i0.wp.com\/www.o-p-i.fr\/parlonsen\/wp-content\/uploads\/patrickewen.jpg?resize=141%2C210&#038;ssl=1\" alt=\"Patrick Ewen conte \u00e0 Va\u00efssac\" width=\"141\" height=\"210\" srcset=\"https:\/\/i0.wp.com\/www.o-p-i.fr\/parlonsen\/wp-content\/uploads\/patrickewen.jpg?resize=201%2C300&amp;ssl=1 201w, https:\/\/i0.wp.com\/www.o-p-i.fr\/parlonsen\/wp-content\/uploads\/patrickewen.jpg?w=374&amp;ssl=1 374w\" sizes=\"auto, (max-width: 141px) 100vw, 141px\" \/><\/a><figcaption id=\"caption-attachment-20092\" class=\"wp-caption-text\">Patrick Ewen conte \u00e0 Va\u00efssac<\/figcaption><\/figure>\n<p>\u00ab\u00a0J&rsquo;ai eu la chance de grandir et de vivre mon enfance dans un monde o\u00f9 la t\u00e9l\u00e9vision \u00e9tait absente, et de ce fait, il m&rsquo;a \u00e9t\u00e9 donn\u00e9 de beaucoup m&rsquo;ennuyer !<br \/>\nEt c&rsquo;est justement cet ennui qui m&rsquo;a men\u00e9 sur les chemins de la r\u00eaverie pour me faire d\u00e9couvrir ces royaumes merveilleux tapis au fond de notre quotidien.<br \/>\nIl suffit d&rsquo;allumer la lampe pour red\u00e9couvrir le monde qui nous entoure.\u00a0\u00bb<\/p>\n<p>Tout public \u00e0 partir de 7 ans<\/p>\n<p><strong>Tarifs : <\/strong><br \/>\nGratuit<\/p>\n<p>R\u00e9servation conseill\u00e9e<\/p>\n<p><strong>Contact : <\/strong><br \/>\nT\u00e9l. : 05 63 64 25 55<\/p>\n<p><em>Source : <a href=\"http:\/\/www.calameo.com\/read\/002349656a1a773073096\">Programme Alors &#8230; Raconte <\/a><\/em><\/p>\n","protected":false},"excerpt":{"rendered":"<div class=\"mh-excerpt\">Dans le cadre des \u00abExtras du Festival Alors&#8230; Raconte\u00bb Patrick Ewen viendra conter \u00ab\u00a0Du fond de mes r\u00eaves\u00a0\u00bb le dimanche 9 f\u00e9vrier 2014 \u00e0 15h \u00e0 la Salle des F\u00eates de Va\u00efssac.<\/div>\n","protected":false},"author":2,"featured_media":0,"comment_status":"open","ping_status":"open","sticky":false,"template":"","format":"standard","meta":{"om_disable_all_campaigns":false,"advanced_seo_description":"","jetpack_seo_html_title":"","jetpack_seo_noindex":false,"_jetpack_memberships_contains_paid_content":false,"footnotes":"","_links_to":"","_links_to_target":""},"categories":[52,42,1,54,1962],"tags":[2889,315,323,534,818],"class_list":{"0":"post-20088","1":"post","2":"type-post","3":"status-publish","4":"format-standard","6":"category-parlons-en","7":"category-a-cote-de-chez-nous","8":"category-culture","9":"category-loisirs","10":"category-n-95-fevrier-2014","11":"tag-contes","12":"tag-vaissac","13":"tag-enfant","14":"tag-tele","15":"tag-alorsraconte"},"jetpack_featured_media_url":"","views":{"total":1,"cached_at":"","cached_date":1738522366},"jetpack_likes_enabled":true,"jetpack_sharing_enabled":true,"jetpack_shortlink":"https:\/\/wp.me\/pg7Wxj-5e0","jetpack-related-posts":[],"_links":{"self":[{"href":"https:\/\/www.o-p-i.fr\/parlonsen\/wp-json\/wp\/v2\/posts\/20088","targetHints":{"allow":["GET"]}}],"collection":[{"href":"https:\/\/www.o-p-i.fr\/parlonsen\/wp-json\/wp\/v2\/posts"}],"about":[{"href":"https:\/\/www.o-p-i.fr\/parlonsen\/wp-json\/wp\/v2\/types\/post"}],"author":[{"embeddable":true,"href":"https:\/\/www.o-p-i.fr\/parlonsen\/wp-json\/wp\/v2\/users\/2"}],"replies":[{"embeddable":true,"href":"https:\/\/www.o-p-i.fr\/parlonsen\/wp-json\/wp\/v2\/comments?post=20088"}],"version-history":[{"count":1,"href":"https:\/\/www.o-p-i.fr\/parlonsen\/wp-json\/wp\/v2\/posts\/20088\/revisions"}],"predecessor-version":[{"id":67284,"href":"https:\/\/www.o-p-i.fr\/parlonsen\/wp-json\/wp\/v2\/posts\/20088\/revisions\/67284"}],"wp:attachment":[{"href":"https:\/\/www.o-p-i.fr\/parlonsen\/wp-json\/wp\/v2\/media?parent=20088"}],"wp:term":[{"taxonomy":"category","embeddable":true,"href":"https:\/\/www.o-p-i.fr\/parlonsen\/wp-json\/wp\/v2\/categories?post=20088"},{"taxonomy":"post_tag","embeddable":true,"href":"https:\/\/www.o-p-i.fr\/parlonsen\/wp-json\/wp\/v2\/tags?post=20088"}],"curies":[{"name":"wp","href":"https:\/\/api.w.org\/{rel}","templated":true}]}}