{"id":20162,"date":"2014-02-04T19:17:31","date_gmt":"2014-02-04T17:17:31","guid":{"rendered":"\/parlonsen\/?p=20162"},"modified":"2014-02-04T19:29:48","modified_gmt":"2014-02-04T17:29:48","slug":"les-ovinpiades-des-jeunes-bergers-a-albi-81","status":"publish","type":"post","link":"https:\/\/www.o-p-i.fr\/parlonsen\/parlons-en\/agriculture\/les-ovinpiades-des-jeunes-bergers-a-albi-81\/","title":{"rendered":"Les Ovinpiades des Jeunes Bergers &#8230; \u00e0 Albi (81)"},"content":{"rendered":"<p style=\"text-align: justify;\">Les <strong>5 et 6\u00a0 F\u00e9vrier 2014 <\/strong>dans le parc du Lyc\u00e9e de Fonlabour. <!--more--><\/p>\n<p style=\"text-align: justify;\">\n<figure id=\"attachment_20163\" aria-describedby=\"caption-attachment-20163\" style=\"width: 235px\" class=\"wp-caption alignright\"><a href=\"https:\/\/i0.wp.com\/www.o-p-i.fr\/parlonsen\/wp-content\/uploads\/ovine.jpg?ssl=1\"><img data-recalc-dims=\"1\" loading=\"lazy\" decoding=\"async\" class=\"size-full wp-image-20163\" title=\"Reconqu\u00eate ovine\" src=\"https:\/\/i0.wp.com\/www.o-p-i.fr\/parlonsen\/wp-content\/uploads\/ovine.jpg?resize=235%2C234&#038;ssl=1\" alt=\"Reconqu\u00eate ovine\" width=\"235\" height=\"234\" srcset=\"https:\/\/i0.wp.com\/www.o-p-i.fr\/parlonsen\/wp-content\/uploads\/ovine.jpg?w=235&amp;ssl=1 235w, https:\/\/i0.wp.com\/www.o-p-i.fr\/parlonsen\/wp-content\/uploads\/ovine.jpg?resize=150%2C150&amp;ssl=1 150w\" sizes=\"auto, (max-width: 235px) 100vw, 235px\" \/><\/a><figcaption id=\"caption-attachment-20163\" class=\"wp-caption-text\">Reconqu\u00eate ovine<\/figcaption><\/figure>\n<p style=\"text-align: justify;\">Organis\u00e9es  pour la neuvi\u00e8me ann\u00e9e cons\u00e9cutive, les Ovinpiades des Jeunes Bergers  ont pour objectif de promouvoir le m\u00e9tier d\u2019\u00e9leveur ovin     \tet de susciter de nouvelles vocations aupr\u00e8s des \u00e9l\u00e8ves des  \u00e9tablissements agricoles.<\/p>\n<p style=\"text-align: justify;\">Le challenge de cette fili\u00e8re est d\u2019installer 8  000 \u00e9leveurs de moutons dans les 10 prochaines ann\u00e9es pour remplacer  les actifs partant \u00e0 la retraite. Par ce concours, Interbev Ovins et  l\u2019ensemble de la fili\u00e8re souhaitent attirer les jeunes vers cette  production au potentiel r\u00e9el.<\/p>\n<p style=\"text-align: justify;\"><strong>Une finale Midi-Pyr\u00e9n\u00e9es, tr\u00e8s disput\u00e9e<\/strong><\/p>\n<p style=\"text-align: justify;\">Organis\u00e9e\u00a0 \u00e0 Albi, la finale  r\u00e9gionale Midi-Pyr\u00e9n\u00e9es r\u00e9unira des \u00e9l\u00e8ves, \u00e2g\u00e9s de 16 \u00e0 24 ans, suivant  une formation en lyc\u00e9e agricole (CAPA au BTS).<\/p>\n<p style=\"text-align: justify;\">S\u00e9lectionn\u00e9s localement, 38 candidats viendront repr\u00e9senter 8  \u00e9tablissements d\u2019enseignement agricole de la r\u00e9gion : Lyc\u00e9e Agricole de  Pamiers (09), l\u2019EPL (Lyc\u00e9e et CFAA) de Saint Gaudens (31), l\u2019EPL de  Figeac (46) tenant du titre 2013, l\u2019EPL de St Affrique (12), le Lyc\u00e9e de  Rodez (12), le EPL du Tarn (lyc\u00e9e fonlabour, lyc\u00e9e de Lavaur (81)\u00a0 et  la MFR de Peyregoux (81)\u00a0 .<\/p>\n<p><a title=\"Ouvre le site dans une nouvelle fen\u00eatre\" href=\"http:\/\/www.vivreaupays.pro\/Ev%C3%A8nements\/tabid\/79\/ProdID\/4295\/Langauge\/fr-FR\/CatID\/48\/LES_OVINPIADES_DES_JEUNES_BERGERS.aspx\" target=\"_blank\">Lire la suite sur Vivre au Pays <\/a><\/p>\n<p><strong>Contact :<\/strong> Maryl\u00e8ne Bezamat<br \/>\nLyc\u00e9e de Fonlabour<br \/>\n81000 ALBI<br \/>\nT\u00e9l. : 06 03 99 62 07<br \/>\nSite : <a title=\"Ouvre le site dans une nouvelle fen\u00eatre\" href=\"http:\/\/www.ovinpiades.hautetfort.com\" target=\"_blank\">www.ovinpiades.hautetfort.com<\/a><\/p>\n<p><em>Source : <a title=\"Ouvre le site dans une nouvelle fen\u00eatre\" href=\"http:\/\/www.vivreaupays.pro\/Ev%C3%A8nements\/tabid\/79\/ProdID\/4295\/Langauge\/fr-FR\/CatID\/48\/LES_OVINPIADES_DES_JEUNES_BERGERS.aspx\" target=\"_blank\">Vivre au Pays <\/a><\/em><\/p>\n","protected":false},"excerpt":{"rendered":"<div class=\"mh-excerpt\">Les 5 et 6\u00a0 F\u00e9vrier 2014 dans le parc du Lyc\u00e9e de Fonlabour.<\/div>\n","protected":false},"author":2,"featured_media":0,"comment_status":"open","ping_status":"open","sticky":false,"template":"","format":"standard","meta":{"om_disable_all_campaigns":false,"advanced_seo_description":"","jetpack_seo_html_title":"","jetpack_seo_noindex":false,"_jetpack_memberships_contains_paid_content":false,"footnotes":"","_links_to":"","_links_to_target":""},"categories":[3,42,725,1962],"tags":[2035,44,244,297,2033,2034],"class_list":{"0":"post-20162","1":"post","2":"type-post","3":"status-publish","4":"format-standard","6":"category-agriculture","7":"category-a-cote-de-chez-nous","8":"category-formation-parlons-en","9":"category-n-95-fevrier-2014","10":"tag-ovinpiades-des-jeunes-bergers","11":"tag-albi","12":"tag-formation","13":"tag-ovins","14":"tag-berger","15":"tag-fonlabour"},"jetpack_featured_media_url":"","views":{"total":0,"cached_at":"","cached_date":1738509788},"jetpack_likes_enabled":true,"jetpack_sharing_enabled":true,"jetpack_shortlink":"https:\/\/wp.me\/pg7Wxj-5fc","jetpack-related-posts":[],"_links":{"self":[{"href":"https:\/\/www.o-p-i.fr\/parlonsen\/wp-json\/wp\/v2\/posts\/20162","targetHints":{"allow":["GET"]}}],"collection":[{"href":"https:\/\/www.o-p-i.fr\/parlonsen\/wp-json\/wp\/v2\/posts"}],"about":[{"href":"https:\/\/www.o-p-i.fr\/parlonsen\/wp-json\/wp\/v2\/types\/post"}],"author":[{"embeddable":true,"href":"https:\/\/www.o-p-i.fr\/parlonsen\/wp-json\/wp\/v2\/users\/2"}],"replies":[{"embeddable":true,"href":"https:\/\/www.o-p-i.fr\/parlonsen\/wp-json\/wp\/v2\/comments?post=20162"}],"version-history":[{"count":0,"href":"https:\/\/www.o-p-i.fr\/parlonsen\/wp-json\/wp\/v2\/posts\/20162\/revisions"}],"wp:attachment":[{"href":"https:\/\/www.o-p-i.fr\/parlonsen\/wp-json\/wp\/v2\/media?parent=20162"}],"wp:term":[{"taxonomy":"category","embeddable":true,"href":"https:\/\/www.o-p-i.fr\/parlonsen\/wp-json\/wp\/v2\/categories?post=20162"},{"taxonomy":"post_tag","embeddable":true,"href":"https:\/\/www.o-p-i.fr\/parlonsen\/wp-json\/wp\/v2\/tags?post=20162"}],"curies":[{"name":"wp","href":"https:\/\/api.w.org\/{rel}","templated":true}]}}