{"id":20179,"date":"2014-02-10T17:26:33","date_gmt":"2014-02-10T15:26:33","guid":{"rendered":"\/parlonsen\/?p=20179"},"modified":"2025-11-09T13:54:31","modified_gmt":"2025-11-09T12:54:31","slug":"jacques-simon-chante-jean-ferrat-a-montauban-82","status":"publish","type":"post","link":"https:\/\/www.o-p-i.fr\/parlonsen\/parlons-en\/culture\/jacques-simon-chante-jean-ferrat-a-montauban-82\/","title":{"rendered":"Jacques SIMON  chante Jean FERRAT &#8230; \u00e0 Montauban (82)"},"content":{"rendered":"<p>Hommage \u00e0 Jean Ferrat, <strong>Dimanche 2 Mars 2014 <\/strong>\u00e0 l&rsquo;espace VO. <!--more--><\/p>\n<p style=\"text-align: justify;\">\n<figure id=\"attachment_20181\" aria-describedby=\"caption-attachment-20181\" style=\"width: 239px\" class=\"wp-caption alignright\"><a href=\"https:\/\/i0.wp.com\/www.o-p-i.fr\/parlonsen\/wp-content\/uploads\/simonchanteferrat.jpg?ssl=1\"><img data-recalc-dims=\"1\" loading=\"lazy\" decoding=\"async\" class=\"size-medium wp-image-20181 \" title=\"Jacques Simon chante Jean Ferrat\" src=\"https:\/\/i0.wp.com\/www.o-p-i.fr\/parlonsen\/wp-content\/uploads\/simonchanteferrat.jpg?resize=239%2C235&#038;ssl=1\" alt=\"Jacques Simon chante Jean Ferrat\" width=\"239\" height=\"235\" srcset=\"https:\/\/i0.wp.com\/www.o-p-i.fr\/parlonsen\/wp-content\/uploads\/simonchanteferrat.jpg?resize=299%2C294&amp;ssl=1 299w, https:\/\/i0.wp.com\/www.o-p-i.fr\/parlonsen\/wp-content\/uploads\/simonchanteferrat.jpg?resize=1024%2C1005&amp;ssl=1 1024w, https:\/\/i0.wp.com\/www.o-p-i.fr\/parlonsen\/wp-content\/uploads\/simonchanteferrat.jpg?w=1187&amp;ssl=1 1187w\" sizes=\"auto, (max-width: 239px) 100vw, 239px\" \/><\/a><figcaption id=\"caption-attachment-20181\" class=\"wp-caption-text\">Jacques Simon chante Jean Ferrat<\/figcaption><\/figure>\n<p style=\"text-align: justify;\">Retrouvez pendant plus de deux heures, les chansons de L&rsquo;artiste musicien, chanteur, po\u00e8te, mais \u00e9galement humaniste et r\u00e9volt\u00e9 (La montagne&#8230; Aimer \u00e0 perdre la raison&#8230; Potemkine&#8230; Ma France&#8230;)<br \/>\n<strong> <\/strong><\/p>\n<p><strong> Pour y aller &#8230;<\/strong><br \/>\n<a title=\"Ouvre le plan dans une nouvelle fen\u00eatre\" href=\"https:\/\/maps.google.fr\/maps?q=Espace+Culturel+Le+V.o&amp;ll=44.015703,1.299949&amp;spn=0.007731,0.01929&amp;client=firefox-a&amp;fb=1&amp;gl=fr&amp;hq=espace+culturel+le+vo&amp;hnear=0x12ac0c1f8706e155:0x50516f3b112e7c6,Chemin+de+Paulet,+82000+Montauban&amp;cid=8374882344602681159&amp;t=m&amp;z=16&amp;iwloc=A\">Espace Culturel LE V.O<br \/>\nChemin de Paulet<br \/>\n82000 MONTAUBAN<\/a><\/p>\n<p><strong>Tarifs :<\/strong><br \/>\nNormal : 10\u20ac<br \/>\nR\u00e9duit : 8\u20ac<\/p>\n<p><strong> Organisateur : <\/strong><a title=\"Ouvre le site dans une nouvelle fen\u00eatre\" href=\"http:\/\/www.lespacevo.com\/\" target=\"_blank\">Espace Culturel LE V.O<\/a><\/p>\n<p><strong> Contact  : <a title=\"Cliquez pour ouvrir la fiche dans l'annuaire d'OPI\" href=\"https:\/\/www.o-p-i.fr\/aupays\/annuaire\/loisirs\/distrair-animation-musicale\/\">Distr&rsquo;Air Music<\/a><br \/>\n<\/strong><br \/>\n<em>Information communiqu\u00e9e par Muriel, charg\u00e9e officielle\u00a0 de la promotion de cette manifestation<\/em><\/p>\n","protected":false},"excerpt":{"rendered":"<div class=\"mh-excerpt\">Hommage \u00e0 Jean Ferrat, Dimanche 2 Mars 2014 \u00e0 l&rsquo;espace VO.<\/div>\n","protected":false},"author":2,"featured_media":0,"comment_status":"open","ping_status":"open","sticky":false,"template":"","format":"standard","meta":{"om_disable_all_campaigns":false,"advanced_seo_description":"","jetpack_seo_html_title":"","jetpack_seo_noindex":false,"_jetpack_memberships_contains_paid_content":false,"footnotes":"","_links_to":"","_links_to_target":""},"categories":[42,1,54,1999],"tags":[43,99,809,3926],"class_list":{"0":"post-20179","1":"post","2":"type-post","3":"status-publish","4":"format-standard","6":"category-a-cote-de-chez-nous","7":"category-culture","8":"category-loisirs","9":"category-n-96-mars-2014","10":"tag-concert","11":"tag-montauban","12":"tag-jean-ferrat","13":"tag-chants"},"jetpack_featured_media_url":"","views":{"total":2,"cached_at":"","cached_date":1738509233},"jetpack_likes_enabled":true,"jetpack_sharing_enabled":true,"jetpack_shortlink":"https:\/\/wp.me\/pg7Wxj-5ft","jetpack-related-posts":[],"_links":{"self":[{"href":"https:\/\/www.o-p-i.fr\/parlonsen\/wp-json\/wp\/v2\/posts\/20179","targetHints":{"allow":["GET"]}}],"collection":[{"href":"https:\/\/www.o-p-i.fr\/parlonsen\/wp-json\/wp\/v2\/posts"}],"about":[{"href":"https:\/\/www.o-p-i.fr\/parlonsen\/wp-json\/wp\/v2\/types\/post"}],"author":[{"embeddable":true,"href":"https:\/\/www.o-p-i.fr\/parlonsen\/wp-json\/wp\/v2\/users\/2"}],"replies":[{"embeddable":true,"href":"https:\/\/www.o-p-i.fr\/parlonsen\/wp-json\/wp\/v2\/comments?post=20179"}],"version-history":[{"count":1,"href":"https:\/\/www.o-p-i.fr\/parlonsen\/wp-json\/wp\/v2\/posts\/20179\/revisions"}],"predecessor-version":[{"id":67020,"href":"https:\/\/www.o-p-i.fr\/parlonsen\/wp-json\/wp\/v2\/posts\/20179\/revisions\/67020"}],"wp:attachment":[{"href":"https:\/\/www.o-p-i.fr\/parlonsen\/wp-json\/wp\/v2\/media?parent=20179"}],"wp:term":[{"taxonomy":"category","embeddable":true,"href":"https:\/\/www.o-p-i.fr\/parlonsen\/wp-json\/wp\/v2\/categories?post=20179"},{"taxonomy":"post_tag","embeddable":true,"href":"https:\/\/www.o-p-i.fr\/parlonsen\/wp-json\/wp\/v2\/tags?post=20179"}],"curies":[{"name":"wp","href":"https:\/\/api.w.org\/{rel}","templated":true}]}}