{"id":20264,"date":"2014-02-14T17:18:24","date_gmt":"2014-02-14T15:18:24","guid":{"rendered":"\/parlonsen\/?p=20264"},"modified":"2014-02-11T23:36:07","modified_gmt":"2014-02-11T21:36:07","slug":"lacher-de-truites-a-puygaillard-de-quercy-82","status":"publish","type":"post","link":"https:\/\/www.o-p-i.fr\/parlonsen\/localisation\/au-pays-des-tescous\/puygaillard-de-quercy\/lacher-de-truites-a-puygaillard-de-quercy-82\/","title":{"rendered":"L\u00e2cher de truites &#8230; \u00e0 Puygaillard de Quercy (82)"},"content":{"rendered":"<p>L&rsquo;AAPPMA de PENNE du TARN effectue un l\u00e2cher de truites le  <strong>Samedi 1er Mars 2014<\/strong>.  <!--more--><\/p>\n<p><strong> Pour y aller &#8230;<\/strong><br \/>\nLieu-dit Al Bosc<br \/>\nRoute de Monclar<br \/>\n82800 PUYGAILLARD de QUERCY<\/p>\n<p><strong>Tarifs :<\/strong><br \/>\nP\u00eache : 10\u20ac<br \/>\nRepas : 10\u20ac<\/p>\n<p><strong> Organisateur : <\/strong>Association Agr\u00e9\u00e9e pour la P\u00eache et la Protection du Milieu Aquatique (<a title=\"Cliquez pour ouvrir la fiche dans l'annuaire d'OPI\" href=\"https:\/\/www.o-p-i.fr\/aupays\/annuaire\/loisirs\/aappma-de-penne-du-tarn\/\" target=\"_blank\">AAPPMA<\/a>)<\/p>\n<p><strong> Contact  : <\/strong>SOULEIL Claude<br \/>\nLe bourg<br \/>\n82140 CAZALS<br \/>\nT\u00e9l. : 06 11 72 64 45<\/p>\n<p><em>Information communiqu\u00e9e par Louis SENNOU, charg\u00e9 officiel de la promotion de cette manifestation<\/em><\/p>\n","protected":false},"excerpt":{"rendered":"<div class=\"mh-excerpt\">L&rsquo;AAPPMA de PENNE du TARN effectue un l\u00e2cher de truites le Samedi 1er Mars 2014.<\/div>\n","protected":false},"author":2,"featured_media":0,"comment_status":"open","ping_status":"open","sticky":false,"template":"","format":"standard","meta":{"om_disable_all_campaigns":false,"advanced_seo_description":"","jetpack_seo_html_title":"","jetpack_seo_noindex":false,"_jetpack_memberships_contains_paid_content":false,"footnotes":"","_links_to":"","_links_to_target":""},"categories":[54,33,1962],"tags":[157,167,862,2556],"class_list":{"0":"post-20264","1":"post","2":"type-post","3":"status-publish","4":"format-standard","6":"category-loisirs","7":"category-puygaillard-de-quercy","8":"category-n-95-fevrier-2014","9":"tag-repas","10":"tag-peche","11":"tag-truite","12":"tag-puygaillard-de-quercy"},"jetpack_featured_media_url":"","views":{"total":0,"cached_at":"","cached_date":1738509541},"jetpack_likes_enabled":true,"jetpack_sharing_enabled":true,"jetpack_shortlink":"https:\/\/wp.me\/pg7Wxj-5gQ","jetpack-related-posts":[],"_links":{"self":[{"href":"https:\/\/www.o-p-i.fr\/parlonsen\/wp-json\/wp\/v2\/posts\/20264","targetHints":{"allow":["GET"]}}],"collection":[{"href":"https:\/\/www.o-p-i.fr\/parlonsen\/wp-json\/wp\/v2\/posts"}],"about":[{"href":"https:\/\/www.o-p-i.fr\/parlonsen\/wp-json\/wp\/v2\/types\/post"}],"author":[{"embeddable":true,"href":"https:\/\/www.o-p-i.fr\/parlonsen\/wp-json\/wp\/v2\/users\/2"}],"replies":[{"embeddable":true,"href":"https:\/\/www.o-p-i.fr\/parlonsen\/wp-json\/wp\/v2\/comments?post=20264"}],"version-history":[{"count":0,"href":"https:\/\/www.o-p-i.fr\/parlonsen\/wp-json\/wp\/v2\/posts\/20264\/revisions"}],"wp:attachment":[{"href":"https:\/\/www.o-p-i.fr\/parlonsen\/wp-json\/wp\/v2\/media?parent=20264"}],"wp:term":[{"taxonomy":"category","embeddable":true,"href":"https:\/\/www.o-p-i.fr\/parlonsen\/wp-json\/wp\/v2\/categories?post=20264"},{"taxonomy":"post_tag","embeddable":true,"href":"https:\/\/www.o-p-i.fr\/parlonsen\/wp-json\/wp\/v2\/tags?post=20264"}],"curies":[{"name":"wp","href":"https:\/\/api.w.org\/{rel}","templated":true}]}}