{"id":20286,"date":"2014-02-21T16:15:52","date_gmt":"2014-02-21T14:15:52","guid":{"rendered":"\/parlonsen\/?p=20286"},"modified":"2014-02-12T16:39:11","modified_gmt":"2014-02-12T14:39:11","slug":"stage-de-peinture-de-nu-a-leojac-82","status":"publish","type":"post","link":"https:\/\/www.o-p-i.fr\/parlonsen\/localisation\/au-pays-des-tescous\/leojac\/stage-de-peinture-de-nu-a-leojac-82\/","title":{"rendered":"Stage de Peinture de Nu &#8230; \u00e0 L\u00e9ojac (82)"},"content":{"rendered":"<p style=\"text-align: justify;\"><strong>De Mars \u00e0 Juin 2014<\/strong>,\u00a0 plusieurs stages de peinture de nu avec mod\u00e8le vivant sont propos\u00e9s et anim\u00e9s par l&rsquo;artiste Peintre Marcos Rodrigo.<!--more--><\/p>\n<p style=\"text-align: justify;\">\n<figure id=\"attachment_20289\" aria-describedby=\"caption-attachment-20289\" style=\"width: 214px\" class=\"wp-caption alignright\"><a href=\"http:\/\/www.marcos-rodrigo.com\/galerie\/show?id=396&amp;id_cat=12\"><img data-recalc-dims=\"1\" loading=\"lazy\" decoding=\"async\" class=\"size-medium wp-image-20289\" title=\"Une Muse au Balcon - Marcos Rodrigo\" src=\"https:\/\/i0.wp.com\/www.o-p-i.fr\/parlonsen\/wp-content\/uploads\/marcosrodrigo.jpg?resize=214%2C300&#038;ssl=1\" alt=\"Une Muse au Balcon - Marcos Rodrigo\" width=\"214\" height=\"300\" srcset=\"https:\/\/i0.wp.com\/www.o-p-i.fr\/parlonsen\/wp-content\/uploads\/marcosrodrigo.jpg?resize=214%2C300&amp;ssl=1 214w, https:\/\/i0.wp.com\/www.o-p-i.fr\/parlonsen\/wp-content\/uploads\/marcosrodrigo.jpg?w=288&amp;ssl=1 288w\" sizes=\"auto, (max-width: 214px) 100vw, 214px\" \/><\/a><figcaption id=\"caption-attachment-20289\" class=\"wp-caption-text\">Une Muse au Balcon - Marcos Rodrigo<\/figcaption><\/figure>\n<p>Travail sur le corps dans l&rsquo;esprit de ses cr\u00e9ations, l&rsquo;animateur vous guidera dans vos r\u00e9alisations personnelles avec explications, d\u00e9monstrations et corrections si vous le d\u00e9sirez.<\/p>\n<p style=\"text-align: justify;\">Les stages se d\u00e9rouleront le weekend dans son atelier de L\u00e9ojac situ\u00e9 \u00e0 40 mn de Toulouse et 10mn de Montauban.<\/p>\n<p>Pour d\u00e9butants et confirm\u00e9s<br \/>\n4 \u00e0 7 stagiaires par session.<\/p>\n<p><strong>Dates :<\/strong><br \/>\nSamedi : 15\/03\/2014<br \/>\nDimanche : 16\/03\/2014<br \/>\nDimanche :  27\/04\/2014<br \/>\nSamedi : 10\/05\/2014<br \/>\nDimanche : 11\/05\/2014<br \/>\nSamedi :  14\/06\/2014<br \/>\nDimanche : 15\/06\/2014<\/p>\n<p><strong>Horaires :<\/strong> 9h \u00e0 12h30 et 14h \u00e0 17h30<\/p>\n<p>Informations d\u00e9taill\u00e9es \u00e0 la demande.<\/p>\n<p><strong>Tarifs\u00a0 :<\/strong><br \/>\n90\u20ac par stage d&rsquo;une journ\u00e9e, frais de mod\u00e8le inclus.<\/p>\n<p><strong> Pour y aller &#8230; <\/strong><br \/>\n<a title=\"En savoir +\" href=\"https:\/\/maps.google.fr\/maps?q=372+Route+de+Saint+Etienne+82230+LEOJAC&amp;ie=UTF8&amp;oe=utf-8&amp;client=firefox-a&amp;hnear=372+Route+de+Saint-%C3%89tienne+de+Tulmont,+82230+L%C3%A9ojac,+Tarn-et-Garonne,+Midi-Pyr%C3%A9n%C3%A9es&amp;gl=fr&amp;t=m&amp;z=16\">372 Route de Saint Etienne<br \/>\n82230 LEOJAC<\/a><\/p>\n<p><strong> Contact  : <\/strong> <a title=\"Cliquez pour ouvrir la fiche dans l'annuaire d'OPI\" href=\"https:\/\/www.o-p-i.fr\/aupays\/vie-des-communes\/a-cote-de-chez-nous\/marcos-rodrigo\/\">Marcos RODRIGO<\/a><\/p>\n<p><em>Information communiqu\u00e9e par\u00a0 Marcos RODRIGO<\/em><\/p>\n","protected":false},"excerpt":{"rendered":"<div class=\"mh-excerpt\">De Mars \u00e0 Juin 2014,\u00a0 plusieurs stages de peinture de nu avec mod\u00e8le vivant sont propos\u00e9s et anim\u00e9s par l&rsquo;artiste Peintre Marcos Rodrigo.<\/div>\n","protected":false},"author":2,"featured_media":0,"comment_status":"open","ping_status":"open","sticky":false,"template":"","format":"standard","meta":{"om_disable_all_campaigns":false,"advanced_seo_description":"","jetpack_seo_html_title":"","jetpack_seo_noindex":false,"_jetpack_memberships_contains_paid_content":false,"footnotes":"","_links_to":"","_links_to_target":""},"categories":[30,725,54],"tags":[2553,178,195,706],"class_list":{"0":"post-20286","1":"post","2":"type-post","3":"status-publish","4":"format-standard","6":"category-leojac","7":"category-formation-parlons-en","8":"category-loisirs","9":"tag-leojac","10":"tag-peinture","11":"tag-stage","12":"tag-marcos-rodrigo"},"jetpack_featured_media_url":"","views":{"total":0,"cached_at":"","cached_date":1738518072},"jetpack_likes_enabled":true,"jetpack_sharing_enabled":true,"jetpack_shortlink":"https:\/\/wp.me\/pg7Wxj-5hc","jetpack-related-posts":[],"_links":{"self":[{"href":"https:\/\/www.o-p-i.fr\/parlonsen\/wp-json\/wp\/v2\/posts\/20286","targetHints":{"allow":["GET"]}}],"collection":[{"href":"https:\/\/www.o-p-i.fr\/parlonsen\/wp-json\/wp\/v2\/posts"}],"about":[{"href":"https:\/\/www.o-p-i.fr\/parlonsen\/wp-json\/wp\/v2\/types\/post"}],"author":[{"embeddable":true,"href":"https:\/\/www.o-p-i.fr\/parlonsen\/wp-json\/wp\/v2\/users\/2"}],"replies":[{"embeddable":true,"href":"https:\/\/www.o-p-i.fr\/parlonsen\/wp-json\/wp\/v2\/comments?post=20286"}],"version-history":[{"count":0,"href":"https:\/\/www.o-p-i.fr\/parlonsen\/wp-json\/wp\/v2\/posts\/20286\/revisions"}],"wp:attachment":[{"href":"https:\/\/www.o-p-i.fr\/parlonsen\/wp-json\/wp\/v2\/media?parent=20286"}],"wp:term":[{"taxonomy":"category","embeddable":true,"href":"https:\/\/www.o-p-i.fr\/parlonsen\/wp-json\/wp\/v2\/categories?post=20286"},{"taxonomy":"post_tag","embeddable":true,"href":"https:\/\/www.o-p-i.fr\/parlonsen\/wp-json\/wp\/v2\/tags?post=20286"}],"curies":[{"name":"wp","href":"https:\/\/api.w.org\/{rel}","templated":true}]}}