{"id":20340,"date":"2014-02-17T17:26:30","date_gmt":"2014-02-17T15:26:30","guid":{"rendered":"\/parlonsen\/?p=20340"},"modified":"2014-02-17T17:26:30","modified_gmt":"2014-02-17T15:26:30","slug":"retour-du-jeudi-20-fevrier-concert-de-patrice-caumon-%e2%80%a6-a-albi-81","status":"publish","type":"post","link":"https:\/\/www.o-p-i.fr\/parlonsen\/parlons-en\/culture\/retour-du-jeudi-20-fevrier-concert-de-patrice-caumon-%e2%80%a6-a-albi-81\/","title":{"rendered":"Retour du Jeudi 20 f\u00e9vrier : concert de Patrice Caumon \u2026 \u00e0 Albi (81)"},"content":{"rendered":"<p style=\"text-align: justify;\">Vous avez ci-dessous les infos suivantes : le Retour du<strong> Jeudi 20 f\u00e9vrier 2014<\/strong>, un concert de Patrice Caumon ; une conf\u00e9rence d\u00e9bat \u00ab\u00a0Jaur\u00e8s contre la barbarie\u00a0\u00bb, <strong>mercredi 19 f\u00e9vrier<\/strong>.<!--more--><\/p>\n<p style=\"text-align: justify;\">*****************************************************<\/p>\n<p style=\"text-align: justify;\"><strong>&#8211; LE RETOUR DU JEUDI 20 F\u00c9VRIER : Patrice Caumon, chanson d\u00e9gag\u00e9e<\/strong><\/p>\n<p style=\"text-align: justify;\"><em><\/em><\/p>\n<p><em><\/em><\/p>\n<p><em><\/p>\n<figure id=\"attachment_20342\" aria-describedby=\"caption-attachment-20342\" style=\"width: 150px\" class=\"wp-caption alignright\"><a href=\"https:\/\/i0.wp.com\/www.o-p-i.fr\/parlonsen\/wp-content\/uploads\/patricecaumon.jpg?ssl=1\"><img data-recalc-dims=\"1\" loading=\"lazy\" decoding=\"async\" class=\"size-thumbnail wp-image-20342\" title=\" Patrice Caumon : le sens du second degr\u00e9.\" src=\"https:\/\/i0.wp.com\/www.o-p-i.fr\/parlonsen\/wp-content\/uploads\/patricecaumon.jpg?resize=150%2C150&#038;ssl=1\" alt=\" Patrice Caumon : le sens du second degr\u00e9.\" width=\"150\" height=\"150\" srcset=\"https:\/\/i0.wp.com\/www.o-p-i.fr\/parlonsen\/wp-content\/uploads\/patricecaumon.jpg?resize=150%2C150&amp;ssl=1 150w, https:\/\/i0.wp.com\/www.o-p-i.fr\/parlonsen\/wp-content\/uploads\/patricecaumon.jpg?resize=300%2C300&amp;ssl=1 300w, https:\/\/i0.wp.com\/www.o-p-i.fr\/parlonsen\/wp-content\/uploads\/patricecaumon.jpg?w=320&amp;ssl=1 320w\" sizes=\"auto, (max-width: 150px) 100vw, 150px\" \/><\/a><figcaption id=\"caption-attachment-20342\" class=\"wp-caption-text\"> Patrice Caumon : le sens du second degr\u00e9.<\/figcaption><\/figure>\n<p><\/em><\/p>\n<p><em><\/em><\/p>\n<p><em>Jeudi 20 f\u00e9vrier \/ 18 h 30 \/ Foyer, b\u00e2timent Pascal(e) Ambic \/ gratuit<\/em><\/p>\n<p style=\"text-align: justify;\">Humour ravageur, d\u00e9rision et autod\u00e9rision sont les armes de ce gar\u00e7on pour affronter les difficult\u00e9s de la vie\u2026 et de la sc\u00e8ne ! Patrice Caumon est un bateleur et un amuseur qui va prouver qu\u2019on peut chanter tout en grin\u00e7ant des dents, un po\u00e8te blagueur, m\u00e9galo, provocateur, baratineur, roublard et vache, qui r\u00e8gle ses comptes et joue sur les mots avec un humour d\u00e9cal\u00e9 et une \u00e9nergie rock. Entre ses textes a capella aux \u00e9nergiques accents hip-hop et son improbable duo avec une cantatrice en duplex depuis la Belgique, le public est pris \u00e0 parti dans des situations aussi loufoques qu\u2019hilarantes.<\/p>\n<p style=\"text-align: justify;\"><a title=\"Ouvre le site dans une nouvelle fen\u00eatre\" href=\" http:\/\/www.patricecaumon.com\/\" target=\"_blank\">http:\/\/www.patricecaumon.com\/<\/a><\/p>\n<p style=\"text-align: justify;\">*****************************************************<\/p>\n<p style=\"text-align: justify;\"><strong>&#8211; MERCREDI 19 FEVRIER : conf\u00e9rence d\u00e9bat JAURES VIVANT<\/strong><\/p>\n<p style=\"text-align: justify;\">\u00ab\u00a0Jaur\u00e8s contre la barbarie\u00a0\u00bb, quatri\u00e8me conf\u00e9rence-d\u00e9bat de \u00ab\u00a02014 : Jaur\u00e8s vivant\u00a0\u00bb.<br \/>\nMercredi 19 f\u00e9vrier \u00e0 18 h, Auditorium I, Maison du Multim\u00e9dia (entr\u00e9e, place de Verdun)<\/p>\n<p style=\"text-align: justify;\">Consacrant sa vie \u00e0 d\u00e9fendre les ouvriers et paysans, Jean Jaur\u00e8s n\u2019\u00e9tait-il pas un tribun exceptionnel, un journaliste, un philosophe ainsi qu\u2019un homme politique exemplaire ? D\u00e9pourvu d\u2019ambition personnelle et travailleur infatigable, ne s\u2019est-il pas toujours battu pour un monde de justice et de paix, par amour de l\u2019humanit\u00e9 ? R\u00e9volutionnaire et pacifiste, n\u2019a-t-il pas lutt\u00e9 sans rel\u00e2che contre la barbarie du monde capitaliste et la mont\u00e9e des p\u00e9rils lorsque se profilait la premi\u00e8re guerre mondiale ?<\/p>\n<p style=\"text-align: justify;\">Anim\u00e9e par Nane et Jean-Luc V\u00e9zinet, conteurs et auteurs d\u2019ouvrages principalement destin\u00e9s \u00e0 la jeunesse, tels que : Lucie Aubrac, Femmes rebelles du vingti\u00e8me si\u00e8cle, Jean Jaur\u00e8s contre la barbarie.<br \/>\nIniti\u00e9e par l&rsquo;Universit\u00e9 Pour Tous (UPT), l\u2019Association Jaur\u00e8s Espace Tarn (A.J.E.T.),  et leurs partenaires.<\/p>\n<p style=\"text-align: justify;\">L\u2019entr\u00e9e est, comme d\u2019habitude, libre et gratuite.<\/p>\n<p style=\"text-align: justify;\"><a title=\"Ouvre le site dans une nouvelle fen\u00eatre\" href=\"http:\/\/www.ajet.fr\/index.php\/jaures2014\" target=\"_blank\">http:\/\/www.ajet.fr\/index.php\/jaures2014<\/a><\/p>\n<p style=\"text-align: justify;\">*****************************************************<br \/>\nJ\u00e9r\u00f4me Cabot<br \/>\ncharg\u00e9 de mission \u00e0 l&rsquo;action culturelle<br \/>\nMCF en litt\u00e9rature fran\u00e7aise<br \/>\nUniversit\u00e9 Champollion<br \/>\n05 63 48 19 70<br \/>\n<a href=\"http:\/\/leretourdujeudi.univ-jfc.fr\">http:\/\/leretourdujeudi.univ-jfc.fr<\/a><\/p>\n","protected":false},"excerpt":{"rendered":"<div class=\"mh-excerpt\">Vous avez ci-dessous les infos suivantes : le Retour du Jeudi 20 f\u00e9vrier 2014, un concert de Patrice Caumon ; une conf\u00e9rence d\u00e9bat \u00ab\u00a0Jaur\u00e8s contre la barbarie\u00a0\u00bb, mercredi 19 f\u00e9vrier.<\/div>\n","protected":false},"author":2,"featured_media":0,"comment_status":"open","ping_status":"open","sticky":false,"template":"","format":"standard","meta":{"om_disable_all_campaigns":false,"advanced_seo_description":"","jetpack_seo_html_title":"","jetpack_seo_noindex":false,"_jetpack_memberships_contains_paid_content":false,"footnotes":"","_links_to":"","_links_to_target":""},"categories":[42,1,54,1962],"tags":[43,44,45,46,47,49,189,234,2025],"class_list":{"0":"post-20340","1":"post","2":"type-post","3":"status-publish","4":"format-standard","6":"category-a-cote-de-chez-nous","7":"category-culture","8":"category-loisirs","9":"category-n-95-fevrier-2014","10":"tag-concert","11":"tag-albi","12":"tag-retour-du-jeudi","13":"tag-fac","14":"tag-champollion","15":"tag-jaures","16":"tag-debat","17":"tag-conference","18":"tag-jean-jaures"},"jetpack_featured_media_url":"","views":{"total":0,"cached_at":"","cached_date":1738509513},"jetpack_likes_enabled":true,"jetpack_sharing_enabled":true,"jetpack_shortlink":"https:\/\/wp.me\/pg7Wxj-5i4","jetpack-related-posts":[],"_links":{"self":[{"href":"https:\/\/www.o-p-i.fr\/parlonsen\/wp-json\/wp\/v2\/posts\/20340","targetHints":{"allow":["GET"]}}],"collection":[{"href":"https:\/\/www.o-p-i.fr\/parlonsen\/wp-json\/wp\/v2\/posts"}],"about":[{"href":"https:\/\/www.o-p-i.fr\/parlonsen\/wp-json\/wp\/v2\/types\/post"}],"author":[{"embeddable":true,"href":"https:\/\/www.o-p-i.fr\/parlonsen\/wp-json\/wp\/v2\/users\/2"}],"replies":[{"embeddable":true,"href":"https:\/\/www.o-p-i.fr\/parlonsen\/wp-json\/wp\/v2\/comments?post=20340"}],"version-history":[{"count":0,"href":"https:\/\/www.o-p-i.fr\/parlonsen\/wp-json\/wp\/v2\/posts\/20340\/revisions"}],"wp:attachment":[{"href":"https:\/\/www.o-p-i.fr\/parlonsen\/wp-json\/wp\/v2\/media?parent=20340"}],"wp:term":[{"taxonomy":"category","embeddable":true,"href":"https:\/\/www.o-p-i.fr\/parlonsen\/wp-json\/wp\/v2\/categories?post=20340"},{"taxonomy":"post_tag","embeddable":true,"href":"https:\/\/www.o-p-i.fr\/parlonsen\/wp-json\/wp\/v2\/tags?post=20340"}],"curies":[{"name":"wp","href":"https:\/\/api.w.org\/{rel}","templated":true}]}}