{"id":20356,"date":"2014-02-18T12:31:48","date_gmt":"2014-02-18T10:31:48","guid":{"rendered":"\/parlonsen\/?p=20356"},"modified":"2014-02-25T01:13:25","modified_gmt":"2014-02-24T23:13:25","slug":"2eme-edition-du-concours-chocolat-reussie-%e2%80%a6-a-saint-nauphary-82","status":"publish","type":"post","link":"https:\/\/www.o-p-i.fr\/parlonsen\/localisation\/au-pays-des-tescous\/saint_nauphary\/2eme-edition-du-concours-chocolat-reussie-%e2%80%a6-a-saint-nauphary-82\/","title":{"rendered":"2\u00e8me \u00e9dition du concours Chocolat r\u00e9ussie \u2026 \u00e0 Saint-Nauphary (82)"},"content":{"rendered":"<p style=\"text-align: justify;\">2\u00e8me \u00e9dition avec la pr\u00e9sence de Philippe CALVET, Masterchef (Saison 1)<!--more--><\/p>\n<p style=\"text-align: justify;\">\n<figure id=\"attachment_20358\" aria-describedby=\"caption-attachment-20358\" style=\"width: 210px\" class=\"wp-caption alignright\"><a href=\"https:\/\/i0.wp.com\/www.o-p-i.fr\/parlonsen\/wp-content\/uploads\/chocolat2014.jpg?ssl=1\"><img data-recalc-dims=\"1\" loading=\"lazy\" decoding=\"async\" class=\"size-medium wp-image-20358 \" title=\" Tous les participants au Concours de cuisine \u201csp\u00e9cial chocolat\u201c 2014 entour\u00e9s des membres des 2 jury et Mr le maire de Saint Nauphary\" src=\"https:\/\/i0.wp.com\/www.o-p-i.fr\/parlonsen\/wp-content\/uploads\/chocolat2014.jpg?resize=210%2C140&#038;ssl=1\" alt=\" Tous les participants au Concours de cuisine \u201csp\u00e9cial chocolat\u201c 2014 entour\u00e9s des membres des 2 jury et Mr le maire de Saint Nauphary\" width=\"210\" height=\"140\" srcset=\"https:\/\/i0.wp.com\/www.o-p-i.fr\/parlonsen\/wp-content\/uploads\/chocolat2014.jpg?resize=300%2C200&amp;ssl=1 300w, https:\/\/i0.wp.com\/www.o-p-i.fr\/parlonsen\/wp-content\/uploads\/chocolat2014.jpg?w=1000&amp;ssl=1 1000w\" sizes=\"auto, (max-width: 210px) 100vw, 210px\" \/><\/a><figcaption id=\"caption-attachment-20358\" class=\"wp-caption-text\"> Tous les participants au Concours de cuisine \u201csp\u00e9cial chocolat\u201c 2014 entour\u00e9s des membres des 2 jury et Mr le maire de Saint Nauphary<\/figcaption><\/figure>\n<p style=\"text-align: justify;\">Dimanche 16 f\u00e9vrier 2014 s\u2019est d\u00e9roul\u00e9 le 2\u00e8me Concours de Cuisine \u00absp\u00e9cial chocolat\u00bb \u00e0 la salle des f\u00eates de Saint\u2013Nauphary, organis\u00e9 par l\u2019association ST NO\u2019LIVRES.<\/p>\n<p style=\"text-align: justify;\">15 participants, dont 10 enfants et 5 adultes ont r\u00e9alis\u00e9 une recette \u00e0 base de chocolat avec une originalit\u00e9 certaine et des go\u00fbts diff\u00e9rents.<\/p>\n<p style=\"text-align: justify;\">Cette ann\u00e9e le jury \u00e9tait divis\u00e9 en 2 cat\u00e9gories : enfants et adultes, et a d\u00e9lib\u00e9r\u00e9 apr\u00e8s une minutieuse d\u00e9gustation pour le plus grand plaisir  des yeux et des papilles.<\/p>\n<p style=\"text-align: justify;\">Pour le jury enfants, compos\u00e9 de : Mathieu ANDRIEU, p\u00e2tissier au 8 \u00e0 huit de St Nauphary, Manon GUICHARD, gagnante (2nde) Concours Chocolat 2013, Ang\u00e9lie SERRIER, Chocolats DeNeuville \u00e0 la galerie marchande de Sapiac, Mathieu ALBERT, 1er adjoint \u00e0 la mairie de St Nauphary, ont trouv\u00e9 que tous les participants s\u2019\u00e9taient surpass\u00e9s en termes de pr\u00e9sentation et d\u2019originalit\u00e9.  En effet, c\u2019est Le saucisson au chocolat qui a remport\u00e9 le 1er prix, r\u00e9alis\u00e9 par Th\u00e9o &amp; Nino GIRARD. En 2nde position arrive Leny BRIANCEAU avec son Petit pot de cr\u00e8me au chocolat Milka. Bravo et f\u00e9licitation \u00e0 tous les trois.<\/p>\n<p style=\"text-align: justify;\">\n<figure id=\"attachment_20359\" aria-describedby=\"caption-attachment-20359\" style=\"width: 150px\" class=\"wp-caption alignright\"><a href=\"https:\/\/i0.wp.com\/www.o-p-i.fr\/parlonsen\/wp-content\/uploads\/enfantchocolat2014.jpg?ssl=1\"><img data-recalc-dims=\"1\" loading=\"lazy\" decoding=\"async\" class=\"size-thumbnail wp-image-20359\" title=\" Les gagnants de la cat\u00e9gorie enfants : Th\u00e9o &amp; Nino GIRARD r\u00e9compens\u00e9s par Bernard PAILLARES, maire de St Nauphary et Manon GUICHARD, jury enfants.\" src=\"https:\/\/i0.wp.com\/www.o-p-i.fr\/parlonsen\/wp-content\/uploads\/enfantchocolat2014.jpg?resize=150%2C150&#038;ssl=1\" alt=\" Les gagnants de la cat\u00e9gorie enfants : Th\u00e9o &amp; Nino GIRARD r\u00e9compens\u00e9s par Bernard PAILLARES, maire de St Nauphary et Manon GUICHARD, jury enfants.\" width=\"150\" height=\"150\" srcset=\"https:\/\/i0.wp.com\/www.o-p-i.fr\/parlonsen\/wp-content\/uploads\/enfantchocolat2014.jpg?resize=150%2C150&amp;ssl=1 150w, https:\/\/i0.wp.com\/www.o-p-i.fr\/parlonsen\/wp-content\/uploads\/enfantchocolat2014.jpg?zoom=2&amp;resize=150%2C150&amp;ssl=1 300w, https:\/\/i0.wp.com\/www.o-p-i.fr\/parlonsen\/wp-content\/uploads\/enfantchocolat2014.jpg?zoom=3&amp;resize=150%2C150&amp;ssl=1 450w\" sizes=\"auto, (max-width: 150px) 100vw, 150px\" \/><\/a><figcaption id=\"caption-attachment-20359\" class=\"wp-caption-text\"> Les gagnants de la cat\u00e9gorie enfants : Th\u00e9o &amp; Nino GIRARD r\u00e9compens\u00e9s par Bernard PAILLARES, maire de St Nauphary et Manon GUICHARD, jury enfants.<\/figcaption><\/figure>\n<figure id=\"attachment_20360\" aria-describedby=\"caption-attachment-20360\" style=\"width: 150px\" class=\"wp-caption alignright\"><a href=\"https:\/\/i0.wp.com\/www.o-p-i.fr\/parlonsen\/wp-content\/uploads\/adultechocolat2014.jpg?ssl=1\"><img data-recalc-dims=\"1\" loading=\"lazy\" decoding=\"async\" class=\"size-thumbnail wp-image-20360\" title=\"La gagnante de la cat\u00e9gorie adultes : Sabine GARROS r\u00e9compens\u00e9e par Philippe CALVET et V\u00e9ronique MALY, jurys adultes\" src=\"https:\/\/i0.wp.com\/www.o-p-i.fr\/parlonsen\/wp-content\/uploads\/adultechocolat2014.jpg?resize=150%2C150&#038;ssl=1\" alt=\"La gagnante de la cat\u00e9gorie adultes : Sabine GARROS r\u00e9compens\u00e9e par Philippe CALVET et V\u00e9ronique MALY, jurys adultes\" width=\"150\" height=\"150\" srcset=\"https:\/\/i0.wp.com\/www.o-p-i.fr\/parlonsen\/wp-content\/uploads\/adultechocolat2014.jpg?resize=150%2C150&amp;ssl=1 150w, https:\/\/i0.wp.com\/www.o-p-i.fr\/parlonsen\/wp-content\/uploads\/adultechocolat2014.jpg?zoom=2&amp;resize=150%2C150&amp;ssl=1 300w, https:\/\/i0.wp.com\/www.o-p-i.fr\/parlonsen\/wp-content\/uploads\/adultechocolat2014.jpg?zoom=3&amp;resize=150%2C150&amp;ssl=1 450w\" sizes=\"auto, (max-width: 150px) 100vw, 150px\" \/><\/a><figcaption id=\"caption-attachment-20360\" class=\"wp-caption-text\">La gagnante de la cat\u00e9gorie adultes : Sabine GARROS r\u00e9compens\u00e9e par Philippe CALVET et V\u00e9ronique MALY, jurys adultes<\/figcaption><\/figure>\n<p style=\"text-align: justify;\">Pour le jury adultes, compos\u00e9 de : Philippe CALVET, participant Masterchef saison 1, Nathalie BORJA, pr\u00e9sidente  de l\u2019association ST NO\u2019LIVRES, Jonathan CARTURAN, responsable du Cr\u00e9dit Agricole de St Nauphary, V\u00e9ronique MALY, gagnante (3\u00e8me) Concours Chocolat 2013, ont tous \u00e9t\u00e9 surpris par la qualit\u00e9 et la finesse des recettes propos\u00e9es. En effet, la gagnante : Sabine GARROS, a pr\u00e9sent\u00e9 Le royal ou Trianon, digne d\u2019un grand p\u00e2tissier. Et le 2nd,, Fr\u00e9d\u00e9rick DE METS a \u00e9tonn\u00e9 les membres du jury par sa pr\u00e9sentation et son originalit\u00e9 gustative gr\u00e2ce \u00e0 ses Sph\u00e8res mousse choco cl\u00e9mentine. Bravo et f\u00e9licitation \u00e0 ces amateurs p\u00e2tissiers d\u2019un jour.<\/p>\n<p style=\"text-align: justify;\">Tous les membres des jurys se sont accord\u00e9s pour souligner le talent chocolat\u00e9 et l\u2019imagination de tous les candidats sans exception.<\/p>\n<figure id=\"attachment_20357\" aria-describedby=\"caption-attachment-20357\" style=\"width: 210px\" class=\"wp-caption alignright\"><a href=\"https:\/\/i0.wp.com\/www.o-p-i.fr\/parlonsen\/wp-content\/uploads\/pascalserrier-deneuville.jpg?ssl=1\"><img data-recalc-dims=\"1\" loading=\"lazy\" decoding=\"async\" class=\"size-medium wp-image-20357 \" title=\"D\u00e9monstration de Pascal SERRIER, ma\u00eetre chocolatier DeNeuville, sous le regard attentif des enfants.\" src=\"https:\/\/i0.wp.com\/www.o-p-i.fr\/parlonsen\/wp-content\/uploads\/pascalserrier-deneuville.jpg?resize=210%2C140&#038;ssl=1\" alt=\"D\u00e9monstration de Pascal SERRIER, ma\u00eetre chocolatier DeNeuville, sous le regard attentif des enfants.\" width=\"210\" height=\"140\" srcset=\"https:\/\/i0.wp.com\/www.o-p-i.fr\/parlonsen\/wp-content\/uploads\/pascalserrier-deneuville.jpg?resize=300%2C200&amp;ssl=1 300w, https:\/\/i0.wp.com\/www.o-p-i.fr\/parlonsen\/wp-content\/uploads\/pascalserrier-deneuville.jpg?w=1000&amp;ssl=1 1000w\" sizes=\"auto, (max-width: 210px) 100vw, 210px\" \/><\/a><figcaption id=\"caption-attachment-20357\" class=\"wp-caption-text\">D\u00e9monstration de Pascal SERRIER, ma\u00eetre chocolatier DeNeuville, sous le regard attentif des enfants.<\/figcaption><\/figure>\n<p style=\"text-align: justify;\">L\u2019association tient \u00e0 remercier Pascal SERRIER, ma\u00eetre chocolatier DeNeuville, pour sa d\u00e9monstration sur le travail du  chocolat sous l\u2019\u0153il admiratif du public.<\/p>\n<p style=\"text-align: justify;\">Le public a \u00e9t\u00e9 ensuite invit\u00e9 \u00e0 partager le verre de l\u2019amiti\u00e9 et \u00e0 d\u00e9guster des d\u00e9lices chocolat\u00e9s (fontaine \u00e0 chocolat avec fruits frais, g\u00e2teau choco-framboise et chocolats) offerts par l\u2019association ST NO\u2019LIVRES.<\/p>\n<p style=\"text-align: justify;\">Apr\u00e8s un tel succ\u00e8s, l\u2019action est appel\u00e9e \u00e0 \u00eatre renouvel\u00e9e l\u2019ann\u00e9e prochaine, avec d\u2019autres merveilleuses recettes ! Pr\u00e9parez vous et n\u2019h\u00e9sitez pas \u00e0 venir nous pr\u00e9senter vos \u0153uvres chocolat\u00e9es en 2015 !<\/p>\n<p style=\"text-align: justify;\">Les photos de cette matin\u00e9e sont visibles \u00e0 la m\u00e9diath\u00e8que de Saint Nauphary et le livre de recettes sera disponible \u00e0 partir du mois de mars.<\/p>\n<p style=\"text-align: justify;\"><strong>Contact : <\/strong><a title=\"Cliquez pour ouvrir la fiche dans l'annuaire d'OPI\" href=\"https:\/\/www.o-p-i.fr\/aupays\/annuaire\/loisirs\/mediatheque-%e2%80%a6-a-saint-nauphary\/\">M\u00e9diath\u00e8que de Saint-Nauphary<\/a><\/p>\n<p style=\"text-align: justify;\"><em>Communiqu\u00e9 par Isabelle Serny<\/em><\/p>\n","protected":false},"excerpt":{"rendered":"<div class=\"mh-excerpt\">2\u00e8me \u00e9dition avec la pr\u00e9sence de Philippe CALVET, Masterchef (Saison 1)<\/div>\n","protected":false},"author":2,"featured_media":0,"comment_status":"open","ping_status":"open","sticky":false,"template":"","format":"standard","meta":{"om_disable_all_campaigns":false,"advanced_seo_description":"","jetpack_seo_html_title":"","jetpack_seo_noindex":false,"_jetpack_memberships_contains_paid_content":false,"footnotes":"","_links_to":"","_links_to_target":""},"categories":[54,17,1962],"tags":[2542,212,354,512,2044],"class_list":{"0":"post-20356","1":"post","2":"type-post","3":"status-publish","4":"format-standard","6":"category-loisirs","7":"category-saint_nauphary","8":"category-n-95-fevrier-2014","9":"tag-saint_nauphary","10":"tag-cuisine","11":"tag-concours","12":"tag-chocolat","13":"tag-masterchef"},"jetpack_featured_media_url":"","views":{"total":0,"cached_at":"","cached_date":1738508355},"jetpack_likes_enabled":true,"jetpack_sharing_enabled":true,"jetpack_shortlink":"https:\/\/wp.me\/pg7Wxj-5ik","jetpack-related-posts":[],"_links":{"self":[{"href":"https:\/\/www.o-p-i.fr\/parlonsen\/wp-json\/wp\/v2\/posts\/20356","targetHints":{"allow":["GET"]}}],"collection":[{"href":"https:\/\/www.o-p-i.fr\/parlonsen\/wp-json\/wp\/v2\/posts"}],"about":[{"href":"https:\/\/www.o-p-i.fr\/parlonsen\/wp-json\/wp\/v2\/types\/post"}],"author":[{"embeddable":true,"href":"https:\/\/www.o-p-i.fr\/parlonsen\/wp-json\/wp\/v2\/users\/2"}],"replies":[{"embeddable":true,"href":"https:\/\/www.o-p-i.fr\/parlonsen\/wp-json\/wp\/v2\/comments?post=20356"}],"version-history":[{"count":0,"href":"https:\/\/www.o-p-i.fr\/parlonsen\/wp-json\/wp\/v2\/posts\/20356\/revisions"}],"wp:attachment":[{"href":"https:\/\/www.o-p-i.fr\/parlonsen\/wp-json\/wp\/v2\/media?parent=20356"}],"wp:term":[{"taxonomy":"category","embeddable":true,"href":"https:\/\/www.o-p-i.fr\/parlonsen\/wp-json\/wp\/v2\/categories?post=20356"},{"taxonomy":"post_tag","embeddable":true,"href":"https:\/\/www.o-p-i.fr\/parlonsen\/wp-json\/wp\/v2\/tags?post=20356"}],"curies":[{"name":"wp","href":"https:\/\/api.w.org\/{rel}","templated":true}]}}