{"id":20423,"date":"2014-02-24T23:44:08","date_gmt":"2014-02-24T21:44:08","guid":{"rendered":"\/parlonsen\/?p=20423"},"modified":"2014-02-25T00:14:42","modified_gmt":"2014-02-24T22:14:42","slug":"nouvelles-de-l%e2%80%99arboretum-des-sourigous-a-salvagnac-81","status":"publish","type":"post","link":"https:\/\/www.o-p-i.fr\/parlonsen\/localisation\/au-pays-des-tescous\/salvagnac\/nouvelles-de-l%e2%80%99arboretum-des-sourigous-a-salvagnac-81\/","title":{"rendered":"Nouvelles de l\u2019Arboretum des Sourigous &#8230; \u00e0 Salvagnac (81)"},"content":{"rendered":"<p>Malgr\u00e9 une tonte pr\u00e9coce du terrain, les bulbes plant\u00e9s en novembre 2013, commencent \u00e0 sortir.<!--more--><\/p>\n<p>Quelques piquets rescap\u00e9s signalent  leur  pr\u00e9sence aux promeneurs.<\/p>\n<p>Bonne visite&#8230; avec des bottes !<\/p>\n<p style=\"text-align: center;\">\n<figure id=\"attachment_20424\" aria-describedby=\"caption-attachment-20424\" style=\"width: 150px\" class=\"wp-caption alignleft\"><a href=\"https:\/\/i0.wp.com\/www.o-p-i.fr\/parlonsen\/wp-content\/uploads\/arboretum3.jpg?ssl=1\"><img data-recalc-dims=\"1\" loading=\"lazy\" decoding=\"async\" class=\"size-thumbnail wp-image-20424 \" title=\"Jonquille\" src=\"https:\/\/i0.wp.com\/www.o-p-i.fr\/parlonsen\/wp-content\/uploads\/arboretum3.jpg?resize=150%2C150&#038;ssl=1\" alt=\"Jonquille\" width=\"150\" height=\"150\" srcset=\"https:\/\/i0.wp.com\/www.o-p-i.fr\/parlonsen\/wp-content\/uploads\/arboretum3.jpg?resize=150%2C150&amp;ssl=1 150w, https:\/\/i0.wp.com\/www.o-p-i.fr\/parlonsen\/wp-content\/uploads\/arboretum3.jpg?zoom=2&amp;resize=150%2C150&amp;ssl=1 300w, https:\/\/i0.wp.com\/www.o-p-i.fr\/parlonsen\/wp-content\/uploads\/arboretum3.jpg?zoom=3&amp;resize=150%2C150&amp;ssl=1 450w\" sizes=\"auto, (max-width: 150px) 100vw, 150px\" \/><\/a><figcaption id=\"caption-attachment-20424\" class=\"wp-caption-text\">Jonquille<\/figcaption><\/figure>\n<figure id=\"attachment_20425\" aria-describedby=\"caption-attachment-20425\" style=\"width: 150px\" class=\"wp-caption alignleft\"><a href=\"https:\/\/i0.wp.com\/www.o-p-i.fr\/parlonsen\/wp-content\/uploads\/arboretum1.jpg?ssl=1\"><img data-recalc-dims=\"1\" loading=\"lazy\" decoding=\"async\" class=\"size-thumbnail wp-image-20425 \" title=\"Crocus\" src=\"https:\/\/i0.wp.com\/www.o-p-i.fr\/parlonsen\/wp-content\/uploads\/arboretum1.jpg?resize=150%2C150&#038;ssl=1\" alt=\"Crocus\" width=\"150\" height=\"150\" srcset=\"https:\/\/i0.wp.com\/www.o-p-i.fr\/parlonsen\/wp-content\/uploads\/arboretum1.jpg?resize=150%2C150&amp;ssl=1 150w, https:\/\/i0.wp.com\/www.o-p-i.fr\/parlonsen\/wp-content\/uploads\/arboretum1.jpg?zoom=2&amp;resize=150%2C150&amp;ssl=1 300w, https:\/\/i0.wp.com\/www.o-p-i.fr\/parlonsen\/wp-content\/uploads\/arboretum1.jpg?zoom=3&amp;resize=150%2C150&amp;ssl=1 450w\" sizes=\"auto, (max-width: 150px) 100vw, 150px\" \/><\/a><figcaption id=\"caption-attachment-20425\" class=\"wp-caption-text\">Crocus<\/figcaption><\/figure>\n<figure id=\"attachment_20428\" aria-describedby=\"caption-attachment-20428\" style=\"width: 150px\" class=\"wp-caption alignleft\"><a href=\"https:\/\/i0.wp.com\/www.o-p-i.fr\/parlonsen\/wp-content\/uploads\/arboretum2.jpg?ssl=1\"><img data-recalc-dims=\"1\" loading=\"lazy\" decoding=\"async\" class=\"size-thumbnail wp-image-20428 \" title=\"Arboretum\" src=\"https:\/\/i0.wp.com\/www.o-p-i.fr\/parlonsen\/wp-content\/uploads\/arboretum2.jpg?resize=150%2C150&#038;ssl=1\" alt=\"Arboretum\" width=\"150\" height=\"150\" srcset=\"https:\/\/i0.wp.com\/www.o-p-i.fr\/parlonsen\/wp-content\/uploads\/arboretum2.jpg?resize=150%2C150&amp;ssl=1 150w, https:\/\/i0.wp.com\/www.o-p-i.fr\/parlonsen\/wp-content\/uploads\/arboretum2.jpg?zoom=2&amp;resize=150%2C150&amp;ssl=1 300w, https:\/\/i0.wp.com\/www.o-p-i.fr\/parlonsen\/wp-content\/uploads\/arboretum2.jpg?zoom=3&amp;resize=150%2C150&amp;ssl=1 450w\" sizes=\"auto, (max-width: 150px) 100vw, 150px\" \/><\/a><figcaption id=\"caption-attachment-20428\" class=\"wp-caption-text\">Arboretum<\/figcaption><\/figure>\n<p><strong><br \/>\n<\/strong><\/p>\n<p><strong> <\/strong><\/p>\n<p style=\"text-align: center;\"><strong>Cliquez sur les photos <\/strong><\/p>\n<p style=\"text-align: center;\"><strong>pour les agrandir !<\/strong><\/p>\n<p><em>Communiqu\u00e9 d&rsquo;Agn\u00e8s, Annie, Mich\u00e8le et Suzan.<\/em><\/p>\n","protected":false},"excerpt":{"rendered":"<div class=\"mh-excerpt\">Malgr\u00e9 une tonte pr\u00e9coce du terrain, les bulbes plant\u00e9s en novembre 2013, commencent \u00e0 sortir.<\/div>\n","protected":false},"author":2,"featured_media":0,"comment_status":"open","ping_status":"open","sticky":false,"template":"","format":"standard","meta":{"om_disable_all_campaigns":false,"advanced_seo_description":"","jetpack_seo_html_title":"","jetpack_seo_noindex":false,"_jetpack_memberships_contains_paid_content":false,"footnotes":"","_links_to":"","_links_to_target":""},"categories":[55,54,25,1962],"tags":[2548,173,417,921],"class_list":{"0":"post-20423","1":"post","2":"type-post","3":"status-publish","4":"format-standard","6":"category-environnement","7":"category-loisirs","8":"category-salvagnac","9":"category-n-95-fevrier-2014","10":"tag-salvagnac","11":"tag-sourigous","12":"tag-plantation","13":"tag-arboretum"},"jetpack_featured_media_url":"","views":{"total":0,"cached_at":"","cached_date":1738509191},"jetpack_likes_enabled":true,"jetpack_sharing_enabled":true,"jetpack_shortlink":"https:\/\/wp.me\/pg7Wxj-5jp","jetpack-related-posts":[],"_links":{"self":[{"href":"https:\/\/www.o-p-i.fr\/parlonsen\/wp-json\/wp\/v2\/posts\/20423","targetHints":{"allow":["GET"]}}],"collection":[{"href":"https:\/\/www.o-p-i.fr\/parlonsen\/wp-json\/wp\/v2\/posts"}],"about":[{"href":"https:\/\/www.o-p-i.fr\/parlonsen\/wp-json\/wp\/v2\/types\/post"}],"author":[{"embeddable":true,"href":"https:\/\/www.o-p-i.fr\/parlonsen\/wp-json\/wp\/v2\/users\/2"}],"replies":[{"embeddable":true,"href":"https:\/\/www.o-p-i.fr\/parlonsen\/wp-json\/wp\/v2\/comments?post=20423"}],"version-history":[{"count":0,"href":"https:\/\/www.o-p-i.fr\/parlonsen\/wp-json\/wp\/v2\/posts\/20423\/revisions"}],"wp:attachment":[{"href":"https:\/\/www.o-p-i.fr\/parlonsen\/wp-json\/wp\/v2\/media?parent=20423"}],"wp:term":[{"taxonomy":"category","embeddable":true,"href":"https:\/\/www.o-p-i.fr\/parlonsen\/wp-json\/wp\/v2\/categories?post=20423"},{"taxonomy":"post_tag","embeddable":true,"href":"https:\/\/www.o-p-i.fr\/parlonsen\/wp-json\/wp\/v2\/tags?post=20423"}],"curies":[{"name":"wp","href":"https:\/\/api.w.org\/{rel}","templated":true}]}}