{"id":20566,"date":"2014-03-06T18:25:17","date_gmt":"2014-03-06T16:25:17","guid":{"rendered":"\/parlonsen\/?p=20566"},"modified":"2014-03-06T18:25:17","modified_gmt":"2014-03-06T16:25:17","slug":"le-comite-d%e2%80%99animation-de-bonanech-en-assemblee-a-monclar-de-quercy-82","status":"publish","type":"post","link":"https:\/\/www.o-p-i.fr\/parlonsen\/localisation\/a-cote-de-chez-nous\/le-comite-d%e2%80%99animation-de-bonanech-en-assemblee-a-monclar-de-quercy-82\/","title":{"rendered":"Le Comit\u00e9 d\u2019animation de Bonanech en assembl\u00e9e &#8230; \u00e0 Monclar de Quercy (82)"},"content":{"rendered":"<p style=\"text-align: justify;\">Le comit\u00e9 d\u2019animation du hameau de Bonanech vient de tenir son assembl\u00e9e g\u00e9n\u00e9rale \u00e0 la Maison de Quartier, sous la pr\u00e9sidence de Claude Lafon. <!--more--><\/p>\n<p style=\"text-align: justify;\">La pr\u00e9sentation du bilan moral et d\u2019activit\u00e9s \u00e0 montrer le dynamisme de cette association :<\/p>\n<p style=\"text-align: justify;\">&#8211; Vide grenier du dimanche 25 ao\u00fbt \u00e0 l\u2019esplanade des lacs de Monclar de Quercy  en compl\u00e9mentarit\u00e9 avec le salon du livre et bourse toutes collections organis\u00e9 par l\u2019Office de Tourisme avec le soutien d\u2019 Autriche et Pays d\u2019Oc et son site 7 \u00e0 lire.<\/p>\n<p style=\"text-align: justify;\">&#8211; \u00c9clatant succ\u00e8s de la f\u00eate locale avec un march\u00e9 gourmand sur la place du hameau qui a r\u00e9uni plus de 600 personnes. Bonne participation le dimanche apr\u00e8s-midi au concours de p\u00e9tanque et en soir\u00e9e au bal vari\u00e9t\u00e9s musette.<\/p>\n<figure id=\"attachment_20567\" aria-describedby=\"caption-attachment-20567\" style=\"width: 300px\" class=\"wp-caption alignright\"><a href=\"https:\/\/i0.wp.com\/www.o-p-i.fr\/parlonsen\/wp-content\/uploads\/bonanech2014.jpg?ssl=1\"><img data-recalc-dims=\"1\" loading=\"lazy\" decoding=\"async\" class=\"size-medium wp-image-20567\" title=\"Bonanech 2014\" src=\"https:\/\/i0.wp.com\/www.o-p-i.fr\/parlonsen\/wp-content\/uploads\/bonanech2014.jpg?resize=300%2C225&#038;ssl=1\" alt=\"Bonanech 2014\" width=\"300\" height=\"225\" srcset=\"https:\/\/i0.wp.com\/www.o-p-i.fr\/parlonsen\/wp-content\/uploads\/bonanech2014.jpg?resize=300%2C225&amp;ssl=1 300w, https:\/\/i0.wp.com\/www.o-p-i.fr\/parlonsen\/wp-content\/uploads\/bonanech2014.jpg?w=1000&amp;ssl=1 1000w\" sizes=\"auto, (max-width: 300px) 100vw, 300px\" \/><\/a><figcaption id=\"caption-attachment-20567\" class=\"wp-caption-text\">Bonanech 2014<\/figcaption><\/figure>\n<p style=\"text-align: justify;\">Ces manifestations seront reconduites en 2014 et le comit\u00e9 met d\u00e9j\u00e0 tout en place pour en assurer le succ\u00e8s : F\u00eate au hameau de Bonanech samedi 9 et dimanche 10 ao\u00fbt 2014 ; Vide grenier \u00e0 l\u2019esplanade des lacs \u00e0 Monclar le dimanche 31 ao\u00fbt 2014 (Simultan\u00e9ment aura lieu le 11i\u00e8me salon du livre associ\u00e9 \u00e0 une bourse toutes collections organis\u00e9s \u00e0 la salle du lac. Renseignements aupr\u00e8s de l&rsquo;<a title=\"Cliquez pour ouvrir la fiche dans l'annuaire d'OPI\" href=\"https:\/\/www.o-p-i.fr\/aupays\/annuaire\/tourisme\/office-du-tourisme\/\">Office de Tourisme<\/a>).<\/p>\n<p><strong>Composition du bureau de l\u2019association : <\/strong><\/p>\n<p style=\"text-align: justify;\">Pr\u00e9sident :\u00a0 Claude Lafon<br \/>\nVice-Pr\u00e9sidentes :  Dani\u00e8le Cathalo, S\u00e9verine Robert<br \/>\nTr\u00e9sori\u00e8re : V\u00e9ronique Raujol<br \/>\nTr\u00e9sori\u00e8re adjointe : Chantal Bordes<br \/>\nSecr\u00e9taire : Nicole Cabart<br \/>\nSecr\u00e9taire adjoint : Patrick Cathalo.<\/p>\n<p style=\"text-align: justify;\">Tous les autres adh\u00e9rents sont membres actifs.<\/p>\n<p style=\"text-align: justify;\"><em>Communiqu\u00e9 et photo : Robert Linas<\/em><\/p>\n","protected":false},"excerpt":{"rendered":"<div class=\"mh-excerpt\">Le comit\u00e9 d\u2019animation du hameau de Bonanech vient de tenir son assembl\u00e9e g\u00e9n\u00e9rale \u00e0 la Maison de Quartier, sous la pr\u00e9sidence de Claude Lafon.<\/div>\n","protected":false},"author":2,"featured_media":0,"comment_status":"open","ping_status":"open","sticky":false,"template":"","format":"standard","meta":{"om_disable_all_campaigns":false,"advanced_seo_description":"","jetpack_seo_html_title":"","jetpack_seo_noindex":false,"_jetpack_memberships_contains_paid_content":false,"footnotes":"","_links_to":"","_links_to_target":""},"categories":[42,54,1999],"tags":[143,145,502,635,773],"class_list":{"0":"post-20566","1":"post","2":"type-post","3":"status-publish","4":"format-standard","6":"category-a-cote-de-chez-nous","7":"category-loisirs","8":"category-n-96-mars-2014","9":"tag-monclar-de-quercy","10":"tag-animation","11":"tag-ag","12":"tag-bonnanech","13":"tag-village"},"jetpack_featured_media_url":"","views":{"total":0,"cached_at":"","cached_date":1738514632},"jetpack_likes_enabled":true,"jetpack_sharing_enabled":true,"jetpack_shortlink":"https:\/\/wp.me\/pg7Wxj-5lI","jetpack-related-posts":[],"_links":{"self":[{"href":"https:\/\/www.o-p-i.fr\/parlonsen\/wp-json\/wp\/v2\/posts\/20566","targetHints":{"allow":["GET"]}}],"collection":[{"href":"https:\/\/www.o-p-i.fr\/parlonsen\/wp-json\/wp\/v2\/posts"}],"about":[{"href":"https:\/\/www.o-p-i.fr\/parlonsen\/wp-json\/wp\/v2\/types\/post"}],"author":[{"embeddable":true,"href":"https:\/\/www.o-p-i.fr\/parlonsen\/wp-json\/wp\/v2\/users\/2"}],"replies":[{"embeddable":true,"href":"https:\/\/www.o-p-i.fr\/parlonsen\/wp-json\/wp\/v2\/comments?post=20566"}],"version-history":[{"count":0,"href":"https:\/\/www.o-p-i.fr\/parlonsen\/wp-json\/wp\/v2\/posts\/20566\/revisions"}],"wp:attachment":[{"href":"https:\/\/www.o-p-i.fr\/parlonsen\/wp-json\/wp\/v2\/media?parent=20566"}],"wp:term":[{"taxonomy":"category","embeddable":true,"href":"https:\/\/www.o-p-i.fr\/parlonsen\/wp-json\/wp\/v2\/categories?post=20566"},{"taxonomy":"post_tag","embeddable":true,"href":"https:\/\/www.o-p-i.fr\/parlonsen\/wp-json\/wp\/v2\/tags?post=20566"}],"curies":[{"name":"wp","href":"https:\/\/api.w.org\/{rel}","templated":true}]}}