{"id":20590,"date":"2014-03-10T23:02:31","date_gmt":"2014-03-10T21:02:31","guid":{"rendered":"\/parlonsen\/?p=20590"},"modified":"2014-03-11T00:34:08","modified_gmt":"2014-03-10T22:34:08","slug":"nadine-grimal-biallet-expose-a-l%e2%80%99office-de-tourisme-%e2%80%a6-a-monclar-de-quercy-82","status":"publish","type":"post","link":"https:\/\/www.o-p-i.fr\/parlonsen\/parlons-en\/culture\/nadine-grimal-biallet-expose-a-l%e2%80%99office-de-tourisme-%e2%80%a6-a-monclar-de-quercy-82\/","title":{"rendered":"Nadine Grimal-Biallet expose \u00e0 l\u2019Office de Tourisme \u2026 \u00e0 Monclar de Quercy (82)"},"content":{"rendered":"<p style=\"text-align: justify;\">Vous pouvez voir quelques-unes de ses cr\u00e9ations \u00e0 l\u2019Office de Tourisme, Place des Capitouls <strong>jusqu\u2019\u00e0 fin avril 2014<\/strong>. <!--more--><\/p>\n<p style=\"text-align: justify;\">\n<figure id=\"attachment_20591\" aria-describedby=\"caption-attachment-20591\" style=\"width: 200px\" class=\"wp-caption alignright\"><a href=\"https:\/\/i0.wp.com\/www.o-p-i.fr\/parlonsen\/wp-content\/uploads\/nadinegrimal-biallet.jpg?ssl=1\"><img data-recalc-dims=\"1\" loading=\"lazy\" decoding=\"async\" class=\"size-medium wp-image-20591\" title=\"Nadine Grimal-Biallet expose \u00e0 l\u2019Office de Tourisme\" src=\"https:\/\/i0.wp.com\/www.o-p-i.fr\/parlonsen\/wp-content\/uploads\/nadinegrimal-biallet.jpg?resize=200%2C300&#038;ssl=1\" alt=\"Nadine Grimal-Biallet expose \u00e0 l\u2019Office de Tourisme\" width=\"200\" height=\"300\" srcset=\"https:\/\/i0.wp.com\/www.o-p-i.fr\/parlonsen\/wp-content\/uploads\/nadinegrimal-biallet.jpg?resize=200%2C300&amp;ssl=1 200w, https:\/\/i0.wp.com\/www.o-p-i.fr\/parlonsen\/wp-content\/uploads\/nadinegrimal-biallet.jpg?w=500&amp;ssl=1 500w\" sizes=\"auto, (max-width: 200px) 100vw, 200px\" \/><\/a><figcaption id=\"caption-attachment-20591\" class=\"wp-caption-text\">Nadine Grimal-Biallet expose \u00e0 l\u2019Office de Tourisme<\/figcaption><\/figure>\n<p>Nadine Grimal Biallet est originaire du d\u00e9partement et elle vit actuellement \u00e0 Moli\u00e8res.<\/p>\n<p style=\"text-align: justify;\">C\u2019est son professeur de dessin au coll\u00e8ge de Villefranche de Rouergue, M. R\u00e9my Peyranne qui lui a donn\u00e9 le go\u00fbt de la peinture, mais elle n\u2019a vraiment commenc\u00e9 \u00e0 peindre  que depuis une dizaine d\u2019ann\u00e9es et surtout apr\u00e8s sa retraite.<\/p>\n<p style=\"text-align: justify;\">Autodidacte, elle s\u2019est essay\u00e9e \u00e0 plusieurs techniques dans lesquelles elle a tent\u00e9 de progresser. Crayon, encre, aquarelle, acrylique, huile, pastel lui offrent la possibilit\u00e9 de s\u2019exprimer dans de multiples directions. Elle r\u00e9alise \u00e9galement de la peinture sur porcelaine qui lui apporte un grand plaisir.<\/p>\n<p style=\"text-align: justify;\">Nadine Grimal Biallet est membre de l\u2019association de peinture \u00ab L\u00e9ojac joue les artistes \u00bb  et des \u00abChevalets de Montauban\u00bb. Elle a suivi les cours de C\u00e9cile Bonnet. Elle a \u00e9galement effectu\u00e9 divers stages avec <a title=\"Cliquez pour ouvrir la fiche dans l'annuaire d'OPI\" href=\"https:\/\/www.o-p-i.fr\/aupays\/vie-des-communes\/vie-a-leojac-bellegarde\/marcos-rodrigo\/\" target=\"_blank\">Marcos Rodrigo<\/a> qui l\u2019a initi\u00e9e \u00e0 la peinture au couteau et avec Nadine Roulleau, pastelliste.<\/p>\n<p style=\"text-align: justify;\"><strong>7 \u00e0 savoir ! <\/strong><br \/>\nL\u2019Office de Tourisme organise le 3i\u00e8me salon des loisirs cr\u00e9atifs dimanche 11 mai 2014, \u00e0 la salle du lac.<\/p>\n<p style=\"text-align: justify;\"><strong>Contact : <\/strong><a title=\"Cliquez pour ouvrir la fiche dans l'annuaire d'OPI\" href=\"https:\/\/www.o-p-i.fr\/aupays\/annuaire\/tourisme\/office-du-tourisme\/\">Office de Tourisme<\/a><\/p>\n<p style=\"text-align: justify;\"><em>Communiqu\u00e9 et photo : Robert Linas<\/em><\/p>\n","protected":false},"excerpt":{"rendered":"<div class=\"mh-excerpt\">Vous pouvez voir quelques-unes de ses cr\u00e9ations \u00e0 l\u2019Office de Tourisme, Place des Capitouls jusqu\u2019\u00e0 fin avril 2014.<\/div>\n","protected":false},"author":2,"featured_media":0,"comment_status":"open","ping_status":"open","sticky":false,"template":"","format":"standard","meta":{"om_disable_all_campaigns":false,"advanced_seo_description":"","jetpack_seo_html_title":"","jetpack_seo_noindex":false,"_jetpack_memberships_contains_paid_content":false,"footnotes":"","_links_to":"","_links_to_target":""},"categories":[1,16,54,1999],"tags":[143,172,178,269,706],"class_list":{"0":"post-20590","1":"post","2":"type-post","3":"status-publish","4":"format-standard","6":"category-culture","7":"category-monclar","8":"category-loisirs","9":"category-n-96-mars-2014","10":"tag-monclar-de-quercy","11":"tag-exposition","12":"tag-peinture","13":"tag-exposition-peinture","14":"tag-marcos-rodrigo"},"jetpack_featured_media_url":"","views":{"total":0,"cached_at":"","cached_date":1738522495},"jetpack_likes_enabled":true,"jetpack_sharing_enabled":true,"jetpack_shortlink":"https:\/\/wp.me\/pg7Wxj-5m6","jetpack-related-posts":[],"_links":{"self":[{"href":"https:\/\/www.o-p-i.fr\/parlonsen\/wp-json\/wp\/v2\/posts\/20590","targetHints":{"allow":["GET"]}}],"collection":[{"href":"https:\/\/www.o-p-i.fr\/parlonsen\/wp-json\/wp\/v2\/posts"}],"about":[{"href":"https:\/\/www.o-p-i.fr\/parlonsen\/wp-json\/wp\/v2\/types\/post"}],"author":[{"embeddable":true,"href":"https:\/\/www.o-p-i.fr\/parlonsen\/wp-json\/wp\/v2\/users\/2"}],"replies":[{"embeddable":true,"href":"https:\/\/www.o-p-i.fr\/parlonsen\/wp-json\/wp\/v2\/comments?post=20590"}],"version-history":[{"count":0,"href":"https:\/\/www.o-p-i.fr\/parlonsen\/wp-json\/wp\/v2\/posts\/20590\/revisions"}],"wp:attachment":[{"href":"https:\/\/www.o-p-i.fr\/parlonsen\/wp-json\/wp\/v2\/media?parent=20590"}],"wp:term":[{"taxonomy":"category","embeddable":true,"href":"https:\/\/www.o-p-i.fr\/parlonsen\/wp-json\/wp\/v2\/categories?post=20590"},{"taxonomy":"post_tag","embeddable":true,"href":"https:\/\/www.o-p-i.fr\/parlonsen\/wp-json\/wp\/v2\/tags?post=20590"}],"curies":[{"name":"wp","href":"https:\/\/api.w.org\/{rel}","templated":true}]}}