{"id":20645,"date":"2014-03-18T15:46:42","date_gmt":"2014-03-18T13:46:42","guid":{"rendered":"\/parlonsen\/?p=20645"},"modified":"2014-03-18T15:46:42","modified_gmt":"2014-03-18T13:46:42","slug":"la-%c2%ab-happy-%c2%bb-course-humanitaire-des-belles-montees-a-la-salvetat-belmontet-82","status":"publish","type":"post","link":"https:\/\/www.o-p-i.fr\/parlonsen\/localisation\/au-pays-des-tescous\/salvetat\/la-%c2%ab-happy-%c2%bb-course-humanitaire-des-belles-montees-a-la-salvetat-belmontet-82\/","title":{"rendered":"La \u00ab happy \u00bb course humanitaire des Belles Mont\u00e9es &#8230; \u00e0 la Salvetat Belmontet (82)"},"content":{"rendered":"<p style=\"text-align: justify;\">Le <strong>samedi 31 mai 2014<\/strong> d\u00e8s 15 heures aura lieu la seconde \u00e9dition de la course humanitaire des Belles Mont\u00e9es \u00e0 La Salvetat.<!--more--><\/p>\n<figure id=\"attachment_20646\" aria-describedby=\"caption-attachment-20646\" style=\"width: 212px\" class=\"wp-caption alignright\"><a href=\"https:\/\/i0.wp.com\/www.o-p-i.fr\/parlonsen\/wp-content\/uploads\/bellesmontees2014.jpg?ssl=1\"><img data-recalc-dims=\"1\" loading=\"lazy\" decoding=\"async\" class=\"size-medium wp-image-20646\" title=\"Les belles mont\u00e9es 2014\" src=\"https:\/\/i0.wp.com\/www.o-p-i.fr\/parlonsen\/wp-content\/uploads\/bellesmontees2014.jpg?resize=212%2C300&#038;ssl=1\" alt=\"Les belles mont\u00e9es 2014\" width=\"212\" height=\"300\" srcset=\"https:\/\/i0.wp.com\/www.o-p-i.fr\/parlonsen\/wp-content\/uploads\/bellesmontees2014.jpg?resize=212%2C300&amp;ssl=1 212w, https:\/\/i0.wp.com\/www.o-p-i.fr\/parlonsen\/wp-content\/uploads\/bellesmontees2014.jpg?w=453&amp;ssl=1 453w\" sizes=\"auto, (max-width: 212px) 100vw, 212px\" \/><\/a><figcaption id=\"caption-attachment-20646\" class=\"wp-caption-text\">Les belles mont\u00e9es 2014<\/figcaption><\/figure>\n<p style=\"text-align: justify;\">A l\u2019origine raconte Claire de Falguerolles \u2013 responsable de l\u2019\u00e9v\u00e9nement, lors d\u2019un entra\u00eenement dans les collines du Quercy Vert, nous avons fait le pari avec mon beau-fr\u00e8re Emmanuel Arnal de \u00ab partager ces superbes paysages \u00bb avec des coureurs. Moins de 2 ans apr\u00e8s cette id\u00e9e, et une \u00e9dition en mai 2013 plus que r\u00e9ussie, les Belles Mont\u00e9es reviennent avec en plus des 2 courses \u00e0 pied de 8 et 15km propos\u00e9es dans des chemins autour du Tescounet : une randonn\u00e9e p\u00e9destre et une course pour les enfants de 7 \u00e0 10 ans.<\/p>\n<p style=\"text-align: justify;\">En parall\u00e8le de la course s\u2019organise un march\u00e9 des producteurs. Jean-Marc Sangla, pr\u00e9sident de l\u2019association sportive <a title=\"Cliquez pour ouvrir la fiche dans l'annuaire d'OPI\" href=\"https:\/\/www.o-p-i.fr\/aupays\/annuaire\/loisirs\/la-belle-montee-loisirs-et-sports-en-quercy-vert\/\">La Belle Mont\u00e9e<\/a> explique : \u00ab Cela donne une ambiance tr\u00e8s amicale associ\u00e9e \u00e0 ces \u00e9preuves sportives. Le public vient soutenir les coureurs, mais aussi \u00e0 la rencontre de producteurs r\u00e9gionaux \u00bb.<\/p>\n<p style=\"text-align: justify;\">Tous les b\u00e9n\u00e9fices de cette journ\u00e9e sont d\u00e9di\u00e9s \u00e0 la recherche m\u00e9dicale contre la Maladie de Charcot. Laura Arnal \u2013co-organisatrice explique : \u00ab cette maladie neurod\u00e9g\u00e9n\u00e9rative est peu connue et terrible.  Il est tr\u00e8s important que l\u2019on trouve des solutions pour la soigner. Nous avons pu l\u2019ann\u00e9e derni\u00e8re faire \u00e0 l\u2019issue de cette journ\u00e9e un don de 7200 Euros \u00e0 l\u2019ARSLA (Association pour la Recherche contre la Scl\u00e9rose Lat\u00e9rale Amyotrophique). La course, le march\u00e9 des producteurs et le d\u00eener du soir ont \u00e9t\u00e9 inoubliables pour tous les participants ! \u00bb.<\/p>\n<p style=\"text-align: justify;\">Charles atteint de la maladie de Charcot s\u2019adresse aux coureurs :<br \/>\n\u00ab Vous qui allez courir pour faire conna\u00eetre cette maladie peu  m\u00e9diatis\u00e9e, vous \u00eates nos porteurs d&rsquo;espoir. Cette esp\u00e9rance nous aide \u00e0  puiser de nouvelles ressources au fond de nous-m\u00eames pour affronter la  maladie.<br \/>\nLe jour de la course, je serai avec vous par la pens\u00e9e. Je vous  imaginerai courant dans ces collines et chacune de vos foul\u00e9es \u00e9crasant  cette maladie nous rapprochera un peu plus du jour o\u00f9 la recherche  trouvera un moyen de l&rsquo;\u00e9radiquer. \u00bb<\/p>\n<p style=\"text-align: justify;\">Jean-Marc Sangla et les membres de son Association La Belle Mont\u00e9e  pr\u00e9parent cette \u00e9dition depuis plusieurs mois d\u00e9j\u00e0. Le village  s\u2019investit beaucoup dans cette manifestation, et cela cr\u00e9e une dynamique  tr\u00e8s positive. Le d\u00eener dansant du soir \u00e0 la salle des f\u00eates de  Saint-Caprais cl\u00f4turera cette journ\u00e9e de mani\u00e8re f\u00e9\u00e9rique.<\/p>\n<p style=\"text-align: justify;\"><strong>Contact :<\/strong> <a title=\"Cliquez pour ouvrir la fiche dans l'annuaire d'OPI\" href=\"https:\/\/www.o-p-i.fr\/aupays\/vie-des-communes\/vie-a-la-salvetat-belmontet\/mairie-a-la-salvetat-belmontet\/\">Mairie de La Salvetat<\/a><\/p>\n<p style=\"text-align: justify;\"><em>Communiqu\u00e9 par Jean-Marc SANGLA<\/em><\/p>\n","protected":false},"excerpt":{"rendered":"<div class=\"mh-excerpt\">Le samedi 31 mai 2014 d\u00e8s 15 heures aura lieu la seconde \u00e9dition de la course humanitaire des Belles Mont\u00e9es \u00e0 La Salvetat.<\/div>\n","protected":false},"author":2,"featured_media":0,"comment_status":"open","ping_status":"open","sticky":false,"template":"","format":"standard","meta":{"om_disable_all_campaigns":false,"advanced_seo_description":"","jetpack_seo_html_title":"","jetpack_seo_noindex":false,"_jetpack_memberships_contains_paid_content":false,"footnotes":"","_links_to":"","_links_to_target":""},"categories":[34,396,2039,54,58,291,53],"tags":[166,181,2571,323,641,1176],"class_list":{"0":"post-20645","1":"post","2":"type-post","3":"status-publish","4":"format-standard","6":"category-salvetat","7":"category-cest-le-printemps","8":"category-n-98-mai-2014","9":"category-loisirs","10":"category-sante","11":"category-solidarite","12":"category-sports","13":"tag-randonnee","14":"tag-la-salvetat-belmontet","15":"tag-solidarite","16":"tag-enfant","17":"tag-course","18":"tag-maladie"},"jetpack_featured_media_url":"","views":{"total":0,"cached_at":"","cached_date":1738528711},"jetpack_likes_enabled":true,"jetpack_sharing_enabled":true,"jetpack_shortlink":"https:\/\/wp.me\/pg7Wxj-5mZ","jetpack-related-posts":[],"_links":{"self":[{"href":"https:\/\/www.o-p-i.fr\/parlonsen\/wp-json\/wp\/v2\/posts\/20645","targetHints":{"allow":["GET"]}}],"collection":[{"href":"https:\/\/www.o-p-i.fr\/parlonsen\/wp-json\/wp\/v2\/posts"}],"about":[{"href":"https:\/\/www.o-p-i.fr\/parlonsen\/wp-json\/wp\/v2\/types\/post"}],"author":[{"embeddable":true,"href":"https:\/\/www.o-p-i.fr\/parlonsen\/wp-json\/wp\/v2\/users\/2"}],"replies":[{"embeddable":true,"href":"https:\/\/www.o-p-i.fr\/parlonsen\/wp-json\/wp\/v2\/comments?post=20645"}],"version-history":[{"count":0,"href":"https:\/\/www.o-p-i.fr\/parlonsen\/wp-json\/wp\/v2\/posts\/20645\/revisions"}],"wp:attachment":[{"href":"https:\/\/www.o-p-i.fr\/parlonsen\/wp-json\/wp\/v2\/media?parent=20645"}],"wp:term":[{"taxonomy":"category","embeddable":true,"href":"https:\/\/www.o-p-i.fr\/parlonsen\/wp-json\/wp\/v2\/categories?post=20645"},{"taxonomy":"post_tag","embeddable":true,"href":"https:\/\/www.o-p-i.fr\/parlonsen\/wp-json\/wp\/v2\/tags?post=20645"}],"curies":[{"name":"wp","href":"https:\/\/api.w.org\/{rel}","templated":true}]}}