{"id":20668,"date":"2014-03-19T17:11:39","date_gmt":"2014-03-19T15:11:39","guid":{"rendered":"\/parlonsen\/?p=20668"},"modified":"2014-03-19T01:22:15","modified_gmt":"2014-03-18T23:22:15","slug":"troc-aux-plantes-a-orgueil-82","status":"publish","type":"post","link":"https:\/\/www.o-p-i.fr\/parlonsen\/parlons-en\/agriculture\/troc-aux-plantes-a-orgueil-82\/","title":{"rendered":"Troc aux plantes &#8230; \u00e0 Orgueil (82)"},"content":{"rendered":"<p style=\"text-align: justify;\">La Ruche d&rsquo;Orgueil organise un troc aux plantes le <strong>dimanche 13 Avril 2014<\/strong> de 14h 30 \u00e0 17h \u00e0 l&rsquo;Ecole maternelle la Nauzette \u00e0 Orgueil. Couvert en cas de pluie.<!--more--><\/p>\n<p style=\"text-align: justify;\">\n<figure id=\"attachment_20672\" aria-describedby=\"caption-attachment-20672\" style=\"width: 230px\" class=\"wp-caption alignright\"><a href=\"https:\/\/i0.wp.com\/www.o-p-i.fr\/parlonsen\/wp-content\/uploads\/trocplantes-orgueil2014.jpg?ssl=1\"><img data-recalc-dims=\"1\" loading=\"lazy\" decoding=\"async\" class=\"size-medium wp-image-20672\" title=\"Troc aux plantes 2014 - Orgueil (82)\" src=\"https:\/\/i0.wp.com\/www.o-p-i.fr\/parlonsen\/wp-content\/uploads\/trocplantes-orgueil2014.jpg?resize=230%2C300&#038;ssl=1\" alt=\"Troc aux plantes 2014 - Orgueil (82)\" width=\"230\" height=\"300\" srcset=\"https:\/\/i0.wp.com\/www.o-p-i.fr\/parlonsen\/wp-content\/uploads\/trocplantes-orgueil2014.jpg?resize=230%2C300&amp;ssl=1 230w, https:\/\/i0.wp.com\/www.o-p-i.fr\/parlonsen\/wp-content\/uploads\/trocplantes-orgueil2014.jpg?w=700&amp;ssl=1 700w\" sizes=\"auto, (max-width: 230px) 100vw, 230px\" \/><\/a><figcaption id=\"caption-attachment-20672\" class=\"wp-caption-text\">Troc aux plantes 2014 - Orgueil (82)<\/figcaption><\/figure>\n<p style=\"text-align: justify;\">L&rsquo;association la ruche d&rsquo;Orgueil  propose aux habitants d&rsquo;orgueil et alentours un nouveau moment d&rsquo;\u00e9changes et de rencontres ; celui-ci portera sur le th\u00e8me du jardin.<br \/>\nNous vous proposons de venir \u00e9changer, troquer  vos  plantes, graines, livres de jardin, outils, l\u00e9gumes anciens, nichoirs, arbustes, arbres.<br \/>\nLe troc est bas\u00e9 sur un \u00e9change convivial, sans argent ; il vous permet de diversifier vos plantes et de repartir plus riches des conseils des autres jardiniers amateurs et passionn\u00e9s.<br \/>\nLes enfants ne seront pas oubli\u00e9s : nous leur proposerons de semer des graines de cucurbitac\u00e9es et de fabriquer des mobiles nature.<br \/>\nQuelques conseils pour se pr\u00e9parer:<br \/>\nPour un moindre co\u00fbt, pensez \u00e0 r\u00e9cup\u00e9rer des barquettes en polystyr\u00e8ne, des bo\u00eetes \u00e0 \u0153ufs, des pots de yaourt, des bo\u00eetes de conserve perc\u00e9es dans lesquels vous mettrez vos plants.<br \/>\nFaites l&rsquo;inventaire de vos graines r\u00e9colt\u00e9es la saison pass\u00e9e<br \/>\nDivisez vos campanules de muraille, vos touffes de joubarbe, vos iris, vos pieds de menthe, de ciboulette, m\u00e9lisse &#8230;<br \/>\nAlors n&rsquo;h\u00e9sitez plus !!<br \/>\nL&rsquo;inscription  est gratuite et ouverte \u00e0 tous aupr\u00e8s de l&rsquo;Association La Ruche d&rsquo;Orgueil.<\/p>\n<p style=\"text-align: justify;\">T\u00e9l\u00e9chargez\u00a0 le tract <a href=\"https:\/\/www.o-p-i.fr\/parlonsen\/wp-content\/uploads\/troc-plantes-orgueil2014.pdf\">en cliquant ici !<\/a><\/p>\n<p style=\"text-align: justify;\"><strong> <\/strong><\/p>\n<p style=\"text-align: justify;\"><strong> Pour y aller &#8230;<\/strong><br \/>\n<a title=\"Ouvre le plan dans une nouvelle fen\u00eatre\" href=\"https:\/\/goo.gl\/maps\/GHSBz\" target=\"_blank\">Ecole maternelle La Nauzette<br \/>\n82370 Orgueil<\/a><\/p>\n<p style=\"text-align: justify;\"><strong>Tarifs :<\/strong><br \/>\ngratuit<\/p>\n<p style=\"text-align: justify;\"><strong> <\/strong><\/p>\n<p style=\"text-align: justify;\"><strong> Contact  : <\/strong>Association La Ruche d&rsquo;Orgueil<br \/>\nT\u00e9l. : 05 63 24 25 44 ou 06 52 32 19 92<br \/>\nCourriel : <a href=\"mailto:la.ruche.orgueil@gmail.com\">la.ruche.orgueil@gmail.com<\/a><\/p>\n<p><em>Information communiqu\u00e9e par Laure Issanchou, l&rsquo;organisateur de la manifestation<\/em><\/p>\n","protected":false},"excerpt":{"rendered":"<div class=\"mh-excerpt\">La Ruche d&rsquo;Orgueil organise un troc aux plantes le dimanche 13 Avril 2014 de 14h 30 \u00e0 17h \u00e0 l&rsquo;Ecole maternelle la Nauzette \u00e0 Orgueil. Couvert en cas de pluie.<\/div>\n","protected":false},"author":2,"featured_media":0,"comment_status":"open","ping_status":"open","sticky":false,"template":"","format":"standard","meta":{"om_disable_all_campaigns":false,"advanced_seo_description":"","jetpack_seo_html_title":"","jetpack_seo_noindex":false,"_jetpack_memberships_contains_paid_content":false,"footnotes":"","_links_to":"","_links_to_target":""},"categories":[3,42,396,55,54,2000],"tags":[1062,1166,116,119,491,688,746],"class_list":{"0":"post-20668","1":"post","2":"type-post","3":"status-publish","4":"format-standard","6":"category-agriculture","7":"category-a-cote-de-chez-nous","8":"category-cest-le-printemps","9":"category-environnement","10":"category-loisirs","11":"category-n-97-avril-2014","12":"tag-orgueil","13":"tag-troc","14":"tag-change-plante","15":"tag-jardin","16":"tag-plante","17":"tag-jardinier-amateur","18":"tag-planter"},"jetpack_featured_media_url":"","views":{"total":0,"cached_at":"","cached_date":1738522223},"jetpack_likes_enabled":true,"jetpack_sharing_enabled":true,"jetpack_shortlink":"https:\/\/wp.me\/pg7Wxj-5nm","jetpack-related-posts":[],"_links":{"self":[{"href":"https:\/\/www.o-p-i.fr\/parlonsen\/wp-json\/wp\/v2\/posts\/20668","targetHints":{"allow":["GET"]}}],"collection":[{"href":"https:\/\/www.o-p-i.fr\/parlonsen\/wp-json\/wp\/v2\/posts"}],"about":[{"href":"https:\/\/www.o-p-i.fr\/parlonsen\/wp-json\/wp\/v2\/types\/post"}],"author":[{"embeddable":true,"href":"https:\/\/www.o-p-i.fr\/parlonsen\/wp-json\/wp\/v2\/users\/2"}],"replies":[{"embeddable":true,"href":"https:\/\/www.o-p-i.fr\/parlonsen\/wp-json\/wp\/v2\/comments?post=20668"}],"version-history":[{"count":0,"href":"https:\/\/www.o-p-i.fr\/parlonsen\/wp-json\/wp\/v2\/posts\/20668\/revisions"}],"wp:attachment":[{"href":"https:\/\/www.o-p-i.fr\/parlonsen\/wp-json\/wp\/v2\/media?parent=20668"}],"wp:term":[{"taxonomy":"category","embeddable":true,"href":"https:\/\/www.o-p-i.fr\/parlonsen\/wp-json\/wp\/v2\/categories?post=20668"},{"taxonomy":"post_tag","embeddable":true,"href":"https:\/\/www.o-p-i.fr\/parlonsen\/wp-json\/wp\/v2\/tags?post=20668"}],"curies":[{"name":"wp","href":"https:\/\/api.w.org\/{rel}","templated":true}]}}