{"id":20837,"date":"2014-04-03T14:56:27","date_gmt":"2014-04-03T12:56:27","guid":{"rendered":"\/parlonsen\/?p=20837"},"modified":"2014-04-02T15:10:17","modified_gmt":"2014-04-02T13:10:17","slug":"soiree-slam-a-genebrieres-82","status":"publish","type":"post","link":"https:\/\/www.o-p-i.fr\/parlonsen\/parlons-en\/culture\/soiree-slam-a-genebrieres-82\/","title":{"rendered":"Soir\u00e9e Slam &#8230; \u00e0 Genebri\u00e8res (82)"},"content":{"rendered":"<p style=\"text-align: justify;\">L&rsquo;association Pays&rsquo;ART vous propose une soir\u00e9e SLAM <strong>samedi 12 avril 2014 <\/strong>\u00e0 partir de 20h30. Entr\u00e9e libre. <!--more--><\/p>\n<p style=\"text-align: justify;\">\n<figure id=\"attachment_20838\" aria-describedby=\"caption-attachment-20838\" style=\"width: 212px\" class=\"wp-caption alignright\"><a href=\"https:\/\/i0.wp.com\/www.o-p-i.fr\/parlonsen\/wp-content\/uploads\/paysart-slam.jpg?ssl=1\"><img data-recalc-dims=\"1\" loading=\"lazy\" decoding=\"async\" class=\"size-medium wp-image-20838\" title=\"Soir\u00e9e SLAM\" src=\"https:\/\/i0.wp.com\/www.o-p-i.fr\/parlonsen\/wp-content\/uploads\/paysart-slam.jpg?resize=212%2C300&#038;ssl=1\" alt=\"Soir\u00e9e SLAM\" width=\"212\" height=\"300\" srcset=\"https:\/\/i0.wp.com\/www.o-p-i.fr\/parlonsen\/wp-content\/uploads\/paysart-slam.jpg?resize=212%2C300&amp;ssl=1 212w, https:\/\/i0.wp.com\/www.o-p-i.fr\/parlonsen\/wp-content\/uploads\/paysart-slam.jpg?resize=726%2C1024&amp;ssl=1 726w, https:\/\/i0.wp.com\/www.o-p-i.fr\/parlonsen\/wp-content\/uploads\/paysart-slam.jpg?w=800&amp;ssl=1 800w\" sizes=\"auto, (max-width: 212px) 100vw, 212px\" \/><\/a><figcaption id=\"caption-attachment-20838\" class=\"wp-caption-text\">Soir\u00e9e SLAM<\/figcaption><\/figure>\n<p style=\"text-align: justify;\"><strong>Atelier d&rsquo;\u00e9criture<\/strong><\/p>\n<p style=\"text-align: justify;\">Un atelier d&rsquo;\u00e9criture anim\u00e9 par Eric Cartier aura lieu \u00e0 l&rsquo;Espace Pays&rsquo;ART de 15h \u00e0 17h, l&rsquo;inscription se fait sur place.<br \/>\nCet atelier est ouvert \u00e0 tous et toutes : les enfants, les grands, les moins grands, les jeunes, les moins jeunes, novices ou exp\u00e9riment\u00e9s du slam.<br \/>\nUn bon moment de po\u00e9sie et de partage en perspective !<\/p>\n<p style=\"text-align: justify;\"><strong>Sc\u00e8ne ouverte<\/strong><\/p>\n<p style=\"text-align: justify;\">Le soir \u00e0 partir de 20h30 c&rsquo;est sc\u00e8ne ouverte, chacun pourra monter sur sc\u00e8ne et pr\u00e9senter son texte.<br \/>\nEric Cartier pr\u00e9sentera son spectacle \u00e9-cart et le com\u00e9dien Erwan Ribard une intervention th\u00e9\u00e2trale surprenante.<\/p>\n<p style=\"text-align: justify;\"><strong>Contact : <\/strong><a title=\"Cliquez pour ouvrir la fiche dans l'annuaire d'OPI\" href=\"https:\/\/www.o-p-i.fr\/aupays\/annuaire\/loisirs\/paysart\/\">Pays&rsquo;ART <\/a><\/p>\n<p style=\"text-align: justify;\"><em>Communiqu\u00e9 de l&rsquo;association <\/em><\/p>\n","protected":false},"excerpt":{"rendered":"<div class=\"mh-excerpt\">L&rsquo;association Pays&rsquo;ART vous propose une soir\u00e9e SLAM samedi 12 avril 2014 \u00e0 partir de 20h30. Entr\u00e9e libre.<\/div>\n","protected":false},"author":2,"featured_media":0,"comment_status":"open","ping_status":"open","sticky":false,"template":"","format":"standard","meta":{"om_disable_all_campaigns":false,"advanced_seo_description":"","jetpack_seo_html_title":"","jetpack_seo_noindex":false,"_jetpack_memberships_contains_paid_content":false,"footnotes":"","_links_to":"","_links_to_target":""},"categories":[1,29,54,2000],"tags":[57,132,180,2552,213,925,1086,1483],"class_list":{"0":"post-20837","1":"post","2":"type-post","3":"status-publish","4":"format-standard","6":"category-culture","7":"category-genebrieres","8":"category-loisirs","9":"category-n-97-avril-2014","10":"tag-theatre","11":"tag-spectacle","12":"tag-atelier","13":"tag-genebrieres","14":"tag-slam","15":"tag-ecriture","16":"tag-atelier-decriture","17":"tag-scene-ouverte"},"jetpack_featured_media_url":"","views":{"total":0,"cached_at":"","cached_date":1738444334},"jetpack_likes_enabled":true,"jetpack_sharing_enabled":true,"jetpack_shortlink":"https:\/\/wp.me\/pg7Wxj-5q5","jetpack-related-posts":[],"_links":{"self":[{"href":"https:\/\/www.o-p-i.fr\/parlonsen\/wp-json\/wp\/v2\/posts\/20837","targetHints":{"allow":["GET"]}}],"collection":[{"href":"https:\/\/www.o-p-i.fr\/parlonsen\/wp-json\/wp\/v2\/posts"}],"about":[{"href":"https:\/\/www.o-p-i.fr\/parlonsen\/wp-json\/wp\/v2\/types\/post"}],"author":[{"embeddable":true,"href":"https:\/\/www.o-p-i.fr\/parlonsen\/wp-json\/wp\/v2\/users\/2"}],"replies":[{"embeddable":true,"href":"https:\/\/www.o-p-i.fr\/parlonsen\/wp-json\/wp\/v2\/comments?post=20837"}],"version-history":[{"count":0,"href":"https:\/\/www.o-p-i.fr\/parlonsen\/wp-json\/wp\/v2\/posts\/20837\/revisions"}],"wp:attachment":[{"href":"https:\/\/www.o-p-i.fr\/parlonsen\/wp-json\/wp\/v2\/media?parent=20837"}],"wp:term":[{"taxonomy":"category","embeddable":true,"href":"https:\/\/www.o-p-i.fr\/parlonsen\/wp-json\/wp\/v2\/categories?post=20837"},{"taxonomy":"post_tag","embeddable":true,"href":"https:\/\/www.o-p-i.fr\/parlonsen\/wp-json\/wp\/v2\/tags?post=20837"}],"curies":[{"name":"wp","href":"https:\/\/api.w.org\/{rel}","templated":true}]}}