{"id":20857,"date":"2014-04-03T08:18:24","date_gmt":"2014-04-03T06:18:24","guid":{"rendered":"\/parlonsen\/?p=20857"},"modified":"2014-04-02T23:30:04","modified_gmt":"2014-04-02T21:30:04","slug":"semaine-du-developpement-durable-ensemble-consommons-autrement","status":"publish","type":"post","link":"https:\/\/www.o-p-i.fr\/parlonsen\/parlons-en\/pratique\/semaine-du-developpement-durable-ensemble-consommons-autrement\/","title":{"rendered":"Semaine du d\u00e9veloppement durable : ensemble, consommons autrement !"},"content":{"rendered":"<p style=\"text-align: justify;\">Comme chaque ann\u00e9e, Tarn &amp; Dadou participe \u00e0 la semaine du d\u00e9veloppement durable qui se tient <strong>du 1er au 7 avril 2014<\/strong>. L&rsquo;ann\u00e9e 2014 est consacr\u00e9e aux nouveaux modes de consommation. C&rsquo;est pourquoi plusieurs rendez-vous sont organis\u00e9s \u00e0 Gaillac et Graulhet autour de la lutte contre le gaspillage alimentaire<!--more--> :<\/p>\n<p style=\"text-align: justify;\">\n<figure id=\"attachment_20858\" aria-describedby=\"caption-attachment-20858\" style=\"width: 212px\" class=\"wp-caption alignright\"><a href=\"https:\/\/i0.wp.com\/www.o-p-i.fr\/parlonsen\/wp-content\/uploads\/tedpub-environnement.jpg?ssl=1\"><img data-recalc-dims=\"1\" loading=\"lazy\" decoding=\"async\" class=\"size-medium wp-image-20858\" title=\"Campagne de Pub Environnement Tarn &amp; Dadou\" src=\"https:\/\/i0.wp.com\/www.o-p-i.fr\/parlonsen\/wp-content\/uploads\/tedpub-environnement-212x300.jpg?resize=212%2C300&#038;ssl=1\" alt=\"Campagne de Pub Environnement Tarn &amp; Dadou\" width=\"212\" height=\"300\" srcset=\"https:\/\/i0.wp.com\/www.o-p-i.fr\/parlonsen\/wp-content\/uploads\/tedpub-environnement.jpg?resize=212%2C300&amp;ssl=1 212w, https:\/\/i0.wp.com\/www.o-p-i.fr\/parlonsen\/wp-content\/uploads\/tedpub-environnement.jpg?resize=724%2C1024&amp;ssl=1 724w, https:\/\/i0.wp.com\/www.o-p-i.fr\/parlonsen\/wp-content\/uploads\/tedpub-environnement.jpg?w=849&amp;ssl=1 849w\" sizes=\"auto, (max-width: 212px) 100vw, 212px\" \/><\/a><figcaption id=\"caption-attachment-20858\" class=\"wp-caption-text\">Campagne de Pub Environnement <\/figcaption><\/figure>\n<p style=\"text-align: justify;\">&#8211; Le <strong>jeudi 3<\/strong> au matin, les ambassadeurs du tri de Tarn &amp; Dadou tiendront un stand sur le march\u00e9 de Graulhet. A cette occasion, le syndicat de valorisation des d\u00e9chets Trifyl mettra \u00e0 la disposition du grand public une cuisine p\u00e9dagogique. Le <strong>vendredi 4 <\/strong>au matin, le m\u00eame stand se tiendra sur le march\u00e9 de Gaillac.<\/p>\n<p style=\"text-align: justify;\">&#8211; Le <strong>vendredi 4 <\/strong>apr\u00e8s-midi, des actions seront propos\u00e9es sur le compostage domestique et le paillage \u00e0 l&rsquo;accueil du magasin RAGT \u00e0 Gaillac. Un composteur sera expos\u00e9, et les diff\u00e9rentes techniques de compostage seront expliqu\u00e9es, afin d&rsquo;inciter les visiteurs \u00e0 valoriser davantage les bio-d\u00e9chets issus de la cuisine et du jardin. Le <strong>vendredi 11 avril<\/strong>, le m\u00eame stand se tiendra \u00e0 la RAGT de Graulhet.<\/p>\n<p style=\"text-align: justify;\">L\u2019objectif de cette op\u00e9ration &#8211; initi\u00e9e par le Minist\u00e8re de l\u2019\u00c9cologie &#8211; est de sensibiliser petits et grands aux enjeux du d\u00e9veloppement durable. Durant cette semaine, le minist\u00e8re charg\u00e9 du d\u00e9veloppement durable invite les entreprises, les associations, les services publics, les collectivit\u00e9s et les \u00e9tablissements scolaires \u00e0 promouvoir les principes du d\u00e9veloppement durable. Il s&rsquo;agit \u00e9galement d&rsquo;apporter des solutions concr\u00e8tes et d&rsquo;inciter chacun \u00e0 adopter des comportements plus responsables.<\/p>\n<p style=\"text-align: justify;\"><strong>En Tarn &amp; Dadou, la lutte contre le gaspillage c&rsquo;est toute l&rsquo;ann\u00e9e !<\/strong> En effet, la Communaut\u00e9 de communes a publi\u00e9 un guide en 2013 pour sensibiliser aux gestes citoyens. Distribu\u00e9 sur les stands lors des actions, ce guide est \u00e9galement en t\u00e9l\u00e9chargement libre sur le site <a title=\"Ouvre le site dans une nouvelle fen\u00eatre\" href=\"http:\/\/environnement.ted.fr\/\" target=\"_blank\">environnement.ted.fr<\/a><\/p>\n<p style=\"text-align: justify;\">Les efforts sont indispensables et des gestes simples peuvent s&rsquo;appliquer dans tous les foyers. Cela passe notamment par davantage de vigilance : bien pr\u00e9parer sa liste de courses, prendre des portions adapt\u00e9es lors de vos achats (attention aux promotions), faire r\u00e9guli\u00e8rement l&rsquo;inventaire de ses placards, ranger intelligemment son frigo, cuisiner les restes des repas, etc. Venez d\u00e9couvrir toutes les bonnes astuces et, ensemble, r\u00e9duisons nos d\u00e9chets !<\/p>\n<p style=\"text-align: justify;\"><em>Communiqu\u00e9 par Catherine BRUNET, Chef de service communication Tarn &amp; Dadou <\/em><\/p>\n","protected":false},"excerpt":{"rendered":"<div class=\"mh-excerpt\">Comme chaque ann\u00e9e, Tarn &amp; Dadou participe \u00e0 la semaine du d\u00e9veloppement durable qui se tient du 1er au 7 avril 2014. L&rsquo;ann\u00e9e 2014 est consacr\u00e9e aux nouveaux modes de consommation. C&rsquo;est pourquoi plusieurs rendez-vous <a class=\"mh-excerpt-more\" href=\"https:\/\/www.o-p-i.fr\/parlonsen\/parlons-en\/pratique\/semaine-du-developpement-durable-ensemble-consommons-autrement\/\" title=\"Semaine du d\u00e9veloppement durable : ensemble, consommons autrement !\">[&#8230;]<\/a><\/div>\n","protected":false},"author":2,"featured_media":0,"comment_status":"open","ping_status":"open","sticky":false,"template":"","format":"standard","meta":{"om_disable_all_campaigns":false,"advanced_seo_description":"","jetpack_seo_html_title":"","jetpack_seo_noindex":false,"_jetpack_memberships_contains_paid_content":false,"footnotes":"","_links_to":"","_links_to_target":""},"categories":[42,55,6,2000],"tags":[215,2562,393,420,483,574],"class_list":{"0":"post-20857","1":"post","2":"type-post","3":"status-publish","4":"format-standard","6":"category-a-cote-de-chez-nous","7":"category-environnement","8":"category-pratique","9":"category-n-97-avril-2014","10":"tag-gaillac","11":"tag-environnement","12":"tag-developpement-durable","13":"tag-graulhet","14":"tag-dechetterie","15":"tag-dechet"},"jetpack_featured_media_url":"","views":{"total":0,"cached_at":"","cached_date":1738455870},"jetpack_likes_enabled":true,"jetpack_sharing_enabled":true,"jetpack_shortlink":"https:\/\/wp.me\/pg7Wxj-5qp","jetpack-related-posts":[],"_links":{"self":[{"href":"https:\/\/www.o-p-i.fr\/parlonsen\/wp-json\/wp\/v2\/posts\/20857","targetHints":{"allow":["GET"]}}],"collection":[{"href":"https:\/\/www.o-p-i.fr\/parlonsen\/wp-json\/wp\/v2\/posts"}],"about":[{"href":"https:\/\/www.o-p-i.fr\/parlonsen\/wp-json\/wp\/v2\/types\/post"}],"author":[{"embeddable":true,"href":"https:\/\/www.o-p-i.fr\/parlonsen\/wp-json\/wp\/v2\/users\/2"}],"replies":[{"embeddable":true,"href":"https:\/\/www.o-p-i.fr\/parlonsen\/wp-json\/wp\/v2\/comments?post=20857"}],"version-history":[{"count":0,"href":"https:\/\/www.o-p-i.fr\/parlonsen\/wp-json\/wp\/v2\/posts\/20857\/revisions"}],"wp:attachment":[{"href":"https:\/\/www.o-p-i.fr\/parlonsen\/wp-json\/wp\/v2\/media?parent=20857"}],"wp:term":[{"taxonomy":"category","embeddable":true,"href":"https:\/\/www.o-p-i.fr\/parlonsen\/wp-json\/wp\/v2\/categories?post=20857"},{"taxonomy":"post_tag","embeddable":true,"href":"https:\/\/www.o-p-i.fr\/parlonsen\/wp-json\/wp\/v2\/tags?post=20857"}],"curies":[{"name":"wp","href":"https:\/\/api.w.org\/{rel}","templated":true}]}}