{"id":21007,"date":"2014-04-15T15:00:52","date_gmt":"2014-04-15T13:00:52","guid":{"rendered":"\/parlonsen\/?p=21007"},"modified":"2025-11-09T14:09:02","modified_gmt":"2025-11-09T13:09:02","slug":"fete-du-cheval-en-quercy-vert-a-monclar-de-quercy-82-2","status":"publish","type":"post","link":"https:\/\/www.o-p-i.fr\/parlonsen\/parlons-en\/culture\/fete-du-cheval-en-quercy-vert-a-monclar-de-quercy-82-2\/","title":{"rendered":"F\u00eate du Cheval en Quercy Vert \u2026 \u00e0 Monclar de Quercy (82)"},"content":{"rendered":"<p>La grande f\u00eate du cheval en Quercy Vert aura lieu les <strong>samedi 26 et dimanche 27 avril 2014<\/strong> \u00e0 l\u2019esplanade des lacs.<!--more--><\/p>\n<figure id=\"attachment_21014\" aria-describedby=\"caption-attachment-21014\" style=\"width: 216px\" class=\"wp-caption alignright\"><a href=\"https:\/\/i0.wp.com\/www.o-p-i.fr\/parlonsen\/wp-content\/uploads\/feteducheval2014.jpg?ssl=1\"><img data-recalc-dims=\"1\" loading=\"lazy\" decoding=\"async\" class=\"size-medium wp-image-21014\" title=\"F\u00eate du Cheval 2014\" src=\"https:\/\/i0.wp.com\/www.o-p-i.fr\/parlonsen\/wp-content\/uploads\/feteducheval2014.jpg?resize=216%2C300&#038;ssl=1\" alt=\"F\u00eate du Cheval 2014\" width=\"216\" height=\"300\" srcset=\"https:\/\/i0.wp.com\/www.o-p-i.fr\/parlonsen\/wp-content\/uploads\/feteducheval2014.jpg?resize=216%2C300&amp;ssl=1 216w, https:\/\/i0.wp.com\/www.o-p-i.fr\/parlonsen\/wp-content\/uploads\/feteducheval2014.jpg?w=500&amp;ssl=1 500w\" sizes=\"auto, (max-width: 216px) 100vw, 216px\" \/><\/a><figcaption id=\"caption-attachment-21014\" class=\"wp-caption-text\">F\u00eate du Cheval 2014<\/figcaption><\/figure>\n<ul>\n<li><strong>Samedi 26 Avril :<\/strong><\/li>\n<\/ul>\n<p>Foire aux chevaux, \u00e2nes, poneys toute la journ\u00e9e.<\/p>\n<p>&#8211;         Location de box ; vide \u00e9curies ; pr\u00e9sentation de mar\u00e9chalerie<\/p>\n<p>&#8211;         Restauration midi et soir.<\/p>\n<p>&#8211;         14h : Concours d\u2019Art \u00c9questre. Les participants sont jug\u00e9s par 3 juges sur la technique, la mise en sc\u00e8ne et la pr\u00e9sentation.<\/p>\n<p>&#8211;         20h30  : Cabaret \u00e9questre :  spectacle et repas.<\/p>\n<ul>\n<li><strong>Dimanche 27 Avril<\/strong><\/li>\n<\/ul>\n<p>&#8211;         Le matin, poursuite de la foire aux chevaux, \u00e2nes, poneys\u2026.<\/p>\n<p>&#8211;         Mar\u00e9chalerie<\/p>\n<p>&#8211;         11h : Visite officielle. Pr\u00e9sentation du spectacle.<\/p>\n<p>&#8211;         12h : Ap\u00e9ritif \/ Repas. Animation musicale par une banda.<\/p>\n<p>&#8211;         15h : Spectacle \u00e9questre avec Patrick Julien : Le voyage des  Zab\u00e9d\u00e9rio .<\/p>\n<p style=\"text-align: justify;\">9 cavaliers et 15 chevaux encha\u00eenent les prouesses \u00e9questres  et nous invitent au voyage.  C\u2019est l\u2019histoire de Zab\u00e9d\u00e9rio, vieil homme centenaire, qui se rappelle de son pass\u00e9 et de ses souvenirs\u2026 Un si\u00e8cle d\u2019histoire qui relate son statut de grand cavalier et dresseur de chevaux en Russie  avec son intr\u00e9pide \u00e9talon Ichim. Une cr\u00e9ation sign\u00e9e par un Ma\u00eetre de l\u2019art \u00e9questre Patrick Julien.<\/p>\n<p>Nombreux exposants, forains\u2026.<\/p>\n<p><strong>Tarifs : <\/strong><\/p>\n<p><span style=\"text-decoration: underline;\">Entr\u00e9e :<\/span><br \/>\nSamedi \/ Matin : gratuit \/ A partir de 13h : 5 \u20ac<br \/>\nDimanche \/ Entr\u00e9e G\u00e9n\u00e9rale : 8 \u20ac (spectacle compris)<br \/>\nForfait \u00ab Week-end \u00bb : 10 \u20ac<br \/>\nGratuit pour les \u2013 de 12 ans<\/p>\n<p><span style=\"text-decoration: underline;\">Repas :<\/span><br \/>\nSamedi midi : 18 \u20ac<br \/>\nSamedi soir : 25 \u20ac<br \/>\nDimanche midi : 18 \u20ac<\/p>\n<p>Pour plus d\u2019informations, voir  le site : <a title=\"Ouvre le site dans une nouvelle fen\u00eatre\" href=\"https:\/\/www.o-p-i.fr\/feteduchevalmonclar\/ \" target=\"_blank\">www.o-p-i.fr\/feteduchevalmonclar\/ <\/a><\/p>\n","protected":false},"excerpt":{"rendered":"<div class=\"mh-excerpt\">La grande f\u00eate du cheval en Quercy Vert aura lieu les samedi 26 et dimanche 27 avril 2014 \u00e0 l\u2019esplanade des lacs.<\/div>\n","protected":false},"author":2,"featured_media":0,"comment_status":"open","ping_status":"open","sticky":false,"template":"","format":"standard","meta":{"om_disable_all_campaigns":false,"advanced_seo_description":"","jetpack_seo_html_title":"","jetpack_seo_noindex":false,"_jetpack_memberships_contains_paid_content":false,"footnotes":"","_links_to":"","_links_to_target":""},"categories":[319,1,16,54,2000],"tags":[1360,5625,56,132,143,157,242,493,555,1259],"class_list":{"0":"post-21007","1":"post","2":"type-post","3":"status-publish","4":"format-standard","6":"category-fete_cheval","7":"category-culture","8":"category-monclar","9":"category-loisirs","10":"category-n-97-avril-2014","11":"tag-activites-equestres","12":"tag-chevaux","13":"tag-fete","14":"tag-spectacle","15":"tag-monclar-de-quercy","16":"tag-repas","17":"tag-fete-du-cheval","18":"tag-foire","19":"tag-equestre","20":"tag-cabaret"},"jetpack_featured_media_url":"","views":{"total":0,"cached_at":"","cached_date":1738482990},"jetpack_likes_enabled":true,"jetpack_sharing_enabled":true,"jetpack_shortlink":"https:\/\/wp.me\/pg7Wxj-5sP","jetpack-related-posts":[],"_links":{"self":[{"href":"https:\/\/www.o-p-i.fr\/parlonsen\/wp-json\/wp\/v2\/posts\/21007","targetHints":{"allow":["GET"]}}],"collection":[{"href":"https:\/\/www.o-p-i.fr\/parlonsen\/wp-json\/wp\/v2\/posts"}],"about":[{"href":"https:\/\/www.o-p-i.fr\/parlonsen\/wp-json\/wp\/v2\/types\/post"}],"author":[{"embeddable":true,"href":"https:\/\/www.o-p-i.fr\/parlonsen\/wp-json\/wp\/v2\/users\/2"}],"replies":[{"embeddable":true,"href":"https:\/\/www.o-p-i.fr\/parlonsen\/wp-json\/wp\/v2\/comments?post=21007"}],"version-history":[{"count":1,"href":"https:\/\/www.o-p-i.fr\/parlonsen\/wp-json\/wp\/v2\/posts\/21007\/revisions"}],"predecessor-version":[{"id":67067,"href":"https:\/\/www.o-p-i.fr\/parlonsen\/wp-json\/wp\/v2\/posts\/21007\/revisions\/67067"}],"wp:attachment":[{"href":"https:\/\/www.o-p-i.fr\/parlonsen\/wp-json\/wp\/v2\/media?parent=21007"}],"wp:term":[{"taxonomy":"category","embeddable":true,"href":"https:\/\/www.o-p-i.fr\/parlonsen\/wp-json\/wp\/v2\/categories?post=21007"},{"taxonomy":"post_tag","embeddable":true,"href":"https:\/\/www.o-p-i.fr\/parlonsen\/wp-json\/wp\/v2\/tags?post=21007"}],"curies":[{"name":"wp","href":"https:\/\/api.w.org\/{rel}","templated":true}]}}