{"id":21256,"date":"2014-05-07T08:21:29","date_gmt":"2014-05-07T06:21:29","guid":{"rendered":"\/parlonsen\/?p=21256"},"modified":"2014-05-06T19:10:29","modified_gmt":"2014-05-06T17:10:29","slug":"le-singulier-dans-le-collectif-a-salvagnac-81","status":"publish","type":"post","link":"https:\/\/www.o-p-i.fr\/parlonsen\/localisation\/au-pays-des-tescous\/salvagnac\/le-singulier-dans-le-collectif-a-salvagnac-81\/","title":{"rendered":"Le singulier dans le collectif &#8230; \u00e0 Salvagnac (81)"},"content":{"rendered":"<p>Rencontre Vernissage le <strong>Vendredi 16 mai 2014<\/strong> de 14h30 \u00e0 16h \u00e0  la salle d\u2019animation de la Maison de Retraite Petite Plaisance. <!--more--><\/p>\n<p style=\"text-align: justify;\">\n<figure id=\"attachment_21271\" aria-describedby=\"caption-attachment-21271\" style=\"width: 150px\" class=\"wp-caption alignright\"><a href=\"https:\/\/i0.wp.com\/www.o-p-i.fr\/parlonsen\/wp-content\/uploads\/arttherapie.jpg?ssl=1\"><img data-recalc-dims=\"1\" loading=\"lazy\" decoding=\"async\" class=\"size-thumbnail wp-image-21271\" title=\"Le singulier dans le collectif.\" src=\"https:\/\/i0.wp.com\/www.o-p-i.fr\/parlonsen\/wp-content\/uploads\/arttherapie.jpg?resize=150%2C150&#038;ssl=1\" alt=\"Le singulier dans le collectif.\" width=\"150\" height=\"150\" srcset=\"https:\/\/i0.wp.com\/www.o-p-i.fr\/parlonsen\/wp-content\/uploads\/arttherapie.jpg?resize=150%2C150&amp;ssl=1 150w, https:\/\/i0.wp.com\/www.o-p-i.fr\/parlonsen\/wp-content\/uploads\/arttherapie.jpg?zoom=2&amp;resize=150%2C150&amp;ssl=1 300w, https:\/\/i0.wp.com\/www.o-p-i.fr\/parlonsen\/wp-content\/uploads\/arttherapie.jpg?zoom=3&amp;resize=150%2C150&amp;ssl=1 450w\" sizes=\"auto, (max-width: 150px) 100vw, 150px\" \/><\/a><figcaption id=\"caption-attachment-21271\" class=\"wp-caption-text\">Le singulier dans le collectif.<\/figcaption><\/figure>\n<p>Exposition collective des productions r\u00e9alis\u00e9es pendant les ateliers d\u2019art th\u00e9rapie, men\u00e9s de f\u00e9vrier \u00e0 avril 2014, avec Sylvie Riebel, plasticienne et les r\u00e9sidents de l\u2019EHPAD, des lieux de vie Les Jonquilles, Les Vignes, Les Oliviers, Les Ch\u00eanes, Cantegrel et des maisons partag\u00e9es de Tauriac et Cahuzac sur V\u00e8re.<\/p>\n<p><em>Communiqu\u00e9 de Maryline Buso, responsable de la vie sociale EHPAD Petite Plaisance<\/em><\/p>\n","protected":false},"excerpt":{"rendered":"<div class=\"mh-excerpt\">Rencontre Vernissage le Vendredi 16 mai 2014 de 14h30 \u00e0 16h \u00e0 la salle d\u2019animation de la Maison de Retraite Petite Plaisance.<\/div>\n","protected":false},"author":2,"featured_media":0,"comment_status":"open","ping_status":"open","sticky":false,"template":"","format":"standard","meta":{"om_disable_all_campaigns":false,"advanced_seo_description":"","jetpack_seo_html_title":"","jetpack_seo_noindex":false,"_jetpack_memberships_contains_paid_content":false,"footnotes":"","_links_to":"","_links_to_target":""},"categories":[2039,54,58,291,25],"tags":[2548,82,172,200,1912],"class_list":{"0":"post-21256","1":"post","2":"type-post","3":"status-publish","4":"format-standard","6":"category-n-98-mai-2014","7":"category-loisirs","8":"category-sante","9":"category-solidarite","10":"category-salvagnac","11":"tag-salvagnac","12":"tag-aines","13":"tag-exposition","14":"tag-art","15":"tag-therapies-alternatives"},"jetpack_featured_media_url":"","views":{"total":0,"cached_at":"","cached_date":1738528670},"jetpack_likes_enabled":true,"jetpack_sharing_enabled":true,"jetpack_shortlink":"https:\/\/wp.me\/pg7Wxj-5wQ","jetpack-related-posts":[],"_links":{"self":[{"href":"https:\/\/www.o-p-i.fr\/parlonsen\/wp-json\/wp\/v2\/posts\/21256","targetHints":{"allow":["GET"]}}],"collection":[{"href":"https:\/\/www.o-p-i.fr\/parlonsen\/wp-json\/wp\/v2\/posts"}],"about":[{"href":"https:\/\/www.o-p-i.fr\/parlonsen\/wp-json\/wp\/v2\/types\/post"}],"author":[{"embeddable":true,"href":"https:\/\/www.o-p-i.fr\/parlonsen\/wp-json\/wp\/v2\/users\/2"}],"replies":[{"embeddable":true,"href":"https:\/\/www.o-p-i.fr\/parlonsen\/wp-json\/wp\/v2\/comments?post=21256"}],"version-history":[{"count":0,"href":"https:\/\/www.o-p-i.fr\/parlonsen\/wp-json\/wp\/v2\/posts\/21256\/revisions"}],"wp:attachment":[{"href":"https:\/\/www.o-p-i.fr\/parlonsen\/wp-json\/wp\/v2\/media?parent=21256"}],"wp:term":[{"taxonomy":"category","embeddable":true,"href":"https:\/\/www.o-p-i.fr\/parlonsen\/wp-json\/wp\/v2\/categories?post=21256"},{"taxonomy":"post_tag","embeddable":true,"href":"https:\/\/www.o-p-i.fr\/parlonsen\/wp-json\/wp\/v2\/tags?post=21256"}],"curies":[{"name":"wp","href":"https:\/\/api.w.org\/{rel}","templated":true}]}}