{"id":21259,"date":"2014-05-07T16:29:49","date_gmt":"2014-05-07T14:29:49","guid":{"rendered":"\/parlonsen\/?p=21259"},"modified":"2014-05-06T19:07:05","modified_gmt":"2014-05-06T17:07:05","slug":"les-belles-montees-2014-arrivent-a-grands-pas-a-la-salvetat-velmontet-82","status":"publish","type":"post","link":"https:\/\/www.o-p-i.fr\/parlonsen\/localisation\/au-pays-des-tescous\/salvetat\/les-belles-montees-2014-arrivent-a-grands-pas-a-la-salvetat-velmontet-82\/","title":{"rendered":"Les \u00ab\u00a0Belles Mont\u00e9es 2014\u00a0\u00bb arrivent \u00e0 grands pas &#8230; \u00e0 La Salvetat Belmontet (82)"},"content":{"rendered":"<p style=\"text-align: justify;\">Courons contre la maladie de Charcot le  <strong>Samedi 31 Mai 2014<\/strong>.<!--more--><\/p>\n<p style=\"text-align: justify;\">\n<figure style=\"width: 362px\" class=\"wp-caption alignright\"><img data-recalc-dims=\"1\" loading=\"lazy\" decoding=\"async\" class=\" \" title=\"Belles Mont\u00e9es 2014\" src=\"https:\/\/i0.wp.com\/www.o-p-i.fr\/parlonsen\/wp-content\/uploads\/bellesmontees2014.jpg?resize=362%2C512&#038;ssl=1\" alt=\"Belles Mont\u00e9es 2014\" width=\"362\" height=\"512\" \/><figcaption class=\"wp-caption-text\">Belles Mont\u00e9es 2014<\/figcaption><\/figure>\n<p>A partir de 15h<\/p>\n<p style=\"text-align: justify;\">\u2022 une course de 15 km :<br \/>\n9\u20ac sur <a title=\"Ouvre le site dans une nouvelle fen\u00eatre\" href=\"http:\/\/www.topchrono.biz\" target=\"_blank\">www.topchrono.biz<\/a> et 10\u20ac sur place<br \/>\n\u2022 une course de 8 km :<br \/>\n7\u20ac sur <a title=\"Ouvre le site dans une nouvelle fen\u00eatre\" href=\"http:\/\/www.topchrono.biz\" target=\"_blank\">www.topchrono.biz<\/a> et 8\u20ac sur place<br \/>\n\u2022 randonn\u00e9e de 7 km :<br \/>\n5\u20ac (inscription sur place)<br \/>\n\u2022 course enfants de 1km :<br \/>\npour les 7 \u00e0 10 ans : gratuite (inscription sur place)<\/p>\n<p style=\"text-align: justify;\">R\u00e8glement sur place \u00e0 la salle des f\u00eates.<\/p>\n<p style=\"text-align: justify;\"><a href=\"https:\/\/www.o-p-i.fr\/parlonsen\/wp-content\/uploads\/inscription-course_bellesmontees2014.pdf\">T\u00e9l\u00e9chargez le bulletin d&rsquo;inscription <\/a>pour la course \u00e0 pied \u00e0 remplir et  retourner avec le r\u00e8glement et le certificat m\u00e9dical \u00e0 :<br \/>\nJean-Marc SANGLA &#8211; 1322, chemin de la Salvetat \u00e0 Montdurausse &#8211; Moulin de Lamothe &#8211; 82230 LA SALVETAT-BELMONTET<\/p>\n<p style=\"text-align: justify;\">Et pour tous :<br \/>\n\u2022 march\u00e9 des producteurs<\/p>\n<p style=\"text-align: justify;\">Pour terminer la journ\u00e9e en beaut\u00e9, l\u2019association La Belle Mont\u00e9e vous propose une soir\u00e9e Pa\u00eblla suivie d&rsquo;une soir\u00e9e dansante, toujours au profit de la recherche  contre la Maladie de Charcot.<\/p>\n<p style=\"text-align: justify;\">Au menu :<br \/>\nSalade compos\u00e9e \/ Pa\u00eblla \/ Fromage \/ P\u00e2tisserie<br \/>\nAp\u00e9ritif, caf\u00e9 et vin compris<\/p>\n<p style=\"text-align: justify;\"><strong> Tarifs : <\/strong><br \/>\nAdultes : 20 \u20ac<br \/>\nEnfants (- de 14 ans) : 10 \u20ac<\/p>\n<p style=\"text-align: justify;\">R\u00e9servation avant le 23 mai 2014.<\/p>\n<p style=\"text-align: justify;\"><strong>Contact : <\/strong><br \/>\nT\u00e9l. :  05.63.30.34.16 ou 05.63.30.37.58<br \/>\nCourriel :  <a href=\"mailto:jean-marc.sangla@orange.fr \">jean-marc.sangla@orange.fr <\/a><\/p>\n<blockquote>\n<p style=\"text-align: justify;\">L&rsquo;association est toujours \u00e0 la recherche de quelques  b\u00e9n\u00e9voles  suppl\u00e9mentaires pour l&rsquo;encadrement de la course, de la  randonn\u00e9e, des  points de ravitaillement,&#8230; etc. Si vous \u00eates disponibles  et pr\u00eats \u00e0  nous aider, n&rsquo;h\u00e9sitez pas \u00e0 le faire savoir.<\/p>\n<\/blockquote>\n<p style=\"text-align: justify;\"><em>Communiqu\u00e9 de Jean-Marc SANGLA<\/em><\/p>\n","protected":false},"excerpt":{"rendered":"<div class=\"mh-excerpt\">Courons contre la maladie de Charcot le Samedi 31 Mai 2014.<\/div>\n","protected":false},"author":2,"featured_media":0,"comment_status":"open","ping_status":"open","sticky":false,"template":"","format":"standard","meta":{"om_disable_all_campaigns":false,"advanced_seo_description":"","jetpack_seo_html_title":"","jetpack_seo_noindex":false,"_jetpack_memberships_contains_paid_content":false,"footnotes":"","_links_to":"","_links_to_target":""},"categories":[34,396,2039,54,58,291,53],"tags":[138,157,181,323,641],"class_list":{"0":"post-21259","1":"post","2":"type-post","3":"status-publish","4":"format-standard","6":"category-salvetat","7":"category-cest-le-printemps","8":"category-n-98-mai-2014","9":"category-loisirs","10":"category-sante","11":"category-solidarite","12":"category-sports","13":"tag-marche","14":"tag-repas","15":"tag-la-salvetat-belmontet","16":"tag-enfant","17":"tag-course"},"jetpack_featured_media_url":"","views":{"total":0,"cached_at":"","cached_date":1738528651},"jetpack_likes_enabled":true,"jetpack_sharing_enabled":true,"jetpack_shortlink":"https:\/\/wp.me\/pg7Wxj-5wT","jetpack-related-posts":[],"_links":{"self":[{"href":"https:\/\/www.o-p-i.fr\/parlonsen\/wp-json\/wp\/v2\/posts\/21259","targetHints":{"allow":["GET"]}}],"collection":[{"href":"https:\/\/www.o-p-i.fr\/parlonsen\/wp-json\/wp\/v2\/posts"}],"about":[{"href":"https:\/\/www.o-p-i.fr\/parlonsen\/wp-json\/wp\/v2\/types\/post"}],"author":[{"embeddable":true,"href":"https:\/\/www.o-p-i.fr\/parlonsen\/wp-json\/wp\/v2\/users\/2"}],"replies":[{"embeddable":true,"href":"https:\/\/www.o-p-i.fr\/parlonsen\/wp-json\/wp\/v2\/comments?post=21259"}],"version-history":[{"count":0,"href":"https:\/\/www.o-p-i.fr\/parlonsen\/wp-json\/wp\/v2\/posts\/21259\/revisions"}],"wp:attachment":[{"href":"https:\/\/www.o-p-i.fr\/parlonsen\/wp-json\/wp\/v2\/media?parent=21259"}],"wp:term":[{"taxonomy":"category","embeddable":true,"href":"https:\/\/www.o-p-i.fr\/parlonsen\/wp-json\/wp\/v2\/categories?post=21259"},{"taxonomy":"post_tag","embeddable":true,"href":"https:\/\/www.o-p-i.fr\/parlonsen\/wp-json\/wp\/v2\/tags?post=21259"}],"curies":[{"name":"wp","href":"https:\/\/api.w.org\/{rel}","templated":true}]}}