{"id":21386,"date":"2014-05-15T10:41:48","date_gmt":"2014-05-15T08:41:48","guid":{"rendered":"\/parlonsen\/?p=21386"},"modified":"2014-05-15T19:07:10","modified_gmt":"2014-05-15T17:07:10","slug":"rues-d%e2%80%99ete-2014-arts-de-la-rue-a-graulhet-81","status":"publish","type":"post","link":"https:\/\/www.o-p-i.fr\/parlonsen\/parlons-en\/culture\/rues-d%e2%80%99ete-2014-arts-de-la-rue-a-graulhet-81\/","title":{"rendered":"Rues d\u2019\u00c9t\u00e9 2014, Arts de la Rue &#8230; \u00e0 Graulhet (81)"},"content":{"rendered":"<p style=\"text-align: justify;\">Un festival gratuit, convivial, familial et citoyen, un rendez-vous estival et festif incontournable au c\u0153ur du Tarn, <strong>les 11, 12 et 13 juillet 2014<\/strong>. <!--more--><\/p>\n<figure id=\"attachment_21392\" aria-describedby=\"caption-attachment-21392\" style=\"width: 212px\" class=\"wp-caption alignright\"><a href=\"https:\/\/i0.wp.com\/www.o-p-i.fr\/parlonsen\/wp-content\/uploads\/ruesdete2014.jpg?ssl=1\"><img data-recalc-dims=\"1\" loading=\"lazy\" decoding=\"async\" class=\"size-medium wp-image-21392\" title=\"Rues d'\u00e9t\u00e9 2014 - Graulhet (81)\" src=\"https:\/\/i0.wp.com\/www.o-p-i.fr\/parlonsen\/wp-content\/uploads\/ruesdete2014.jpg?resize=212%2C300&#038;ssl=1\" alt=\"Rues d'\u00e9t\u00e9 2014 - Graulhet (81)\" width=\"212\" height=\"300\" srcset=\"https:\/\/i0.wp.com\/www.o-p-i.fr\/parlonsen\/wp-content\/uploads\/ruesdete2014.jpg?resize=212%2C300&amp;ssl=1 212w, https:\/\/i0.wp.com\/www.o-p-i.fr\/parlonsen\/wp-content\/uploads\/ruesdete2014.jpg?resize=724%2C1024&amp;ssl=1 724w, https:\/\/i0.wp.com\/www.o-p-i.fr\/parlonsen\/wp-content\/uploads\/ruesdete2014.jpg?w=1754&amp;ssl=1 1754w\" sizes=\"auto, (max-width: 212px) 100vw, 212px\" \/><\/a><figcaption id=\"caption-attachment-21392\" class=\"wp-caption-text\">Rues d&#39;\u00e9t\u00e9 2014 - Graulhet (81)<\/figcaption><\/figure>\n<p>\u00ab RUES D\u2019\u00c9T\u00c9\u00bb &#8230;\u00a0 a 6 ans d&rsquo;existence et d&rsquo;exp\u00e9rience et ce festival des Arts de la Rue s&rsquo;est enrichi.<\/p>\n<p style=\"text-align: justify;\">Ce sont ainsi des dizaines de compagnies qui investissent la ville de Graulhet : 27 compagnies pour 35 repr\u00e9sentations !, un stage &lsquo;Accro, Hip Hop, Capoeira&rsquo; en amont du 8 au 10 juillet avec Thomas de la Cie Singuli\u00e8re.<br \/>\nDes spectacles gratuits pour tous, plus r\u00e9jouissants les uns que les autres&#8230; qui investissent\u00a0 Place du Jourdain, Le Grandgousier, Place du Val d&rsquo;Amour, Place du Ch\u00e2teau, les Jardins de Saint-Jean et la cit\u00e9 historique &#8230;et une exposition au Cin\u00e9ma Vertigo<br \/>\nQu&rsquo;il s&rsquo;agisse de repr\u00e9sentations th\u00e9\u00e2trales, musicales, chor\u00e9graphiques ou circassiennes, la finalit\u00e9 est toujours la m\u00eame : vous r\u00e9jouir et vous faire r\u00eaver !<br \/>\nLa programmation est pr\u00e9vue, avec toujours des artistes de grande qualit\u00e9. Avec encore plus d&rsquo;animations, un espace pour les enfants, des fanfares festives, des performances \u00e9tonnantes, du rire, des beaux textes ,des curiosit\u00e9s &#8230; Tout y est pour enthousiasmer le public.<\/p>\n<p style=\"text-align: justify;\"><strong>Les COMPAGNIES<\/strong><\/p>\n<ul>\n<li> <strong>Cirque (6)<\/strong> : Cies Pistil et Miss You (Ecole de Cirque), Cies Miss You et Morphales Cambr\u00e9es (2 repr\u00e9sentations), Cie Singuli\u00e8re, Cie Akouma (pirotechnie 2 repr\u00e9sentations), Cie Toi d&rsquo;Abord, Cie Par dessous-dessus (Off, 2 repr\u00e9sentations)<\/li>\n<li> <strong>Th\u00e9\u00e2tre (8)<\/strong> : Cie La Carrioletta, Les Arts Oseurs, Les Kag, Th\u00e9\u00e2tre du Rugissant (3 repr\u00e9sentations) , Cie Jatoba, Cie\u00a0 Effervescence (Th\u00e9\u00e2tre pour enfants \/ off), Cie C&rsquo;est pas Grave (Off, 2 repr\u00e9sentations), Wirless (Off)<\/li>\n<li> <strong>Danse (2) : <\/strong>Cie 9.81(2 repr\u00e9sentations) , Recto Verso ( + Cie Singuli\u00e8re et Akouma)<\/li>\n<li> <strong>Musique (7) : <\/strong>Les Roms des Foins, S\u00e9bastopol, Les Belles Gambettes, Batucada de Graulhet, Las Vargas (+ Cie Akouma), Olivier de Pistil (Off), Karaok\u00e9<\/li>\n<li> <strong>Divers (4) : <\/strong>St\u00e9phane Le Crieur, Arc-en-ciel-et-Cie (maquillage), Cie ZutZigTruck (Man\u00e8ge), Cabinet Fatalia (Cabinet de Curiosit\u00e9)<\/li>\n<\/ul>\n<p style=\"text-align: justify;\">\n<p style=\"text-align: justify;\">Ce Festival est \u00e9galement un temps citoyen partag\u00e9 avec des animations et des producteurs de proximit\u00e9 et vous pourrez vous restaurer avec un choix s\u00e9lectif et diversifi\u00e9 de produits locaux \u2026<\/p>\n<p style=\"text-align: justify;\"><strong>Le programme complet est sur le nouveau site :<\/strong> <a title=\"Ouvre le site dans une nouvelle fen\u00eatre\" href=\"http:\/\/www.ruesdete.fr\" target=\"_blank\">www.ruesdete.fr<\/a><\/p>\n<p style=\"text-align: justify;\"><strong>Contact : <\/strong><a title=\"Cliquez pour ouvrir la fiche dans l'annuaire d'OPI\" href=\"https:\/\/www.o-p-i.fr\/aupays\/annuaire\/loisirs\/rues-dete\/\">Association Rues d\u2019Et\u00e9<\/a><\/p>\n<p style=\"text-align: justify;\"><em>Communiqu\u00e9 par Ariane LeLay<\/em><\/p>\n","protected":false},"excerpt":{"rendered":"<div class=\"mh-excerpt\">Un festival gratuit, convivial, familial et citoyen, un rendez-vous estival et festif incontournable au c\u0153ur du Tarn, les 11, 12 et 13 juillet 2014.<\/div>\n","protected":false},"author":2,"featured_media":0,"comment_status":"open","ping_status":"open","sticky":false,"template":"","format":"standard","meta":{"om_disable_all_campaigns":false,"advanced_seo_description":"","jetpack_seo_html_title":"","jetpack_seo_noindex":false,"_jetpack_memberships_contains_paid_content":false,"footnotes":"","_links_to":"","_links_to_target":""},"categories":[42,1,603,54,2054],"tags":[43,57,84,132,145,323,420,440,507,2096],"class_list":{"0":"post-21386","1":"post","2":"type-post","3":"status-publish","4":"format-standard","6":"category-a-cote-de-chez-nous","7":"category-culture","8":"category-vive-lete","9":"category-loisirs","10":"category-n-100-juillet-2014","11":"tag-concert","12":"tag-theatre","13":"tag-danse","14":"tag-spectacle","15":"tag-animation","16":"tag-enfant","17":"tag-graulhet","18":"tag-marionnette","19":"tag-cirque","20":"tag-pyrotechnie"},"jetpack_featured_media_url":"","views":{"total":0,"cached_at":"","cached_date":1738528705},"jetpack_likes_enabled":true,"jetpack_sharing_enabled":true,"jetpack_shortlink":"https:\/\/wp.me\/pg7Wxj-5yW","jetpack-related-posts":[],"_links":{"self":[{"href":"https:\/\/www.o-p-i.fr\/parlonsen\/wp-json\/wp\/v2\/posts\/21386","targetHints":{"allow":["GET"]}}],"collection":[{"href":"https:\/\/www.o-p-i.fr\/parlonsen\/wp-json\/wp\/v2\/posts"}],"about":[{"href":"https:\/\/www.o-p-i.fr\/parlonsen\/wp-json\/wp\/v2\/types\/post"}],"author":[{"embeddable":true,"href":"https:\/\/www.o-p-i.fr\/parlonsen\/wp-json\/wp\/v2\/users\/2"}],"replies":[{"embeddable":true,"href":"https:\/\/www.o-p-i.fr\/parlonsen\/wp-json\/wp\/v2\/comments?post=21386"}],"version-history":[{"count":0,"href":"https:\/\/www.o-p-i.fr\/parlonsen\/wp-json\/wp\/v2\/posts\/21386\/revisions"}],"wp:attachment":[{"href":"https:\/\/www.o-p-i.fr\/parlonsen\/wp-json\/wp\/v2\/media?parent=21386"}],"wp:term":[{"taxonomy":"category","embeddable":true,"href":"https:\/\/www.o-p-i.fr\/parlonsen\/wp-json\/wp\/v2\/categories?post=21386"},{"taxonomy":"post_tag","embeddable":true,"href":"https:\/\/www.o-p-i.fr\/parlonsen\/wp-json\/wp\/v2\/tags?post=21386"}],"curies":[{"name":"wp","href":"https:\/\/api.w.org\/{rel}","templated":true}]}}