{"id":21407,"date":"2014-05-27T16:23:36","date_gmt":"2014-05-27T14:23:36","guid":{"rendered":"\/parlonsen\/?p=21407"},"modified":"2014-05-16T16:36:19","modified_gmt":"2014-05-16T14:36:19","slug":"festival-%e2%80%9cvillemur-dans-tous-ses-etats%e2%80%9d-a-villemur-sur-tarn-31","status":"publish","type":"post","link":"https:\/\/www.o-p-i.fr\/parlonsen\/parlons-en\/culture\/festival-%e2%80%9cvillemur-dans-tous-ses-etats%e2%80%9d-a-villemur-sur-tarn-31\/","title":{"rendered":"Festival \u201cVillemur dans tous ses \u00e9tats\u201d &#8230; \u00e0 Villemur sur Tarn (31)"},"content":{"rendered":"<p style=\"text-align: justify;\">La MJC de Villemur sur Tarn organise son festival,<strong> Samedi 7 Juin 2014 <\/strong>de 14h \u00e0 00h, au Parc Bernadou, entr\u00e9e 1 euros. <!--more--><\/p>\n<figure style=\"width: 245px\" class=\"wp-caption alignright\"><img data-recalc-dims=\"1\" loading=\"lazy\" decoding=\"async\" class=\"  \" title=\"Festival VillemurExpression\" src=\"https:\/\/i0.wp.com\/www.o-p-i.fr\/parlonsen\/wp-content\/uploads\/villemur2014.jpg?resize=245%2C346&#038;ssl=1\" alt=\"Festival VillemurExpression\" width=\"245\" height=\"346\" \/><figcaption class=\"wp-caption-text\">Festival Villemur&#39;Expression<\/figcaption><\/figure>\n<p style=\"text-align: justify;\"><strong>Les ateliers du Festival<\/strong> de 14h \u00e0 18h :<br \/>\nDes associations de la commune et artistes vous accueillent pour vous faire d\u00e9couvrir leur passion.<br \/>\n\u2013 De fil en aiguille (ateliers couture et broderie) : Club couture de la MJC, Marianne Beguin et l&rsquo;association <a title=\"Cliquez pour ouvrir la fiche dans l'annuaire d'OPI\" href=\"https:\/\/www.o-p-i.fr\/aupays\/annuaire\/loisirs\/les-doigts-dor\/\">Les doigts d&rsquo;or<\/a>.<br \/>\n\u2013 Des artistes en herbes (atelier plastique li\u00e9 \u00e0 la photo, atelier musique) : Isabelle Senges, Elisabeth Durandin, Thierry Maurel, \u00c9cole de musique de Villemur.<br \/>\n\u2013 D\u00e9tente et d\u00e9couverte ( ateliers lecture et \u00e9criture, slam) : La m\u00e9diath\u00e8que de Villemur, association La boutique de cannelle, C\u00e9dric Fournier.<br \/>\n\u2013 Citoyen, solidarit\u00e9, environnement ( expositions et jeux) : <a title=\"Cliquez pour ouvrir la fiche dans l'annuaire d'OPI\" href=\"https:\/\/www.o-p-i.fr\/aupays\/annuaire\/loisirs\/tarn-eau-vivante\/\">Association Tarn Eau Vivante<\/a>, association Kassmay, Ludoth\u00e8que Labastide Saint Pierre.<br \/>\n\u2013 Cours, saute, Vole ( jeux et sports) : Club Badminton , Club Majorettes, Club Break dance.<\/p>\n<p style=\"text-align: justify;\">La liste n&rsquo;est pas exhaustive et nous esp\u00e9rons accueillir encore d&rsquo;autres associations.<\/p>\n<p><strong>Les concerts du Festival <\/strong>de 14h \u00e0 00h30 :<br \/>\n\u2013 14h : The Wisk<br \/>\n\u2013 14h30 : Les Brakass<br \/>\n\u2013 14h55 : Keepyoung<br \/>\n\u2013 15h25 : Pyrahnus<br \/>\n\u2013 15h50 : Wild Wisdom<br \/>\n\u2013 16h30 : Decib&rsquo;Hell<br \/>\n\u2013 17h20 : Sopa Boba<br \/>\n&#8211; 18h10 : Gipsy Calo<br \/>\n&#8211; 19h : Mr Lezard<br \/>\n&#8211; 20h05 : Gipsy Calo<br \/>\n&#8211; 20h55 : Les Cocks<br \/>\n&#8211; 21h45 : Dj Grounchoo<br \/>\n&#8211; 23h : Dj Redj<\/p>\n<p>Pour nous soutenir dans notre d\u00e9marche et nous aider \u00e0 d\u00e9velopper des actions comme celles ci sur la commune, venez participer au festival et parlez en autour de vous !!!!<\/p>\n<p style=\"text-align: justify;\">Plus d&rsquo;informations sur la <a title=\"Ouvre le site dans une nouvelle fen\u00eatre\" href=\"https:\/\/www.facebook.com\/mjc.devillemur?fref=ts\" target=\"_blank\">page\u00a0 Facebook de la MJC <\/a><\/p>\n<p style=\"text-align: justify;\"><strong>Contact :<\/strong> <a title=\"En savoir +\" href=\"https:\/\/www.o-p-i.fr\/aupays\/annuaire\/loisirs\/mjc-de-villemur-sur-tarn\/\">MJC de Villemur <\/a><\/p>\n<p style=\"text-align: justify;\"><em>Communiqu\u00e9 par l&rsquo;\u00e9quipe d&rsquo;organisation du Festival<\/em><\/p>\n","protected":false},"excerpt":{"rendered":"<div class=\"mh-excerpt\">La MJC de Villemur sur Tarn organise son festival, Samedi 7 Juin 2014 de 14h \u00e0 00h, au Parc Bernadou, entr\u00e9e 1 euros.<\/div>\n","protected":false},"author":2,"featured_media":0,"comment_status":"open","ping_status":"open","sticky":false,"template":"","format":"standard","meta":{"om_disable_all_campaigns":false,"advanced_seo_description":"","jetpack_seo_html_title":"","jetpack_seo_noindex":false,"_jetpack_memberships_contains_paid_content":false,"footnotes":"","_links_to":"","_links_to_target":""},"categories":[42,1,54,53,2042],"tags":[43,180,202,323,450,677],"class_list":{"0":"post-21407","1":"post","2":"type-post","3":"status-publish","4":"format-standard","6":"category-a-cote-de-chez-nous","7":"category-culture","8":"category-loisirs","9":"category-sports","10":"category-n-99-juin-2014","11":"tag-concert","12":"tag-atelier","13":"tag-mjc","14":"tag-enfant","15":"tag-villemur-sur-tarn","16":"tag-festival"},"jetpack_featured_media_url":"","views":{"total":0,"cached_at":"","cached_date":1738528533},"jetpack_likes_enabled":true,"jetpack_sharing_enabled":true,"jetpack_shortlink":"https:\/\/wp.me\/pg7Wxj-5zh","jetpack-related-posts":[],"_links":{"self":[{"href":"https:\/\/www.o-p-i.fr\/parlonsen\/wp-json\/wp\/v2\/posts\/21407","targetHints":{"allow":["GET"]}}],"collection":[{"href":"https:\/\/www.o-p-i.fr\/parlonsen\/wp-json\/wp\/v2\/posts"}],"about":[{"href":"https:\/\/www.o-p-i.fr\/parlonsen\/wp-json\/wp\/v2\/types\/post"}],"author":[{"embeddable":true,"href":"https:\/\/www.o-p-i.fr\/parlonsen\/wp-json\/wp\/v2\/users\/2"}],"replies":[{"embeddable":true,"href":"https:\/\/www.o-p-i.fr\/parlonsen\/wp-json\/wp\/v2\/comments?post=21407"}],"version-history":[{"count":0,"href":"https:\/\/www.o-p-i.fr\/parlonsen\/wp-json\/wp\/v2\/posts\/21407\/revisions"}],"wp:attachment":[{"href":"https:\/\/www.o-p-i.fr\/parlonsen\/wp-json\/wp\/v2\/media?parent=21407"}],"wp:term":[{"taxonomy":"category","embeddable":true,"href":"https:\/\/www.o-p-i.fr\/parlonsen\/wp-json\/wp\/v2\/categories?post=21407"},{"taxonomy":"post_tag","embeddable":true,"href":"https:\/\/www.o-p-i.fr\/parlonsen\/wp-json\/wp\/v2\/tags?post=21407"}],"curies":[{"name":"wp","href":"https:\/\/api.w.org\/{rel}","templated":true}]}}