{"id":21444,"date":"2014-05-21T10:38:50","date_gmt":"2014-05-21T08:38:50","guid":{"rendered":"\/parlonsen\/?p=21444"},"modified":"2014-05-20T18:54:21","modified_gmt":"2014-05-20T16:54:21","slug":"nouvelle-expo-a-loffice-du-tourisme-a-monclar-de-quercy-82","status":"publish","type":"post","link":"https:\/\/www.o-p-i.fr\/parlonsen\/localisation\/au-pays-des-tescous\/monclar\/nouvelle-expo-a-loffice-du-tourisme-a-monclar-de-quercy-82\/","title":{"rendered":"Exposition \u00e0 l&rsquo;office du Tourisme &#8230; \u00e0 Monclar de Quercy (82)"},"content":{"rendered":"<p>Francine CAMELIN est  Artiste peintre ; elle demeure \u00e0 Lisle sur Tarn . Elle expose ses \u0153uvres jusqu&rsquo;\u00e0 la fin du mois de mai \u00e0 l\u2019Office de tourisme de Monclar de Quercy, Place des Capitoul.\u00a0 <!--more--><\/p>\n<p style=\"text-align: justify;\">\n<figure id=\"attachment_21445\" aria-describedby=\"caption-attachment-21445\" style=\"width: 180px\" class=\"wp-caption alignright\"><a href=\"https:\/\/i0.wp.com\/www.o-p-i.fr\/parlonsen\/wp-content\/uploads\/francinecamelin.jpg?ssl=1\"><img data-recalc-dims=\"1\" loading=\"lazy\" decoding=\"async\" class=\"size-medium wp-image-21445 \" title=\"Francine Camelin expose \u00e0 l'Office du Tourisme de Monclar de Quercy (82)\" src=\"https:\/\/i0.wp.com\/www.o-p-i.fr\/parlonsen\/wp-content\/uploads\/francinecamelin.jpg?resize=180%2C240&#038;ssl=1\" alt=\"Francine Camelin expose \u00e0 l'Office du Tourisme de Monclar de Quercy (82)\" width=\"180\" height=\"240\" srcset=\"https:\/\/i0.wp.com\/www.o-p-i.fr\/parlonsen\/wp-content\/uploads\/francinecamelin.jpg?resize=225%2C300&amp;ssl=1 225w, https:\/\/i0.wp.com\/www.o-p-i.fr\/parlonsen\/wp-content\/uploads\/francinecamelin.jpg?w=600&amp;ssl=1 600w\" sizes=\"auto, (max-width: 180px) 100vw, 180px\" \/><\/a><figcaption id=\"caption-attachment-21445\" class=\"wp-caption-text\">Francine Camelin expose \u00e0 l&#39;Office du Tourisme de Monclar de Quercy (82)<\/figcaption><\/figure>\n<p style=\"text-align: justify;\">Professeur de Fran\u00e7ais pour adultes  et \u00e0 l\u2019universit\u00e9 d\u2019OTTAWA, Madame CAMELIN a commenc\u00e9 \u00e0 peindre en d\u00e9but de retraite, il y a 10 ans,\u00a0 pour accompagner son \u00e9poux qui fait de la marqueterie.<\/p>\n<p style=\"text-align: justify;\">Avec, au d\u00e9but, de petits tableaux \u00e0 la pointe de feutre, puis au crayon aquarelle, jusqu\u2019\u00e0 maitriser les couleurs, elle est rest\u00e9e fid\u00e8le aux crayons aquarelles jusqu\u2019\u00e0 cette ann\u00e9e ou elle s\u2019essaie \u00e0 l\u2019acrylique ; ses deux \u00e9l\u00e9ments favoris sont les reflets d\u2019eau de  soleil.<\/p>\n<p>Elle peint beaucoup de paysages ou d\u2019oiseaux.<\/p>\n<p>Elle expose aussi \u00e0 Buzet sur Tarn, L\u00e9ojac, Gaillac, Marssac, Labastide de L\u00e9vis, Viviers les Montagnes \u2026<\/p>\n<p style=\"text-align: justify;\">Amis de l\u2019art ou simples curieux, vacanciers ou r\u00e9sidents des environs ne manquez pas cette\u00a0 magnifique exposition visible \u00e0 l\u2019Office du Tourisme\u00a0 tout le mois de mai : Place des arcades Lisle sur Tarn   ; Marine                 Pont Neuf  Toulouse ;  Couchant sur l\u2019Etang de Thau ;              Pont du Gard ;    Pont Vieux \u00e0 Carcassonne ;       R\u00e9veil du Printemps ;  Sur le Canal de  Bourgogne                ; Oies du P\u00e9rigord ;  Moulin de Lautrec ;  Rue  de Lautrec ;                 Coquelicots ; Rocailles (acrylique).<\/p>\n<blockquote>\n<p style=\"text-align: justify;\"><strong>Artistes, venez exposer \u00e0 l\u2019Office de Tourisme.<\/strong> L\u2019exposition est renouvel\u00e9e tous les mois. Nous recherchons une exposition pour le mois de juin, mais aussi pour toute l\u2019ann\u00e9e 2014 afin de pouvoir \u00e9tablir un calendrier et assurer la meilleure promotion possible, notre objectif \u00e9tant d\u2019aider les artistes peintres.<\/p>\n<\/blockquote>\n<p><strong>Contact : <\/strong><a title=\"Cliquez pour ouvrir la fiche dans l'annuaire d'OPI\" href=\"https:\/\/www.o-p-i.fr\/aupays\/annuaire\/tourisme\/office-du-tourisme\/\">Office du Tourisme<\/a><\/p>\n<p><em>Communiqu\u00e9 de Robert Linas<\/em><\/p>\n","protected":false},"excerpt":{"rendered":"<div class=\"mh-excerpt\">Francine CAMELIN est Artiste peintre ; elle demeure \u00e0 Lisle sur Tarn . Elle expose ses \u0153uvres jusqu&rsquo;\u00e0 la fin du mois de mai \u00e0 l\u2019Office de tourisme de Monclar de Quercy, Place des Capitoul.\u00a0<\/div>\n","protected":false},"author":2,"featured_media":0,"comment_status":"open","ping_status":"open","sticky":false,"template":"","format":"standard","meta":{"om_disable_all_campaigns":false,"advanced_seo_description":"","jetpack_seo_html_title":"","jetpack_seo_noindex":false,"_jetpack_memberships_contains_paid_content":false,"footnotes":"","_links_to":"","_links_to_target":""},"categories":[51,2039,16,54],"tags":[143,172,178,200,987],"class_list":{"0":"post-21444","1":"post","2":"type-post","3":"status-publish","4":"format-standard","6":"category-artisanat","7":"category-n-98-mai-2014","8":"category-monclar","9":"category-loisirs","10":"tag-monclar-de-quercy","11":"tag-exposition","12":"tag-peinture","13":"tag-art","14":"tag-aquarelle"},"jetpack_featured_media_url":"","views":{"total":0,"cached_at":"","cached_date":1738528627},"jetpack_likes_enabled":true,"jetpack_sharing_enabled":true,"jetpack_shortlink":"https:\/\/wp.me\/pg7Wxj-5zS","jetpack-related-posts":[],"_links":{"self":[{"href":"https:\/\/www.o-p-i.fr\/parlonsen\/wp-json\/wp\/v2\/posts\/21444","targetHints":{"allow":["GET"]}}],"collection":[{"href":"https:\/\/www.o-p-i.fr\/parlonsen\/wp-json\/wp\/v2\/posts"}],"about":[{"href":"https:\/\/www.o-p-i.fr\/parlonsen\/wp-json\/wp\/v2\/types\/post"}],"author":[{"embeddable":true,"href":"https:\/\/www.o-p-i.fr\/parlonsen\/wp-json\/wp\/v2\/users\/2"}],"replies":[{"embeddable":true,"href":"https:\/\/www.o-p-i.fr\/parlonsen\/wp-json\/wp\/v2\/comments?post=21444"}],"version-history":[{"count":0,"href":"https:\/\/www.o-p-i.fr\/parlonsen\/wp-json\/wp\/v2\/posts\/21444\/revisions"}],"wp:attachment":[{"href":"https:\/\/www.o-p-i.fr\/parlonsen\/wp-json\/wp\/v2\/media?parent=21444"}],"wp:term":[{"taxonomy":"category","embeddable":true,"href":"https:\/\/www.o-p-i.fr\/parlonsen\/wp-json\/wp\/v2\/categories?post=21444"},{"taxonomy":"post_tag","embeddable":true,"href":"https:\/\/www.o-p-i.fr\/parlonsen\/wp-json\/wp\/v2\/tags?post=21444"}],"curies":[{"name":"wp","href":"https:\/\/api.w.org\/{rel}","templated":true}]}}