{"id":21455,"date":"2014-05-21T10:11:26","date_gmt":"2014-05-21T08:11:26","guid":{"rendered":"\/parlonsen\/?p=21455"},"modified":"2014-05-20T19:30:34","modified_gmt":"2014-05-20T17:30:34","slug":"belle-soiree-pour-les-belles-montees-a-saint-caprais-82","status":"publish","type":"post","link":"https:\/\/www.o-p-i.fr\/parlonsen\/localisation\/au-pays-des-tescous\/salvetat\/belle-soiree-pour-les-belles-montees-a-saint-caprais-82\/","title":{"rendered":"Belle soir\u00e9e pour les Belles Mont\u00e9es &#8230; \u00e0 Saint-Caprais (82)"},"content":{"rendered":"<p style=\"text-align: justify;\">La 2\u00e8me \u00e9dition des \u00ab\u00a0Belles Mont\u00e9es\u00a0\u00bb arrive dans 10 jours ! Si vous voulez go\u00fbter \u00e0 la paella, il est\u00a0 temps de r\u00e9server ! <!--more--><\/p>\n<figure style=\"width: 190px\" class=\"wp-caption alignright\"><a href=\"https:\/\/www.o-p-i.fr\/parlonsen\/localisation\/salvetat\/les-belles-montees-2014-arrivent-a-grands-pas-a-la-salvetat-velmontet-82\/\"><img data-recalc-dims=\"1\" loading=\"lazy\" decoding=\"async\" class=\"  \" title=\"Belles Mont\u00e9es 2014\" src=\"https:\/\/i0.wp.com\/www.o-p-i.fr\/parlonsen\/wp-content\/uploads\/bellesmontees2014.jpg?resize=190%2C269&#038;ssl=1\" alt=\"Belles Mont\u00e9es 2014\" width=\"190\" height=\"269\" \/><\/a><figcaption class=\"wp-caption-text\">Cliquez sur l&#39;image pour acc\u00e9der au programme !<\/figcaption><\/figure>\n<p>L\u2019association La Belle Mont\u00e9e vous propose une soir\u00e9e pa\u00eblla le <strong>Samedi 31 mai 2014 <\/strong>\u00e0 20 heures \u00e0 la salle des f\u00eates de Saint-Caprais, repas au profit de la recherche contre la Maladie de Charcot.<\/p>\n<p><strong>Au menu :<\/strong><\/p>\n<p>Salade compos\u00e9e \/ Paella \/ Fromage \/ P\u00e2tisserie<br \/>\nAp\u00e9ritif, caf\u00e9 et vin compris<\/p>\n<p>A la suite du repas : soir\u00e9e dansante<\/p>\n<p><strong>Tarifs : <\/strong><br \/>\nAdultes : 20 \u20ac<br \/>\nEnfants (- de 14 ans) : 10 \u20ac<\/p>\n<p>R\u00e9servation <span style=\"text-decoration: underline;\">avant le 23 mai 2014<\/span>. R\u00e8glement sur place \u00e0 la salle des f\u00eates.<\/p>\n<p><strong>Contact : <\/strong><br \/>\nT\u00e9l. : 05.63.30.34.16 ou 05.63.30.37.58<br \/>\nCourriel : <a href=\"mailto:jean-marc.sangla@orange.fr\">jean-marc.sangla@orange.fr<\/a><\/p>\n<p><em>Communiqu\u00e9 de Jean-Marc SANGLA<\/em><\/p>\n","protected":false},"excerpt":{"rendered":"<div class=\"mh-excerpt\">La 2\u00e8me \u00e9dition des \u00ab\u00a0Belles Mont\u00e9es\u00a0\u00bb arrive dans 10 jours ! Si vous voulez go\u00fbter \u00e0 la paella, il est\u00a0 temps de r\u00e9server !<\/div>\n","protected":false},"author":2,"featured_media":0,"comment_status":"open","ping_status":"open","sticky":false,"template":"","format":"standard","meta":{"om_disable_all_campaigns":false,"advanced_seo_description":"","jetpack_seo_html_title":"","jetpack_seo_noindex":false,"_jetpack_memberships_contains_paid_content":false,"footnotes":"","_links_to":"","_links_to_target":""},"categories":[34,2039,54,291],"tags":[156,157,2571,596],"class_list":{"0":"post-21455","1":"post","2":"type-post","3":"status-publish","4":"format-standard","6":"category-salvetat","7":"category-n-98-mai-2014","8":"category-loisirs","9":"category-solidarite","10":"tag-bal","11":"tag-repas","12":"tag-solidarite","13":"tag-saint-caprais"},"jetpack_featured_media_url":"","views":{"total":0,"cached_at":"","cached_date":1738528640},"jetpack_likes_enabled":true,"jetpack_sharing_enabled":true,"jetpack_shortlink":"https:\/\/wp.me\/pg7Wxj-5A3","jetpack-related-posts":[],"_links":{"self":[{"href":"https:\/\/www.o-p-i.fr\/parlonsen\/wp-json\/wp\/v2\/posts\/21455","targetHints":{"allow":["GET"]}}],"collection":[{"href":"https:\/\/www.o-p-i.fr\/parlonsen\/wp-json\/wp\/v2\/posts"}],"about":[{"href":"https:\/\/www.o-p-i.fr\/parlonsen\/wp-json\/wp\/v2\/types\/post"}],"author":[{"embeddable":true,"href":"https:\/\/www.o-p-i.fr\/parlonsen\/wp-json\/wp\/v2\/users\/2"}],"replies":[{"embeddable":true,"href":"https:\/\/www.o-p-i.fr\/parlonsen\/wp-json\/wp\/v2\/comments?post=21455"}],"version-history":[{"count":0,"href":"https:\/\/www.o-p-i.fr\/parlonsen\/wp-json\/wp\/v2\/posts\/21455\/revisions"}],"wp:attachment":[{"href":"https:\/\/www.o-p-i.fr\/parlonsen\/wp-json\/wp\/v2\/media?parent=21455"}],"wp:term":[{"taxonomy":"category","embeddable":true,"href":"https:\/\/www.o-p-i.fr\/parlonsen\/wp-json\/wp\/v2\/categories?post=21455"},{"taxonomy":"post_tag","embeddable":true,"href":"https:\/\/www.o-p-i.fr\/parlonsen\/wp-json\/wp\/v2\/tags?post=21455"}],"curies":[{"name":"wp","href":"https:\/\/api.w.org\/{rel}","templated":true}]}}