{"id":21584,"date":"2014-06-04T10:25:11","date_gmt":"2014-06-04T08:25:11","guid":{"rendered":"\/parlonsen\/?p=21584"},"modified":"2014-06-03T11:06:42","modified_gmt":"2014-06-03T09:06:42","slug":"arts-de-la-rue-a-graulhet-81","status":"publish","type":"post","link":"https:\/\/www.o-p-i.fr\/parlonsen\/localisation\/a-cote-de-chez-nous\/arts-de-la-rue-a-graulhet-81\/","title":{"rendered":"Arts de la Rue &#8230; \u00e0 Graulhet (81)"},"content":{"rendered":"<p style=\"text-align: justify;\">Rues d\u2019Et\u00e9 2014, Arts de la Rue \u00e0 Graulhet,<strong> les 11, 12 et 13 juillet 201<\/strong>4. Un festival gratuit, convivial, familial et citoyen, un rendez-vous festif incontournable au c\u0153ur du Tarn. <!--more--><\/p>\n<figure id=\"attachment_21585\" aria-describedby=\"caption-attachment-21585\" style=\"width: 211px\" class=\"wp-caption alignright\"><a href=\"https:\/\/i0.wp.com\/www.o-p-i.fr\/parlonsen\/wp-content\/uploads\/stageaccroruesdete2014.jpg?ssl=1\"><img data-recalc-dims=\"1\" loading=\"lazy\" decoding=\"async\" class=\"size-medium wp-image-21585\" title=\"Stages d'initiation \u00e0 l'acrobatie\" src=\"https:\/\/i0.wp.com\/www.o-p-i.fr\/parlonsen\/wp-content\/uploads\/stageaccroruesdete2014.jpg?resize=211%2C300&#038;ssl=1\" alt=\"Stages d'initiation \u00e0 l'acrobatie\" width=\"211\" height=\"300\" srcset=\"https:\/\/i0.wp.com\/www.o-p-i.fr\/parlonsen\/wp-content\/uploads\/stageaccroruesdete2014.jpg?resize=211%2C300&amp;ssl=1 211w, https:\/\/i0.wp.com\/www.o-p-i.fr\/parlonsen\/wp-content\/uploads\/stageaccroruesdete2014.jpg?w=500&amp;ssl=1 500w\" sizes=\"auto, (max-width: 211px) 100vw, 211px\" \/><\/a><figcaption id=\"caption-attachment-21585\" class=\"wp-caption-text\">Stages d&#39;initiation \u00e0 l&#39;acrobatie<\/figcaption><\/figure>\n<p style=\"text-align: justify;\">\u00ab RUES D\u2019\u00c9T\u00c9\u00bb &#8230; a 6 ans d&rsquo;existence et d&rsquo;exp\u00e9rience et ce festival des Arts de la Rue s&rsquo;est enrichi.<br \/>\nCe sont ainsi des dizaines de compagnies qui investissent la ville de Graulhet : 29 compagnies pour 37 repr\u00e9sentations !<br \/>\nDes spectacles gratuits pour tous, plus r\u00e9jouissants les uns que les autres&#8230; qui investissent Place du Jourdain, Le Grandgousier, Place du Val d&rsquo;Amour, Place du Ch\u00e2teau et la cit\u00e9 historique &#8230; et une exposition au Cin\u00e9ma Vertigo<br \/>\nQu&rsquo;il s&rsquo;agisse de repr\u00e9sentations th\u00e9\u00e2trales, musicales, chor\u00e9graphiques ou circassiennes, la finalit\u00e9 est toujours la m\u00eame : vous r\u00e9jouir et vous faire r\u00eaver !<br \/>\nLa programmation est pr\u00e9vue, avec toujours des artistes de grande qualit\u00e9. Avec encore plus d&rsquo;animations, un espace pour les enfants, des fanfares festives, des performances \u00e9tonnantes, du rire, des beaux textes ,des curiosit\u00e9s &#8230; Tout y est pour enthousiasmer le public.<br \/>\nCIRQUE \u2013 DANSE \u2013 TH\u00c9\u00c2TRE \u2013 MARIONNETTES &#8211; FANFARES -PYROTECHNIE \u2013 CONCERTS \u2013 ANIMATIONS ARTISTIQUES et CITOYENNES &#8230; et Of<\/p>\n<p style=\"text-align: justify;\">Programme en amont du Festival<br \/>\n<strong>\u2022 du 8 au 10 juillet :<\/strong> Stages d\u2019Initiation aux mouvements acrobatiques (acrobatie, Hip Hop, Capoeira) anim\u00e9 par Thomas Bodinier (prof au Lido et artiste de la Cie Singuli\u00e8re).<br \/>\nEnfants de 10 \u00e0 14 ans : 10 \u20ac \/ Adultes et plus de 16 ans : 50 \u20ac \/ lieu : Graulhet, Renseignements et inscriptions : 06 11 82 27 31<br \/>\n<strong>\u2022 du lundi 30 juin au vendredi 18 juillet :<\/strong> Exposition \u00ab Regards de Photographes sur le Festival Rues d&rsquo;Et\u00e9 \u00bb : une s\u00e9lection de photos de Jean Mazelier et Serge Simon. Hall du Conseil G\u00e9n\u00e9ral (Albi) en partenariat avec la \u00ab mission photographie \u00bb du Conseil G\u00e9n\u00e9ral du Tarn.<br \/>\n<strong>\u2022 Dimanche 6 juillet \u00e0 18h : <\/strong>\u00ab Soir\u00e9e Rues d\u2019\u00c9t\u00e9 \u00bb au Cin\u00e9ma Le Vertigo \u00e0 Graulhet avec :<br \/>\n&#8211; Une projection du documentaire \u00ab\u00a0Roman\u00e8s\u00a0\u00bb de Jacques Deschamps sur un cirque tzigane nomade,<br \/>\n&#8211; Une pr\u00e9sentation de la 6\u00e8me \u00e9dition de Rues d&rsquo;\u00e9t\u00e9 2014 et de la premi\u00e8re \u00e9dition du Livre Rues d\u2019\u00c9t\u00e9,<br \/>\n&#8211; Une exposition de photos sur le festival,<br \/>\n&#8211; Le spectacle \u00ab Chroniqueurs d&rsquo;Histoires \u00e0 Croire \u00bb de la Cie Tape \u00e0 l\u2019\u0153il.<\/p>\n<p style=\"text-align: justify;\"><strong>Contact : <\/strong>Association Rues d\u2019Et\u00e9<br \/>\n29, avenue Amiral Jaur\u00e8s<br \/>\n81300 Graulhet<br \/>\nT\u00e9l. : 06 46 58 04 66<br \/>\nCourriel :\u00a0 <a href=\"mailto:ruesdete@gmail.com\">ruesdete@gmail.com<\/a><\/p>\n<p style=\"text-align: justify;\"><em>Communiqu\u00e9\u00a0 d&rsquo; ALL, Communication pour Rues d\u2019Et\u00e9 2014 <\/em><\/p>\n","protected":false},"excerpt":{"rendered":"<div class=\"mh-excerpt\">Rues d\u2019Et\u00e9 2014, Arts de la Rue \u00e0 Graulhet, les 11, 12 et 13 juillet 2014. Un festival gratuit, convivial, familial et citoyen, un rendez-vous festif incontournable au c\u0153ur du Tarn.<\/div>\n","protected":false},"author":2,"featured_media":0,"comment_status":"open","ping_status":"open","sticky":false,"template":"","format":"standard","meta":{"om_disable_all_campaigns":false,"advanced_seo_description":"","jetpack_seo_html_title":"","jetpack_seo_noindex":false,"_jetpack_memberships_contains_paid_content":false,"footnotes":"","_links_to":"","_links_to_target":""},"categories":[42,603,54,53,2054],"tags":[1746,1872,195,200,323,420,890,973],"class_list":{"0":"post-21584","1":"post","2":"type-post","3":"status-publish","4":"format-standard","6":"category-a-cote-de-chez-nous","7":"category-vive-lete","8":"category-loisirs","9":"category-sports","10":"category-n-100-juillet-2014","11":"tag-festival-rues-dete","12":"tag-animation-de-rue","13":"tag-stage","14":"tag-art","15":"tag-enfant","16":"tag-graulhet","17":"tag-arts-de-la-rue","18":"tag-rue-dete"},"jetpack_featured_media_url":"","views":{"total":0,"cached_at":"","cached_date":1738528360},"jetpack_likes_enabled":true,"jetpack_sharing_enabled":true,"jetpack_shortlink":"https:\/\/wp.me\/pg7Wxj-5C8","jetpack-related-posts":[],"_links":{"self":[{"href":"https:\/\/www.o-p-i.fr\/parlonsen\/wp-json\/wp\/v2\/posts\/21584","targetHints":{"allow":["GET"]}}],"collection":[{"href":"https:\/\/www.o-p-i.fr\/parlonsen\/wp-json\/wp\/v2\/posts"}],"about":[{"href":"https:\/\/www.o-p-i.fr\/parlonsen\/wp-json\/wp\/v2\/types\/post"}],"author":[{"embeddable":true,"href":"https:\/\/www.o-p-i.fr\/parlonsen\/wp-json\/wp\/v2\/users\/2"}],"replies":[{"embeddable":true,"href":"https:\/\/www.o-p-i.fr\/parlonsen\/wp-json\/wp\/v2\/comments?post=21584"}],"version-history":[{"count":0,"href":"https:\/\/www.o-p-i.fr\/parlonsen\/wp-json\/wp\/v2\/posts\/21584\/revisions"}],"wp:attachment":[{"href":"https:\/\/www.o-p-i.fr\/parlonsen\/wp-json\/wp\/v2\/media?parent=21584"}],"wp:term":[{"taxonomy":"category","embeddable":true,"href":"https:\/\/www.o-p-i.fr\/parlonsen\/wp-json\/wp\/v2\/categories?post=21584"},{"taxonomy":"post_tag","embeddable":true,"href":"https:\/\/www.o-p-i.fr\/parlonsen\/wp-json\/wp\/v2\/tags?post=21584"}],"curies":[{"name":"wp","href":"https:\/\/api.w.org\/{rel}","templated":true}]}}