{"id":21628,"date":"2014-06-09T11:03:12","date_gmt":"2014-06-09T09:03:12","guid":{"rendered":"\/parlonsen\/?p=21628"},"modified":"2014-06-04T16:47:28","modified_gmt":"2014-06-04T14:47:28","slug":"stage-dessin-peinture-a-montgailllard-81","status":"publish","type":"post","link":"https:\/\/www.o-p-i.fr\/parlonsen\/parlons-en\/culture\/stage-dessin-peinture-a-montgailllard-81\/","title":{"rendered":"Stage Dessin-Peinture  &#8230; \u00e0 Montgailllard (81)"},"content":{"rendered":"<p style=\"text-align: justify;\">L&rsquo;association \u00ab <a title=\"Cliquez pour ouvrir la fiche dans l'annuaire\" href=\"https:\/\/www.o-p-i.fr\/aupays\/annuaire\/loisirs\/latelier-des-orchidees\/\" target=\"_blank\">l&rsquo;atelier des orchid\u00e9es<\/a> \u00bb  propose un stage de dessin et peinture dans le Tarn<strong> <\/strong><strong>du lundi 28 juillet au vendredi 1er ao\u00fbt 2014.<\/strong><!--more--><\/p>\n<figure id=\"attachment_21629\" aria-describedby=\"caption-attachment-21629\" style=\"width: 207px\" class=\"wp-caption alignright\"><a href=\"https:\/\/i0.wp.com\/www.o-p-i.fr\/parlonsen\/wp-content\/uploads\/affiche_tarn_villette.jpg?ssl=1\"><img data-recalc-dims=\"1\" loading=\"lazy\" decoding=\"async\" class=\"size-medium wp-image-21629\" title=\"Atelier Dessin Peinture \u00e0 Villette - Montgaillard (81)\" src=\"https:\/\/i0.wp.com\/www.o-p-i.fr\/parlonsen\/wp-content\/uploads\/affiche_tarn_villette.jpg?resize=207%2C300&#038;ssl=1\" alt=\"Atelier Dessin Peinture \u00e0 Villette - Montgaillard (81)\" width=\"207\" height=\"300\" srcset=\"https:\/\/i0.wp.com\/www.o-p-i.fr\/parlonsen\/wp-content\/uploads\/affiche_tarn_villette.jpg?resize=207%2C300&amp;ssl=1 207w, https:\/\/i0.wp.com\/www.o-p-i.fr\/parlonsen\/wp-content\/uploads\/affiche_tarn_villette.jpg?w=400&amp;ssl=1 400w\" sizes=\"auto, (max-width: 207px) 100vw, 207px\" \/><\/a><figcaption id=\"caption-attachment-21629\" class=\"wp-caption-text\">Atelier Dessin Peinture \u00e0 Villette - Montgaillard (81)<\/figcaption><\/figure>\n<p style=\"text-align: justify;\">Les cours sont donn\u00e9s par Agn\u00e8s Cascal\u00e8s, dipl\u00f4m\u00e9e de l&rsquo;\u00e9cole des Beaux-Arts de Montpellier et ayant 25 ans d&rsquo;enseignement \u00e0 son actif. Le stage se d\u00e9roulera au hameau de Villette, dans cette r\u00e9gion tr\u00e8s  vallonn\u00e9e que l&rsquo;on appelle \u00ab les coteaux \u00bb. Au flanc de ces collines, en  \u00e9t\u00e9, les champs de bl\u00e9, de tournesols, de chanvre et de sorgho rythment  un paysage color\u00e9 et changeant au fil des floraisons, fructifications  et r\u00e9coltes. Les lignes rondes et douces du relief et les couleurs vives des champs,  ponctu\u00e9es par endroits de clochers, de moulins ou de pigeonniers  typiques inspirent des images \u00e9mouvantes et gaies.<\/p>\n<p style=\"text-align: justify;\"><strong>Programme du stage :<\/strong><br \/>\nLe matin, de 9h \u00e0 12h, quand il fait encore frais et qu&rsquo;il y a la belle lumi\u00e8re du matin, dessin sur le motif. Nous nous impr\u00e8gnerons de la beaut\u00e9 paisible des lieux et nous changerons de point de vue assez souvent pour stimuler l&rsquo;imagination, exercer le regard et amplifier le potentiel cr\u00e9atif de chacun.<br \/>\nL&rsquo;apr\u00e8s-midi, de 15h \u00e0 17h, travail en atelier. L\u00e0 nous commencerons par regarder les productions du matin, regard bienveillant et qui permet un \u00e9change sur les proc\u00e9d\u00e9s utilis\u00e9s et les intentions.<br \/>\nPuis une s\u00e9ance de dessin sur le motif pour profiter de la lumi\u00e8re du couchant.<br \/>\nL&rsquo;enseignement est adapt\u00e9 \u00e0 chacun, d\u00e9butant ou confirm\u00e9. Des conseils techniques peuvent \u00eatre donn\u00e9s, conseils relatifs au cadrage, au rendu des volumes, \u00e0 l&rsquo;utilisation de la couleur mais dans le respect de la personnalit\u00e9 et de la cr\u00e9ativit\u00e9 des stagiaires.<\/p>\n<p><strong>Dates :<br \/>\n<\/strong>du lundi 28 juillet au vendredi 1er ao\u00fbt<br \/>\n(arriv\u00e9e sur les lieux le dimanche 27 juillet et d\u00e9part le samedi 2 ao\u00fbt).<\/p>\n<p><strong>Pour y aller &#8230;<\/strong><br \/>\nLe hameau de Villette est situ\u00e9 dans le d\u00e9partement du Tarn, r\u00e9gion Midi-Pyr\u00e9n\u00e9es. Il se trouve \u00e0 80 kms environ au nord de Toulouse, entre Gaillac et Montauban. La gare la plus proche se trouve \u00e0 Rabastens, \u00e0 15 kms.<br \/>\nNous serons accueillis dans une ancienne ferme restaur\u00e9e aux murs de pierre, de briques et de pis\u00e9.<\/p>\n<p><strong>Tarif :<\/strong><br \/>\n250 euros la semaine.<br \/>\nCe prix comprend les cours, l&rsquo;h\u00e9bergement ( six nuits, confort rustique) et la nourriture.<\/p>\n<p><strong>Mat\u00e9riel :<\/strong><br \/>\nIl est variable en fonction des techniques que vous utilisez habituellement ou auxquelles vous souhaitez vous initier. Voici une liste minimum :<br \/>\n&#8211; un carnet de croquis ( 90 gr et au moins format A4)<br \/>\n&#8211; 2 ou 3 crayons gras pour les esquisses<br \/>\n&#8211; un carnet de papier plus \u00e9pais (300 gr, format A3 ) pour la peinture et l&rsquo;aquarelle<br \/>\n&#8211; quelques pinceaux<\/p>\n<p><strong>Contact :<\/strong> <a title=\"Cliquez pour ouvrir la fiche dans l'annuaire\" href=\"https:\/\/www.o-p-i.fr\/aupays\/annuaire\/loisirs\/latelier-des-orchidees\/\">L&rsquo;Atelier des Orchid\u00e9es<\/a><\/p>\n<p><em>Communiqu\u00e9 par Marie Jo MONTABRUT<\/em><\/p>\n","protected":false},"excerpt":{"rendered":"<div class=\"mh-excerpt\">L&rsquo;association \u00ab l&rsquo;atelier des orchid\u00e9es \u00bb propose un stage de dessin et peinture dans le Tarn du lundi 28 juillet au vendredi 1er ao\u00fbt 2014.<\/div>\n","protected":false},"author":2,"featured_media":0,"comment_status":"open","ping_status":"open","sticky":false,"template":"","format":"standard","meta":{"om_disable_all_campaigns":false,"advanced_seo_description":"","jetpack_seo_html_title":"","jetpack_seo_noindex":false,"_jetpack_memberships_contains_paid_content":false,"footnotes":"","_links_to":"","_links_to_target":""},"categories":[1,603,725,54,31,2054,2055],"tags":[178,195,2554,554],"class_list":{"0":"post-21628","1":"post","2":"type-post","3":"status-publish","4":"format-standard","6":"category-culture","7":"category-vive-lete","8":"category-formation-parlons-en","9":"category-loisirs","10":"category-montgaillard","11":"category-n-100-juillet-2014","12":"category-n-101-aout-2014","13":"tag-peinture","14":"tag-stage","15":"tag-montgaillard","16":"tag-dessin"},"jetpack_featured_media_url":"","views":{"total":0,"cached_at":"","cached_date":1738528317},"jetpack_likes_enabled":true,"jetpack_sharing_enabled":true,"jetpack_shortlink":"https:\/\/wp.me\/pg7Wxj-5CQ","jetpack-related-posts":[],"_links":{"self":[{"href":"https:\/\/www.o-p-i.fr\/parlonsen\/wp-json\/wp\/v2\/posts\/21628","targetHints":{"allow":["GET"]}}],"collection":[{"href":"https:\/\/www.o-p-i.fr\/parlonsen\/wp-json\/wp\/v2\/posts"}],"about":[{"href":"https:\/\/www.o-p-i.fr\/parlonsen\/wp-json\/wp\/v2\/types\/post"}],"author":[{"embeddable":true,"href":"https:\/\/www.o-p-i.fr\/parlonsen\/wp-json\/wp\/v2\/users\/2"}],"replies":[{"embeddable":true,"href":"https:\/\/www.o-p-i.fr\/parlonsen\/wp-json\/wp\/v2\/comments?post=21628"}],"version-history":[{"count":0,"href":"https:\/\/www.o-p-i.fr\/parlonsen\/wp-json\/wp\/v2\/posts\/21628\/revisions"}],"wp:attachment":[{"href":"https:\/\/www.o-p-i.fr\/parlonsen\/wp-json\/wp\/v2\/media?parent=21628"}],"wp:term":[{"taxonomy":"category","embeddable":true,"href":"https:\/\/www.o-p-i.fr\/parlonsen\/wp-json\/wp\/v2\/categories?post=21628"},{"taxonomy":"post_tag","embeddable":true,"href":"https:\/\/www.o-p-i.fr\/parlonsen\/wp-json\/wp\/v2\/tags?post=21628"}],"curies":[{"name":"wp","href":"https:\/\/api.w.org\/{rel}","templated":true}]}}